{"id":255789,"date":"2026-04-17T14:12:00","date_gmt":"2026-04-17T19:12:00","guid":{"rendered":"http:\/\/vertienteglobal.com\/?p=255789"},"modified":"2026-04-20T20:26:33","modified_gmt":"2026-04-21T01:26:33","slug":"madonna-pondra-a-bailar-con-nuevo-disco-confessions-on-a-dance-floor-ii","status":"publish","type":"post","link":"http:\/\/vertienteglobal.com\/?p=255789","title":{"rendered":"Madonna pondr\u00e1 a bailar con nuevo disco &#8216;Confessions On a Dance Floor II&#8217;"},"content":{"rendered":"\n<div class=\"twitterbutton\" style=\"float: right; padding-left: 5px;\"><a href=\"http:\/\/twitter.com\/share\" class=\"twitter-share-button\" data-count=\"horizontal\" data-text=\"Madonna pondr\u00e1 a bailar con nuevo disco &#8216;Confessions On a Dance Floor II&...\" data-via=\"https:\/\/twitter.com\/VertienteGloba1\" data-url=\"http:\/\/vertienteglobal.com\/?p=255789\" data-lang=\"es\" data-related=\"Informaci\u00f3n general:S\u00edguenos para que est\u00e9ss informado\"><\/a><\/div>\n<figure class=\"wp-block-image size-full\"><img loading=\"lazy\" decoding=\"async\" width=\"1024\" height=\"683\" src=\"http:\/\/vertienteglobal.com\/wp-content\/uploads\/2026\/04\/1001170213.webp\" alt=\"\" class=\"wp-image-255790\" srcset=\"http:\/\/vertienteglobal.com\/wp-content\/uploads\/2026\/04\/1001170213.webp 1024w, http:\/\/vertienteglobal.com\/wp-content\/uploads\/2026\/04\/1001170213-300x200.webp 300w, http:\/\/vertienteglobal.com\/wp-content\/uploads\/2026\/04\/1001170213-150x100.webp 150w, http:\/\/vertienteglobal.com\/wp-content\/uploads\/2026\/04\/1001170213-768x512.webp 768w\" sizes=\"auto, (max-width: 1024px) 100vw, 1024px\" \/><\/figure>\n\n\n\n<p>(Redacci\u00f3n)<\/p>\n\n\n\n<p>Casi veinte a\u00f1os despu\u00e9s, Madonna vuelve a grabar con Warner<\/p>\n\n\n\n<p>Ciudad de M\u00e9xico, 17 de abril de 2026.- La cantante del Pop, Madonna anunci\u00f3 el mi\u00e9rcoles que lanzar\u00e1 el pr\u00f3ximo 3 de julio su nuevo y esperado \u00e1lbum, &#8216;Confessions On a Dance Floor. Part II&#8217;, continuaci\u00f3n de su disco de 2005 y que supone su regreso a Warner y a la m\u00fasica de \u00abpista de baile\u00bb.<\/p>\n\n\n\n<p>El martes, la cantante borr\u00f3 todos los mensajes de su cuenta de Instagram y puso como foto de perfil una imagen suya, borrosa, con la frase &#8216;Time goes by so slowly\u2026&#8217;, uno de los versos de la canci\u00f3n &#8216;Hung Up&#8217;, del primer &#8216;Confessions&#8217;.<\/p>\n\n\n\n<p>Esa publicaci\u00f3n desat\u00f3 los rumores en redes sociales ante lo que parec\u00eda un movimiento previo a un anuncio importante, y as\u00ed fue.<\/p>\n\n\n\n<p>Casi veinte a\u00f1os despu\u00e9s, Madonna vuelve a grabar con Warner, con el que lanzar\u00e1 este nuevo \u00e1lbum, del que ya dijo que es un \u00abregreso a la pista de baile\u00bb.(Fuente: EFE\/XEVA<\/p>\n\n\n\n<figure class=\"wp-block-embed is-type-rich is-provider-twitter wp-block-embed-twitter\"><div class=\"wp-block-embed__wrapper\">\n<div class=\"oceanwp-oembed-wrap clr\"><div class=\"embed-twitter\"><blockquote class=\"twitter-tweet\" data-width=\"550\" data-dnt=\"true\"><p lang=\"en\" dir=\"ltr\">First teaser for \u2018CONFESSIONS II\u2019 by Madonna.  <a href=\"https:\/\/t.co\/ti3aFu6DBI\">pic.twitter.com\/ti3aFu6DBI<\/a><\/p>&mdash; Pop Crave (@PopCrave) <a href=\"https:\/\/twitter.com\/PopCrave\/status\/2044415073662169355?ref_src=twsrc%5Etfw\">April 15, 2026<\/a><\/blockquote><script async src=\"https:\/\/platform.twitter.com\/widgets.js\" charset=\"utf-8\"><\/script><\/div><\/div>\n<\/div><\/figure>\n\n\n\n<p><a href=\"https:\/\/x.com\/i\/status\/2045443917915783406\">https:\/\/x.com\/i\/status\/2045443917915783406<\/a><\/p>\n\n\n\n<p><\/p>\n","protected":false},"excerpt":{"rendered":"<p>(Redacci\u00f3n) Casi veinte a\u00f1os despu\u00e9s, Madonna vuelve a grabar con Warner Ciudad de M\u00e9xico, 17 de abril de 2026.- La cantante del Pop, Madonna anunci\u00f3 el mi\u00e9rcoles que lanzar\u00e1 el pr\u00f3ximo 3 de julio su nuevo y esperado \u00e1lbum, &#8216;Confessions On a Dance Floor. Part II&#8217;, continuaci\u00f3n de su disco de 2005 y que supone [&hellip;]<\/p>\n","protected":false},"author":6,"featured_media":255790,"comment_status":"open","ping_status":"open","sticky":false,"template":"","format":"standard","meta":{"footnotes":""},"categories":[10],"tags":[],"class_list":["post-255789","post","type-post","status-publish","format-standard","has-post-thumbnail","hentry","category-espectaculos","entry","has-media"],"jetpack_featured_media_url":"http:\/\/vertienteglobal.com\/wp-content\/uploads\/2026\/04\/1001170213.webp","_links":{"self":[{"href":"http:\/\/vertienteglobal.com\/index.php?rest_route=\/wp\/v2\/posts\/255789","targetHints":{"allow":["GET"]}}],"collection":[{"href":"http:\/\/vertienteglobal.com\/index.php?rest_route=\/wp\/v2\/posts"}],"about":[{"href":"http:\/\/vertienteglobal.com\/index.php?rest_route=\/wp\/v2\/types\/post"}],"author":[{"embeddable":true,"href":"http:\/\/vertienteglobal.com\/index.php?rest_route=\/wp\/v2\/users\/6"}],"replies":[{"embeddable":true,"href":"http:\/\/vertienteglobal.com\/index.php?rest_route=%2Fwp%2Fv2%2Fcomments&post=255789"}],"version-history":[{"count":1,"href":"http:\/\/vertienteglobal.com\/index.php?rest_route=\/wp\/v2\/posts\/255789\/revisions"}],"predecessor-version":[{"id":255791,"href":"http:\/\/vertienteglobal.com\/index.php?rest_route=\/wp\/v2\/posts\/255789\/revisions\/255791"}],"wp:featuredmedia":[{"embeddable":true,"href":"http:\/\/vertienteglobal.com\/index.php?rest_route=\/wp\/v2\/media\/255790"}],"wp:attachment":[{"href":"http:\/\/vertienteglobal.com\/index.php?rest_route=%2Fwp%2Fv2%2Fmedia&parent=255789"}],"wp:term":[{"taxonomy":"category","embeddable":true,"href":"http:\/\/vertienteglobal.com\/index.php?rest_route=%2Fwp%2Fv2%2Fcategories&post=255789"},{"taxonomy":"post_tag","embeddable":true,"href":"http:\/\/vertienteglobal.com\/index.php?rest_route=%2Fwp%2Fv2%2Ftags&post=255789"}],"curies":[{"name":"wp","href":"https:\/\/api.w.org\/{rel}","templated":true}]}}