{"id":255776,"date":"2026-04-18T12:51:00","date_gmt":"2026-04-18T17:51:00","guid":{"rendered":"http:\/\/vertienteglobal.com\/?p=255776"},"modified":"2026-04-19T06:00:47","modified_gmt":"2026-04-19T11:00:47","slug":"una-gran-noticia-que-mexico-sea-sede-de-la-reunion-en-defensa-de-la-democracia-pedro-sanchez","status":"publish","type":"post","link":"http:\/\/vertienteglobal.com\/?p=255776","title":{"rendered":"Una gran noticia, que M\u00e9xico sea sede de la reuni\u00f3n &#8216;En Defensa de la Democracia&#8217;: Pedro S\u00e1nchez"},"content":{"rendered":"\n<div class=\"twitterbutton\" style=\"float: right; padding-left: 5px;\"><a href=\"http:\/\/twitter.com\/share\" class=\"twitter-share-button\" data-count=\"horizontal\" data-text=\"Una gran noticia, que M\u00e9xico sea sede de la reuni\u00f3n &#8216;En Defensa de la De...\" data-via=\"https:\/\/twitter.com\/VertienteGloba1\" data-url=\"http:\/\/vertienteglobal.com\/?p=255776\" data-lang=\"es\" data-related=\"Informaci\u00f3n general:S\u00edguenos para que est\u00e9ss informado\"><\/a><\/div>\n<figure class=\"wp-block-image size-full\"><img loading=\"lazy\" decoding=\"async\" width=\"1024\" height=\"636\" src=\"http:\/\/vertienteglobal.com\/wp-content\/uploads\/2026\/04\/1001170208.webp\" alt=\"\" class=\"wp-image-255777\" srcset=\"http:\/\/vertienteglobal.com\/wp-content\/uploads\/2026\/04\/1001170208.webp 1024w, http:\/\/vertienteglobal.com\/wp-content\/uploads\/2026\/04\/1001170208-300x186.webp 300w, http:\/\/vertienteglobal.com\/wp-content\/uploads\/2026\/04\/1001170208-150x93.webp 150w, http:\/\/vertienteglobal.com\/wp-content\/uploads\/2026\/04\/1001170208-768x477.webp 768w\" sizes=\"auto, (max-width: 1024px) 100vw, 1024px\" \/><\/figure>\n\n\n\n<p>(Redacci\u00f3n)<\/p>\n\n\n\n<p>El mandatario espa\u00f1ol escribi\u00f3: \u00abHe conversado con la presidenta Claudia Sheinbaum sobre la situaci\u00f3n global y la clave de avanzar en las relaciones Uni\u00f3n Europea- M\u00e9xico<\/p>\n\n\n\n<p>Barcelona, Espa\u00f1a, 18 de abril de 2026.-\u00abEs una gran noticia que M\u00e9xico vaya a albergar la pr\u00f3xima reuni\u00f3n En Defensa de la Democracia\u00bb, afirm\u00f3 el presidente del gobierno espa\u00f1ol Pedro S\u00e1nchez, tras sostener un encuentro con su homologa mexicana Claudia Sheinbaum en Barcelona, durante la IV Cumbre en Defensa de la Democracia.<\/p>\n\n\n\n<p>A trav\u00e9s de sus redes sociales, el mandatario espa\u00f1ol escribi\u00f3: \u00abHe conversado con la presidenta Claudia Sheinbaum sobre la situaci\u00f3n global y la clave de avanzar en las relaciones Uni\u00f3n Europea- M\u00e9xico. Compartimos una gran sinton\u00eda sobre c\u00f3mo continuar estrechando nuestros tan especiales lazos culturales, econ\u00f3micos y sociales\u00bb.<\/p>\n\n\n\n<p>Y es que seg\u00fan fuentes del Palacio de la Monclova, sede de la Presidencia de Espa\u00f1a, S\u00e1nchez reconoci\u00f3 el primer viaje de Sheinbaum Pardo a Europa desde que asumi\u00f3 su mandato en octubre de 2024 y se mostr\u00f3 en su misma sinton\u00eda manifestando que el gobierno de Espa\u00f1a niega que haya existido crisis diplom\u00e1tica con M\u00e9xico.<\/p>\n\n\n\n<p>S\u00e1nchez confirm\u00f3 que el encuentro dur\u00f3 m\u00e1s de media hora con Sheinbaum Pardo.<br>Esta es la primera visita de un jefe de Estado mexicano a Espa\u00f1a en ocho a\u00f1os<br>La \u00faltima visita de un presidente de M\u00e9xico a Espa\u00f1a fue la de Enrique Pe\u00f1a Nieto en el a\u00f1o 2018.<\/p>\n\n\n\n<figure class=\"wp-block-embed is-type-rich is-provider-twitter wp-block-embed-twitter\"><div class=\"wp-block-embed__wrapper\">\n<div class=\"oceanwp-oembed-wrap clr\"><div class=\"embed-twitter\"><blockquote class=\"twitter-tweet\" data-width=\"550\" data-dnt=\"true\"><p lang=\"es\" dir=\"ltr\">He conversado con la presidenta <a href=\"https:\/\/twitter.com\/Claudiashein?ref_src=twsrc%5Etfw\">@Claudiashein<\/a> sobre la situaci\u00f3n global y la clave de avanzar en las relaciones UE &#8211; M\u00e9xico.<br><br>Compartimos una gran sinton\u00eda sobre c\u00f3mo continuar estrechando nuestros tan especiales lazos culturales, econ\u00f3micos y sociales.<br><br>Es una gran noticia que\u2026 <a href=\"https:\/\/t.co\/5AVtdVou8S\">pic.twitter.com\/5AVtdVou8S<\/a><\/p>&mdash; Pedro S\u00e1nchez (@sanchezcastejon) <a href=\"https:\/\/twitter.com\/sanchezcastejon\/status\/2045506045594788317?ref_src=twsrc%5Etfw\">April 18, 2026<\/a><\/blockquote><script async src=\"https:\/\/platform.twitter.com\/widgets.js\" charset=\"utf-8\"><\/script><\/div><\/div>\n<\/div><\/figure>\n","protected":false},"excerpt":{"rendered":"<p>(Redacci\u00f3n) El mandatario espa\u00f1ol escribi\u00f3: \u00abHe conversado con la presidenta Claudia Sheinbaum sobre la situaci\u00f3n global y la clave de avanzar en las relaciones Uni\u00f3n Europea- M\u00e9xico Barcelona, Espa\u00f1a, 18 de abril de 2026.-\u00abEs una gran noticia que M\u00e9xico vaya a albergar la pr\u00f3xima reuni\u00f3n En Defensa de la Democracia\u00bb, afirm\u00f3 el presidente del gobierno [&hellip;]<\/p>\n","protected":false},"author":6,"featured_media":255777,"comment_status":"open","ping_status":"open","sticky":false,"template":"","format":"standard","meta":{"footnotes":""},"categories":[8],"tags":[],"class_list":["post-255776","post","type-post","status-publish","format-standard","has-post-thumbnail","hentry","category-pais","entry","has-media"],"jetpack_featured_media_url":"http:\/\/vertienteglobal.com\/wp-content\/uploads\/2026\/04\/1001170208.webp","_links":{"self":[{"href":"http:\/\/vertienteglobal.com\/index.php?rest_route=\/wp\/v2\/posts\/255776","targetHints":{"allow":["GET"]}}],"collection":[{"href":"http:\/\/vertienteglobal.com\/index.php?rest_route=\/wp\/v2\/posts"}],"about":[{"href":"http:\/\/vertienteglobal.com\/index.php?rest_route=\/wp\/v2\/types\/post"}],"author":[{"embeddable":true,"href":"http:\/\/vertienteglobal.com\/index.php?rest_route=\/wp\/v2\/users\/6"}],"replies":[{"embeddable":true,"href":"http:\/\/vertienteglobal.com\/index.php?rest_route=%2Fwp%2Fv2%2Fcomments&post=255776"}],"version-history":[{"count":1,"href":"http:\/\/vertienteglobal.com\/index.php?rest_route=\/wp\/v2\/posts\/255776\/revisions"}],"predecessor-version":[{"id":255778,"href":"http:\/\/vertienteglobal.com\/index.php?rest_route=\/wp\/v2\/posts\/255776\/revisions\/255778"}],"wp:featuredmedia":[{"embeddable":true,"href":"http:\/\/vertienteglobal.com\/index.php?rest_route=\/wp\/v2\/media\/255777"}],"wp:attachment":[{"href":"http:\/\/vertienteglobal.com\/index.php?rest_route=%2Fwp%2Fv2%2Fmedia&parent=255776"}],"wp:term":[{"taxonomy":"category","embeddable":true,"href":"http:\/\/vertienteglobal.com\/index.php?rest_route=%2Fwp%2Fv2%2Fcategories&post=255776"},{"taxonomy":"post_tag","embeddable":true,"href":"http:\/\/vertienteglobal.com\/index.php?rest_route=%2Fwp%2Fv2%2Ftags&post=255776"}],"curies":[{"name":"wp","href":"https:\/\/api.w.org\/{rel}","templated":true}]}}