{"id":255669,"date":"2026-04-15T19:10:00","date_gmt":"2026-04-16T00:10:00","guid":{"rendered":"http:\/\/vertienteglobal.com\/?p=255669"},"modified":"2026-04-16T23:59:18","modified_gmt":"2026-04-17T04:59:18","slug":"mara-lezama-y-ana-paty-peralta-entregan-modernizacion-del-nodo-vial-de-acceso-a-cancun-sobre-carretera-libre-a-merida","status":"publish","type":"post","link":"http:\/\/vertienteglobal.com\/?p=255669","title":{"rendered":"Mara Lezama y Ana Paty Peralta entregan modernizaci\u00f3n del nodo vial de acceso a Canc\u00fan sobre carretera libre a M\u00e9rida"},"content":{"rendered":"\n<div class=\"twitterbutton\" style=\"float: right; padding-left: 5px;\"><a href=\"http:\/\/twitter.com\/share\" class=\"twitter-share-button\" data-count=\"horizontal\" data-text=\"Mara Lezama y Ana Paty Peralta entregan modernizaci\u00f3n del nodo vial de acceso a...\" data-via=\"https:\/\/twitter.com\/VertienteGloba1\" data-url=\"http:\/\/vertienteglobal.com\/?p=255669\" data-lang=\"es\" data-related=\"Informaci\u00f3n general:S\u00edguenos para que est\u00e9ss informado\"><\/a><\/div>\n<figure class=\"wp-block-image size-large\"><img loading=\"lazy\" decoding=\"async\" width=\"1024\" height=\"683\" src=\"http:\/\/vertienteglobal.com\/wp-content\/uploads\/2026\/04\/1001164444-1024x683.jpg\" alt=\"\" class=\"wp-image-255670\" srcset=\"http:\/\/vertienteglobal.com\/wp-content\/uploads\/2026\/04\/1001164444-1024x683.jpg 1024w, http:\/\/vertienteglobal.com\/wp-content\/uploads\/2026\/04\/1001164444-300x200.jpg 300w, http:\/\/vertienteglobal.com\/wp-content\/uploads\/2026\/04\/1001164444-150x100.jpg 150w, http:\/\/vertienteglobal.com\/wp-content\/uploads\/2026\/04\/1001164444-768x512.jpg 768w, http:\/\/vertienteglobal.com\/wp-content\/uploads\/2026\/04\/1001164444.jpg 1280w\" sizes=\"auto, (max-width: 1024px) 100vw, 1024px\" \/><\/figure>\n\n\n\n<p>(Redacci\u00f3n)<\/p>\n\n\n\n<p>Trabajo en conjunto que beneficiar\u00e1 a miles de habitantes y visitantes con mejoras en movilidad, seguridad e imagen urbana<\/p>\n\n\n\n<p>Canc\u00fan, Quintana Roo 16 de abril de 2026.\u2013 La gobernadora Mara Lezama Espinosa y la presidenta municipal de Benito Ju\u00e1rez, Ana Paty Peralta, encabezaron la entrega de la obra de modernizaci\u00f3n del nodo vial ubicado en uno de los principales accesos a la ciudad, sobre la carretera libre a M\u00e9rida.<\/p>\n\n\n\n<p>Durante el evento, la Gobernadora destac\u00f3 que esta intervenci\u00f3n fue hecha por la Presidenta Municipal y su equipo de trabajo. \u201cFue un gran trabajo, sumando esfuerzos y colocando a la gente en el centro de las decisiones, con un gran comit\u00e9 vecinal\u201d, puntualiz\u00f3 Mara Lezama.<\/p>\n\n\n\n<p>Por su parte, Ana Paty Peralta inform\u00f3 que despu\u00e9s de muchos a\u00f1os se logra la modernizaci\u00f3n de la entrada a Canc\u00fan, con la ampliaci\u00f3n en los carriles, un camell\u00f3n central, con mejoramiento de la imagen urbana, nuevo alumbrado p\u00fablico, pero sobre todo seguridad vial para los miles de ciudadanos cancunenses y los visitantes que llegan a este destino.<\/p>\n\n\n\n<p>Despu\u00e9s de develar la placa que se\u00f1aliza la obra, la gobernadora Mara Lezama asegur\u00f3 que esta modernizaci\u00f3n atiende a miles de habitantes, pero tambi\u00e9n a miles de visitantes.<\/p>\n\n\n\n<p>En el sitio se detall\u00f3 que el proyecto incluy\u00f3 la construcci\u00f3n de m\u00e1s de 2 mil 246 metros lineales de guarniciones de concreto, 386 metros de dentell\u00f3n y m\u00e1s de 550 metros cuadrados de banquetas de concreto estampado, as\u00ed como la colocaci\u00f3n de piso firme para mayor durabilidad de la vialidad.<\/p>\n\n\n\n<p>Asimismo, se instalaron 50 luminarias LED, se aplic\u00f3 se\u00f1alamiento horizontal en m\u00e1s de 5 mil 200 metros lineales y se colocaron 38 piezas de se\u00f1alizaci\u00f3n vertical, adem\u00e1s de integrar elementos urbanos como arbolado y equipamiento el\u00e9ctrico.<\/p>\n\n\n\n<p>Mara Lezama subray\u00f3 que esta obra contribuye a mejorar la movilidad, fortalecer la imagen urbana, reducir riesgos y cerrar brechas de desigualdad. \u201cSeguimos trabajando unidas y unidos para transformar\u201d, afirmaron la Gobernadora y la Presidenta Municipal.<\/p>\n\n\n\n<p>Atestiguaron esta entrega Santiago Morales Aquino, presidente del Comit\u00e9 de Obra; Herlinda Ulloa Vel\u00e1zquez, vocal del Comit\u00e9; Pablo Guti\u00e9rrez, secretario general del Ayuntamiento de Benito Ju\u00e1rez; Miguel \u00c1ngel Zenteno, S\u00edndico Municipal y Samantha Hern\u00e1ndez, secretaria de Obras P\u00fablicas y Servicios del municipio.<\/p>\n\n\n\n<figure class=\"wp-block-image size-full\"><img loading=\"lazy\" decoding=\"async\" width=\"585\" height=\"390\" src=\"http:\/\/vertienteglobal.com\/wp-content\/uploads\/2026\/04\/1001164450.jpg\" alt=\"\" class=\"wp-image-255671\" srcset=\"http:\/\/vertienteglobal.com\/wp-content\/uploads\/2026\/04\/1001164450.jpg 585w, http:\/\/vertienteglobal.com\/wp-content\/uploads\/2026\/04\/1001164450-300x200.jpg 300w, http:\/\/vertienteglobal.com\/wp-content\/uploads\/2026\/04\/1001164450-150x100.jpg 150w\" sizes=\"auto, (max-width: 585px) 100vw, 585px\" \/><\/figure>\n\n\n\n<figure class=\"wp-block-image size-full\"><img loading=\"lazy\" decoding=\"async\" width=\"585\" height=\"390\" src=\"http:\/\/vertienteglobal.com\/wp-content\/uploads\/2026\/04\/1001164451.jpg\" alt=\"\" class=\"wp-image-255672\" srcset=\"http:\/\/vertienteglobal.com\/wp-content\/uploads\/2026\/04\/1001164451.jpg 585w, http:\/\/vertienteglobal.com\/wp-content\/uploads\/2026\/04\/1001164451-300x200.jpg 300w, http:\/\/vertienteglobal.com\/wp-content\/uploads\/2026\/04\/1001164451-150x100.jpg 150w\" sizes=\"auto, (max-width: 585px) 100vw, 585px\" \/><\/figure>\n\n\n\n<figure class=\"wp-block-embed is-type-video is-provider-youtube wp-block-embed-youtube wp-embed-aspect-16-9 wp-has-aspect-ratio\"><div class=\"wp-block-embed__wrapper\">\n<div class=\"oceanwp-oembed-wrap clr\"><iframe loading=\"lazy\" title=\"Mara Lezama y Ana Paty Peralta entregan nodo vial de acceso a Canc\u00fan sobre carretera libre a M\u00e9rida\" width=\"1200\" height=\"675\" src=\"https:\/\/www.youtube.com\/embed\/xCBE-m3FSQQ?feature=oembed\" frameborder=\"0\" allow=\"accelerometer; autoplay; clipboard-write; encrypted-media; gyroscope; picture-in-picture; web-share\" referrerpolicy=\"strict-origin-when-cross-origin\" allowfullscreen><\/iframe><\/div>\n<\/div><\/figure>\n","protected":false},"excerpt":{"rendered":"<p>(Redacci\u00f3n) Trabajo en conjunto que beneficiar\u00e1 a miles de habitantes y visitantes con mejoras en movilidad, seguridad e imagen urbana Canc\u00fan, Quintana Roo 16 de abril de 2026.\u2013 La gobernadora Mara Lezama Espinosa y la presidenta municipal de Benito Ju\u00e1rez, Ana Paty Peralta, encabezaron la entrega de la obra de modernizaci\u00f3n del nodo vial ubicado [&hellip;]<\/p>\n","protected":false},"author":6,"featured_media":255670,"comment_status":"open","ping_status":"open","sticky":false,"template":"","format":"standard","meta":{"footnotes":""},"categories":[3],"tags":[],"class_list":["post-255669","post","type-post","status-publish","format-standard","has-post-thumbnail","hentry","category-quintana-roo","entry","has-media"],"jetpack_featured_media_url":"http:\/\/vertienteglobal.com\/wp-content\/uploads\/2026\/04\/1001164444.jpg","_links":{"self":[{"href":"http:\/\/vertienteglobal.com\/index.php?rest_route=\/wp\/v2\/posts\/255669","targetHints":{"allow":["GET"]}}],"collection":[{"href":"http:\/\/vertienteglobal.com\/index.php?rest_route=\/wp\/v2\/posts"}],"about":[{"href":"http:\/\/vertienteglobal.com\/index.php?rest_route=\/wp\/v2\/types\/post"}],"author":[{"embeddable":true,"href":"http:\/\/vertienteglobal.com\/index.php?rest_route=\/wp\/v2\/users\/6"}],"replies":[{"embeddable":true,"href":"http:\/\/vertienteglobal.com\/index.php?rest_route=%2Fwp%2Fv2%2Fcomments&post=255669"}],"version-history":[{"count":1,"href":"http:\/\/vertienteglobal.com\/index.php?rest_route=\/wp\/v2\/posts\/255669\/revisions"}],"predecessor-version":[{"id":255673,"href":"http:\/\/vertienteglobal.com\/index.php?rest_route=\/wp\/v2\/posts\/255669\/revisions\/255673"}],"wp:featuredmedia":[{"embeddable":true,"href":"http:\/\/vertienteglobal.com\/index.php?rest_route=\/wp\/v2\/media\/255670"}],"wp:attachment":[{"href":"http:\/\/vertienteglobal.com\/index.php?rest_route=%2Fwp%2Fv2%2Fmedia&parent=255669"}],"wp:term":[{"taxonomy":"category","embeddable":true,"href":"http:\/\/vertienteglobal.com\/index.php?rest_route=%2Fwp%2Fv2%2Fcategories&post=255669"},{"taxonomy":"post_tag","embeddable":true,"href":"http:\/\/vertienteglobal.com\/index.php?rest_route=%2Fwp%2Fv2%2Ftags&post=255669"}],"curies":[{"name":"wp","href":"https:\/\/api.w.org\/{rel}","templated":true}]}}