{"id":255613,"date":"2026-04-15T18:54:00","date_gmt":"2026-04-15T23:54:00","guid":{"rendered":"http:\/\/vertienteglobal.com\/?p=255613"},"modified":"2026-04-16T08:14:07","modified_gmt":"2026-04-16T13:14:07","slug":"el-congreso-aprueba-la-iniciativa-de-eugenio-segura-vazquez-gino-segura-para-fortalecer-el-derecho-a-la-vivienda-digna-en-quintana-roo","status":"publish","type":"post","link":"http:\/\/vertienteglobal.com\/?p=255613","title":{"rendered":"El Congreso aprueba la iniciativa de Eugenio Segura V\u00e1zquez \u00abGino Segura\u00bb para fortalecer el derecho a la vivienda digna en Quintana Roo"},"content":{"rendered":"\n<div class=\"twitterbutton\" style=\"float: right; padding-left: 5px;\"><a href=\"http:\/\/twitter.com\/share\" class=\"twitter-share-button\" data-count=\"horizontal\" data-text=\"El Congreso aprueba la iniciativa de Eugenio Segura V\u00e1zquez \u00abGino Segura\u00bb par...\" data-via=\"https:\/\/twitter.com\/VertienteGloba1\" data-url=\"http:\/\/vertienteglobal.com\/?p=255613\" data-lang=\"es\" data-related=\"Informaci\u00f3n general:S\u00edguenos para que est\u00e9ss informado\"><\/a><\/div>\n<figure class=\"wp-block-image size-large\"><img loading=\"lazy\" decoding=\"async\" width=\"1024\" height=\"768\" src=\"http:\/\/vertienteglobal.com\/wp-content\/uploads\/2026\/04\/1001160393-1024x768.jpg\" alt=\"\" class=\"wp-image-255614\" srcset=\"http:\/\/vertienteglobal.com\/wp-content\/uploads\/2026\/04\/1001160393-1024x768.jpg 1024w, http:\/\/vertienteglobal.com\/wp-content\/uploads\/2026\/04\/1001160393-300x225.jpg 300w, http:\/\/vertienteglobal.com\/wp-content\/uploads\/2026\/04\/1001160393-150x113.jpg 150w, http:\/\/vertienteglobal.com\/wp-content\/uploads\/2026\/04\/1001160393-768x576.jpg 768w, http:\/\/vertienteglobal.com\/wp-content\/uploads\/2026\/04\/1001160393-1536x1152.jpg 1536w, http:\/\/vertienteglobal.com\/wp-content\/uploads\/2026\/04\/1001160393.jpg 1600w\" sizes=\"auto, (max-width: 1024px) 100vw, 1024px\" \/><\/figure>\n\n\n\n<p>(Redacci\u00f3n)<\/p>\n\n\n\n<p>La reforma actualiza definiciones y herramientas para impulsar vivienda social con certeza y reglas claras<\/p>\n\n\n\n<p>Chetumal, Quintana Roo,  a15 de abril de 2026.\u2013 El Congreso del Estado aprob\u00f3 por unanimidad la iniciativa presentada por el senador Eugenio \u201cGino\u201d Segura para fortalecer el acceso efectivo a la vivienda digna en Quintana Roo, consolid\u00e1ndola como un derecho que debe traducirse en obligaciones para el gobierno.<\/p>\n\n\n\n<p>La reforma refuerza el est\u00e1ndar de vivienda adecuada incorporando expresamente criterios de habitabilidad, accesibilidad, salubridad, sustentabilidad, servicios b\u00e1sicos, seguridad jur\u00eddica y, de forma relevante, el derecho al disfrute de la intimidad y a la integraci\u00f3n social y urbana, elevando el umbral de lo que debe entenderse por vivienda digna.<\/p>\n\n\n\n<p>El decreto tambi\u00e9n moderniza el marco legal de vivienda social, estableciendo una definici\u00f3n clara y una clasificaci\u00f3n operativa (econ\u00f3mica, popular y tradicional) alineada con los parametros federales, con el objetivo de dar certeza a la pol\u00edtica p\u00fablica y ordenar instrumentos para que el Estado, el sector social y el sector productivo puedan participar con reglas transparentes.<\/p>\n\n\n\n<p>Adicionalmente, se ampl\u00eda y precisa el concepto de sector social en la producci\u00f3n de vivienda, para incluir a personas cuyos ingresos no les permiten acceder a soluciones habitacionales en condiciones de mercado. Esto fortalece la base legal para modelos de producci\u00f3n social, cooperativos y sin fines de lucro, y ampl\u00eda las posibilidades de atender a poblaci\u00f3n vulnerable.<\/p>\n\n\n\n<p>Como antecedente, el 25 de marzo de 2025, el senador present\u00f3 un exhorto a los gobiernos municipales de Quintana Roo para emitir decretos administrativos orientados a simplificar tr\u00e1mites, reducir costos y agilizar la construcci\u00f3n de vivienda social, atendiendo los principales cuellos de botella locales.<\/p>\n\n\n\n<p>Finalmente, la reforma es consistente con la necesidad de coordinar la pol\u00edtica estatal con los programas federales vigentes en materia de vivienda, para maximizar su implementaci\u00f3n territorial y asegurar que la vivienda digna sea una realidad en Quintana Roo.<\/p>\n\n\n\n<p>Al respecto, el senador Gino Segura se\u00f1al\u00f3:<br>\u201cTener una vivienda digna debe ser una realidad para todas las familias en Quintana Roo. Esta reforma pone el derecho en el centro: vivienda adecuada, con certeza jur\u00eddica y condiciones para una vida plena. La vivienda es un derecho, no un privilegio\u201d.<\/p>\n\n\n\n<p>Con esta aprobaci\u00f3n, Quintana Roo fortalece su marco normativo para avanzar hacia una pol\u00edtica de vivienda con enfoque social, orientada a reducir desigualdades y ampliar el acceso real a la vivienda digna.<\/p>\n\n\n\n<figure class=\"wp-block-image size-large\"><img loading=\"lazy\" decoding=\"async\" width=\"1024\" height=\"570\" src=\"http:\/\/vertienteglobal.com\/wp-content\/uploads\/2026\/04\/1001160382-1024x570.jpg\" alt=\"\" class=\"wp-image-255615\" srcset=\"http:\/\/vertienteglobal.com\/wp-content\/uploads\/2026\/04\/1001160382-1024x570.jpg 1024w, http:\/\/vertienteglobal.com\/wp-content\/uploads\/2026\/04\/1001160382-300x167.jpg 300w, http:\/\/vertienteglobal.com\/wp-content\/uploads\/2026\/04\/1001160382-150x84.jpg 150w, http:\/\/vertienteglobal.com\/wp-content\/uploads\/2026\/04\/1001160382-768x428.jpg 768w, http:\/\/vertienteglobal.com\/wp-content\/uploads\/2026\/04\/1001160382-1536x855.jpg 1536w, http:\/\/vertienteglobal.com\/wp-content\/uploads\/2026\/04\/1001160382.jpg 1600w\" sizes=\"auto, (max-width: 1024px) 100vw, 1024px\" \/><\/figure>\n\n\n\n<figure class=\"wp-block-image size-large\"><img loading=\"lazy\" decoding=\"async\" width=\"741\" height=\"1024\" src=\"http:\/\/vertienteglobal.com\/wp-content\/uploads\/2026\/04\/1001160405-741x1024.jpg\" alt=\"\" class=\"wp-image-255616\" srcset=\"http:\/\/vertienteglobal.com\/wp-content\/uploads\/2026\/04\/1001160405-741x1024.jpg 741w, http:\/\/vertienteglobal.com\/wp-content\/uploads\/2026\/04\/1001160405-217x300.jpg 217w, http:\/\/vertienteglobal.com\/wp-content\/uploads\/2026\/04\/1001160405-109x150.jpg 109w, http:\/\/vertienteglobal.com\/wp-content\/uploads\/2026\/04\/1001160405-768x1061.jpg 768w, http:\/\/vertienteglobal.com\/wp-content\/uploads\/2026\/04\/1001160405-1112x1536.jpg 1112w, http:\/\/vertienteglobal.com\/wp-content\/uploads\/2026\/04\/1001160405.jpg 1158w\" sizes=\"auto, (max-width: 741px) 100vw, 741px\" \/><\/figure>\n\n\n\n<figure class=\"wp-block-image size-large\"><img loading=\"lazy\" decoding=\"async\" width=\"1024\" height=\"768\" src=\"http:\/\/vertienteglobal.com\/wp-content\/uploads\/2026\/04\/1001160398-1024x768.jpg\" alt=\"\" class=\"wp-image-255617\" srcset=\"http:\/\/vertienteglobal.com\/wp-content\/uploads\/2026\/04\/1001160398-1024x768.jpg 1024w, http:\/\/vertienteglobal.com\/wp-content\/uploads\/2026\/04\/1001160398-300x225.jpg 300w, http:\/\/vertienteglobal.com\/wp-content\/uploads\/2026\/04\/1001160398-150x113.jpg 150w, http:\/\/vertienteglobal.com\/wp-content\/uploads\/2026\/04\/1001160398-768x576.jpg 768w, http:\/\/vertienteglobal.com\/wp-content\/uploads\/2026\/04\/1001160398-1536x1152.jpg 1536w, http:\/\/vertienteglobal.com\/wp-content\/uploads\/2026\/04\/1001160398.jpg 1600w\" sizes=\"auto, (max-width: 1024px) 100vw, 1024px\" \/><\/figure>\n","protected":false},"excerpt":{"rendered":"<p>(Redacci\u00f3n) La reforma actualiza definiciones y herramientas para impulsar vivienda social con certeza y reglas claras Chetumal, Quintana Roo, a15 de abril de 2026.\u2013 El Congreso del Estado aprob\u00f3 por unanimidad la iniciativa presentada por el senador Eugenio \u201cGino\u201d Segura para fortalecer el acceso efectivo a la vivienda digna en Quintana Roo, consolid\u00e1ndola como un [&hellip;]<\/p>\n","protected":false},"author":6,"featured_media":255614,"comment_status":"open","ping_status":"open","sticky":false,"template":"","format":"standard","meta":{"footnotes":""},"categories":[3],"tags":[],"class_list":["post-255613","post","type-post","status-publish","format-standard","has-post-thumbnail","hentry","category-quintana-roo","entry","has-media"],"jetpack_featured_media_url":"http:\/\/vertienteglobal.com\/wp-content\/uploads\/2026\/04\/1001160393.jpg","_links":{"self":[{"href":"http:\/\/vertienteglobal.com\/index.php?rest_route=\/wp\/v2\/posts\/255613","targetHints":{"allow":["GET"]}}],"collection":[{"href":"http:\/\/vertienteglobal.com\/index.php?rest_route=\/wp\/v2\/posts"}],"about":[{"href":"http:\/\/vertienteglobal.com\/index.php?rest_route=\/wp\/v2\/types\/post"}],"author":[{"embeddable":true,"href":"http:\/\/vertienteglobal.com\/index.php?rest_route=\/wp\/v2\/users\/6"}],"replies":[{"embeddable":true,"href":"http:\/\/vertienteglobal.com\/index.php?rest_route=%2Fwp%2Fv2%2Fcomments&post=255613"}],"version-history":[{"count":1,"href":"http:\/\/vertienteglobal.com\/index.php?rest_route=\/wp\/v2\/posts\/255613\/revisions"}],"predecessor-version":[{"id":255624,"href":"http:\/\/vertienteglobal.com\/index.php?rest_route=\/wp\/v2\/posts\/255613\/revisions\/255624"}],"wp:featuredmedia":[{"embeddable":true,"href":"http:\/\/vertienteglobal.com\/index.php?rest_route=\/wp\/v2\/media\/255614"}],"wp:attachment":[{"href":"http:\/\/vertienteglobal.com\/index.php?rest_route=%2Fwp%2Fv2%2Fmedia&parent=255613"}],"wp:term":[{"taxonomy":"category","embeddable":true,"href":"http:\/\/vertienteglobal.com\/index.php?rest_route=%2Fwp%2Fv2%2Fcategories&post=255613"},{"taxonomy":"post_tag","embeddable":true,"href":"http:\/\/vertienteglobal.com\/index.php?rest_route=%2Fwp%2Fv2%2Ftags&post=255613"}],"curies":[{"name":"wp","href":"https:\/\/api.w.org\/{rel}","templated":true}]}}