{"id":255527,"date":"2026-04-14T11:24:00","date_gmt":"2026-04-14T16:24:00","guid":{"rendered":"http:\/\/vertienteglobal.com\/?p=255527"},"modified":"2026-04-14T23:06:41","modified_gmt":"2026-04-15T04:06:41","slug":"pemex-atiende-derrame-de-residuos-de-aceite-en-poza-rica-y-coatzintla","status":"publish","type":"post","link":"http:\/\/vertienteglobal.com\/?p=255527","title":{"rendered":"Pemex atiende derrame de residuos de aceite en Poza Rica y Coatzintla"},"content":{"rendered":"\n<div class=\"twitterbutton\" style=\"float: right; padding-left: 5px;\"><a href=\"http:\/\/twitter.com\/share\" class=\"twitter-share-button\" data-count=\"horizontal\" data-text=\"Pemex atiende derrame de residuos de aceite en Poza Rica y Coatzintla\" data-via=\"https:\/\/twitter.com\/VertienteGloba1\" data-url=\"http:\/\/vertienteglobal.com\/?p=255527\" data-lang=\"es\" data-related=\"Informaci\u00f3n general:S\u00edguenos para que est\u00e9ss informado\"><\/a><\/div>\n<figure class=\"wp-block-image size-full\"><img loading=\"lazy\" decoding=\"async\" width=\"1024\" height=\"683\" src=\"http:\/\/vertienteglobal.com\/wp-content\/uploads\/2026\/04\/1001157885.webp\" alt=\"\" class=\"wp-image-255528\" srcset=\"http:\/\/vertienteglobal.com\/wp-content\/uploads\/2026\/04\/1001157885.webp 1024w, http:\/\/vertienteglobal.com\/wp-content\/uploads\/2026\/04\/1001157885-300x200.webp 300w, http:\/\/vertienteglobal.com\/wp-content\/uploads\/2026\/04\/1001157885-150x100.webp 150w, http:\/\/vertienteglobal.com\/wp-content\/uploads\/2026\/04\/1001157885-768x512.webp 768w\" sizes=\"auto, (max-width: 1024px) 100vw, 1024px\" \/><\/figure>\n\n\n\n<p>(Redacci\u00f3n)<\/p>\n\n\n\n<p>Pemex se\u00f1al\u00f3 que se activ\u00f3 un operativo de limpieza y monitoreo, tras las intensas lluvias torrenciales registradas durante la madrugada de ayer en Poza Rica.<\/p>\n\n\n\n<p>Poza Rica, Veracruz, 14 de abril de 2026.- La Empresa Petr\u00f3leos Mexicanos (Pemex) inform\u00f3 este martes que atiende un derrame de residuos de aceite detectados en el arroyo \u201cHueleque\u201d, en inmediaciones de la Colonia Chapultepec y la Colonia 27 de Septiembre en Poza Rica, Veracruz.<\/p>\n\n\n\n<p>Y es que en un comunicado, Pemex se\u00f1al\u00f3 que se activ\u00f3 un operativo de limpieza y monitoreo, tras las intensas lluvias torrenciales registradas durante la madrugada de ayer en Poza Rica.<\/p>\n\n\n\n<p>\u201cDe igual forma se report\u00f3 presencia de hidrocarburo en cuerpo de agua a la altura de la comunidad Benito Juarez, municipio de Coatzintla, afectando la bocatoma de la Comisi\u00f3n de Agua del Estado de Veracruz (CAEV) en Corralillos\u201d, agreg\u00f3 la petrolera.<\/p>\n\n\n\n<p>Indic\u00f3 que se llevaron a cabo acciones de contenci\u00f3n, limpieza y verificaci\u00f3n: \u201cSe instalaron barreras oleof\u00edlicas y marinas en la bocatoma de Corralillos y en la comunidad Benito Ju\u00e1rez para evitar la dispersi\u00f3n de residuos\u201d.<\/p>\n\n\n\n<p>Adem\u00e1s, la CAEV restableci\u00f3 el bombeo de agua alrededor de las 18:15 horas de ayer, garantizando la continuidad del servicio.(Fuente: pemex)<\/p>\n\n\n\n<figure class=\"wp-block-embed is-type-rich is-provider-twitter wp-block-embed-twitter\"><div class=\"wp-block-embed__wrapper\">\n<div class=\"oceanwp-oembed-wrap clr\"><div class=\"embed-twitter\"><blockquote class=\"twitter-tweet\" data-width=\"550\" data-dnt=\"true\"><p lang=\"es\" dir=\"ltr\">\ud83d\udccdPemex atiende presencia de trazas de aceite en Poza Rica y Coatzintla.<br><br>Tarjeta informativa: <a href=\"https:\/\/t.co\/bwtaC2f9S5\">https:\/\/t.co\/bwtaC2f9S5<\/a> <a href=\"https:\/\/t.co\/AeFIAamLtK\">pic.twitter.com\/AeFIAamLtK<\/a><\/p>&mdash; Petr\u00f3leos Mexicanos (@Pemex) <a href=\"https:\/\/twitter.com\/Pemex\/status\/2044046922722460066?ref_src=twsrc%5Etfw\">April 14, 2026<\/a><\/blockquote><script async src=\"https:\/\/platform.twitter.com\/widgets.js\" charset=\"utf-8\"><\/script><\/div><\/div>\n<\/div><\/figure>\n","protected":false},"excerpt":{"rendered":"<p>(Redacci\u00f3n) Pemex se\u00f1al\u00f3 que se activ\u00f3 un operativo de limpieza y monitoreo, tras las intensas lluvias torrenciales registradas durante la madrugada de ayer en Poza Rica. Poza Rica, Veracruz, 14 de abril de 2026.- La Empresa Petr\u00f3leos Mexicanos (Pemex) inform\u00f3 este martes que atiende un derrame de residuos de aceite detectados en el arroyo \u201cHueleque\u201d, [&hellip;]<\/p>\n","protected":false},"author":6,"featured_media":255528,"comment_status":"open","ping_status":"open","sticky":false,"template":"","format":"standard","meta":{"footnotes":""},"categories":[8],"tags":[],"class_list":["post-255527","post","type-post","status-publish","format-standard","has-post-thumbnail","hentry","category-pais","entry","has-media"],"jetpack_featured_media_url":"http:\/\/vertienteglobal.com\/wp-content\/uploads\/2026\/04\/1001157885.webp","_links":{"self":[{"href":"http:\/\/vertienteglobal.com\/index.php?rest_route=\/wp\/v2\/posts\/255527","targetHints":{"allow":["GET"]}}],"collection":[{"href":"http:\/\/vertienteglobal.com\/index.php?rest_route=\/wp\/v2\/posts"}],"about":[{"href":"http:\/\/vertienteglobal.com\/index.php?rest_route=\/wp\/v2\/types\/post"}],"author":[{"embeddable":true,"href":"http:\/\/vertienteglobal.com\/index.php?rest_route=\/wp\/v2\/users\/6"}],"replies":[{"embeddable":true,"href":"http:\/\/vertienteglobal.com\/index.php?rest_route=%2Fwp%2Fv2%2Fcomments&post=255527"}],"version-history":[{"count":1,"href":"http:\/\/vertienteglobal.com\/index.php?rest_route=\/wp\/v2\/posts\/255527\/revisions"}],"predecessor-version":[{"id":255529,"href":"http:\/\/vertienteglobal.com\/index.php?rest_route=\/wp\/v2\/posts\/255527\/revisions\/255529"}],"wp:featuredmedia":[{"embeddable":true,"href":"http:\/\/vertienteglobal.com\/index.php?rest_route=\/wp\/v2\/media\/255528"}],"wp:attachment":[{"href":"http:\/\/vertienteglobal.com\/index.php?rest_route=%2Fwp%2Fv2%2Fmedia&parent=255527"}],"wp:term":[{"taxonomy":"category","embeddable":true,"href":"http:\/\/vertienteglobal.com\/index.php?rest_route=%2Fwp%2Fv2%2Fcategories&post=255527"},{"taxonomy":"post_tag","embeddable":true,"href":"http:\/\/vertienteglobal.com\/index.php?rest_route=%2Fwp%2Fv2%2Ftags&post=255527"}],"curies":[{"name":"wp","href":"https:\/\/api.w.org\/{rel}","templated":true}]}}