{"id":255491,"date":"2026-04-13T20:55:00","date_gmt":"2026-04-14T01:55:00","guid":{"rendered":"http:\/\/vertienteglobal.com\/?p=255491"},"modified":"2026-04-14T06:56:42","modified_gmt":"2026-04-14T11:56:42","slug":"capufe-aumenta-el-costo-de-casetas-tras-concluir-vacaciones-de-semana-santa","status":"publish","type":"post","link":"http:\/\/vertienteglobal.com\/?p=255491","title":{"rendered":"Capufe aumenta el costo de casetas tras concluir vacaciones de Semana Santa\u00a0\u00a0"},"content":{"rendered":"\n<div class=\"twitterbutton\" style=\"float: right; padding-left: 5px;\"><a href=\"http:\/\/twitter.com\/share\" class=\"twitter-share-button\" data-count=\"horizontal\" data-text=\"Capufe aumenta el costo de casetas tras concluir vacaciones de Semana Santa\u00a0\u00a0\" data-via=\"https:\/\/twitter.com\/VertienteGloba1\" data-url=\"http:\/\/vertienteglobal.com\/?p=255491\" data-lang=\"es\" data-related=\"Informaci\u00f3n general:S\u00edguenos para que est\u00e9ss informado\"><\/a><\/div>\n<figure class=\"wp-block-image size-full\"><img loading=\"lazy\" decoding=\"async\" width=\"1024\" height=\"683\" src=\"http:\/\/vertienteglobal.com\/wp-content\/uploads\/2026\/04\/1001155014.webp\" alt=\"\" class=\"wp-image-255492\" srcset=\"http:\/\/vertienteglobal.com\/wp-content\/uploads\/2026\/04\/1001155014.webp 1024w, http:\/\/vertienteglobal.com\/wp-content\/uploads\/2026\/04\/1001155014-300x200.webp 300w, http:\/\/vertienteglobal.com\/wp-content\/uploads\/2026\/04\/1001155014-150x100.webp 150w, http:\/\/vertienteglobal.com\/wp-content\/uploads\/2026\/04\/1001155014-768x512.webp 768w\" sizes=\"auto, (max-width: 1024px) 100vw, 1024px\" \/><\/figure>\n\n\n\n<p>(Redacci\u00f3n)<\/p>\n\n\n\n<p>El costo de la caseta de la carretera Cuernavaca-Acapulco subi\u00f3 de 640 a 670 pesos en autom\u00f3vil y de 319 a 335 pesos en motocicleta<\/p>\n\n\n\n<p>Ciudad de M\u00e9xico 13 de abril de 2026.-Desde este lunes, Caminos y Puentes Federales de Ingresos y Servicios Conexos (Capufe) aument\u00f3 el costo de las casetas en su red de autopistas para autos en un promedio de 4.7% en relaci\u00f3n al pago que se hac\u00eda desde enero del 2025, cifra que es superior a la inflaci\u00f3n de diciembre del a\u00f1o pasado: 3.69 por ciento.<\/p>\n\n\n\n<p>Y es que el costo de la caseta de la carretera Cuernavaca-Acapulco subi\u00f3 de 640 a 670 pesos en autom\u00f3vil y de 319 a 335 pesos en motocicleta. Para los autobuses, el incremento fue de 100 pesos, ya que el precio se elev\u00f3 de mil 41 a mil 141 pesos.<\/p>\n\n\n\n<p>Para recorrer el tramo de C\u00f3rdoba a Veracruz, el costo para los automovilistas subi\u00f3 de 270 a 282 pesos, mientras que tomar la carretera de M\u00e9xico a Cuernavaca implica un cobro que se elev\u00f3 de 149 pesos a 156 pesos. Los motociclistas que busquen recorrer este tramo, deber\u00e1n pagar 78 pesos, en lugar de los 74 pesos que pagaron en el 2025.<\/p>\n\n\n\n<p>Viajar en autom\u00f3vil en la autopista M\u00e9xico-Quer\u00e9taro implica pagar 10 pesos m\u00e1s respecto al a\u00f1o pasado, pues el uso por esta infraestructura subi\u00f3 de 216 a 226 pesos, mientras que para los autobuses, este desembolso pas\u00f3 de de 474 a 520 pesos.<\/p>\n\n\n\n<p>Y en la carretera M\u00e9xico-Puebla, el costo para los autom\u00f3viles se elev\u00f3 de 216 pesos a 226 pesos, para motociclista de 107 a 113 pesos, y para autobuses, de 444 a 487 pesos. De Durango a Mazatl\u00e1n subi\u00f3 de 784 pesos a 820 pesos cuando el trayecto es en autom\u00f3vil.<\/p>\n\n\n\n<p>Aqu\u00ed se pueden consultar todas las tarifas:<\/p>\n\n\n\n<figure class=\"wp-block-embed is-type-rich is-provider-gestor-del-servicio wp-block-embed-gestor-del-servicio\"><div class=\"wp-block-embed__wrapper\">\n<p><a href=\"https:\/\/pot.capufe.mx\/gobmx\/transparencia\/Doc\/TransparenciaF\/Tarifas\/Vigentes\/2026\/Tarifas-vigentes-2026.pdf\" target=\"_blank\" rel=\"noopener noreferrer nofollow\">Haz clic para acceder a Tarifas-vigentes-2026.pdf<\/a><\/p>\n<\/div><\/figure>\n\n\n\n<figure class=\"wp-block-image size-large\"><img loading=\"lazy\" decoding=\"async\" width=\"1024\" height=\"733\" src=\"http:\/\/vertienteglobal.com\/wp-content\/uploads\/2026\/04\/1001155023-1024x733.png\" alt=\"\" class=\"wp-image-255493\" srcset=\"http:\/\/vertienteglobal.com\/wp-content\/uploads\/2026\/04\/1001155023-1024x733.png 1024w, http:\/\/vertienteglobal.com\/wp-content\/uploads\/2026\/04\/1001155023-300x215.png 300w, http:\/\/vertienteglobal.com\/wp-content\/uploads\/2026\/04\/1001155023-150x107.png 150w, http:\/\/vertienteglobal.com\/wp-content\/uploads\/2026\/04\/1001155023-768x550.png 768w, http:\/\/vertienteglobal.com\/wp-content\/uploads\/2026\/04\/1001155023-1536x1099.png 1536w, http:\/\/vertienteglobal.com\/wp-content\/uploads\/2026\/04\/1001155023.png 1702w\" sizes=\"auto, (max-width: 1024px) 100vw, 1024px\" \/><\/figure>\n\n\n\n<figure class=\"wp-block-image size-large\"><img loading=\"lazy\" decoding=\"async\" width=\"1024\" height=\"783\" src=\"http:\/\/vertienteglobal.com\/wp-content\/uploads\/2026\/04\/1001155024-1024x783.png\" alt=\"\" class=\"wp-image-255494\" srcset=\"http:\/\/vertienteglobal.com\/wp-content\/uploads\/2026\/04\/1001155024-1024x783.png 1024w, http:\/\/vertienteglobal.com\/wp-content\/uploads\/2026\/04\/1001155024-300x229.png 300w, http:\/\/vertienteglobal.com\/wp-content\/uploads\/2026\/04\/1001155024-150x115.png 150w, http:\/\/vertienteglobal.com\/wp-content\/uploads\/2026\/04\/1001155024-768x587.png 768w, http:\/\/vertienteglobal.com\/wp-content\/uploads\/2026\/04\/1001155024.png 1386w\" sizes=\"auto, (max-width: 1024px) 100vw, 1024px\" \/><\/figure>\n\n\n\n<figure class=\"wp-block-image size-large\"><img loading=\"lazy\" decoding=\"async\" width=\"1024\" height=\"781\" src=\"http:\/\/vertienteglobal.com\/wp-content\/uploads\/2026\/04\/1001155025-1024x781.png\" alt=\"\" class=\"wp-image-255495\" srcset=\"http:\/\/vertienteglobal.com\/wp-content\/uploads\/2026\/04\/1001155025-1024x781.png 1024w, http:\/\/vertienteglobal.com\/wp-content\/uploads\/2026\/04\/1001155025-300x229.png 300w, http:\/\/vertienteglobal.com\/wp-content\/uploads\/2026\/04\/1001155025-150x114.png 150w, http:\/\/vertienteglobal.com\/wp-content\/uploads\/2026\/04\/1001155025-768x586.png 768w, http:\/\/vertienteglobal.com\/wp-content\/uploads\/2026\/04\/1001155025.png 1382w\" sizes=\"auto, (max-width: 1024px) 100vw, 1024px\" \/><\/figure>\n\n\n\n<figure class=\"wp-block-image size-full\"><img loading=\"lazy\" decoding=\"async\" width=\"1392\" height=\"1052\" src=\"http:\/\/vertienteglobal.com\/wp-content\/uploads\/2026\/04\/1001155026.png\" alt=\"\" class=\"wp-image-255496\" srcset=\"http:\/\/vertienteglobal.com\/wp-content\/uploads\/2026\/04\/1001155026.png 1392w, http:\/\/vertienteglobal.com\/wp-content\/uploads\/2026\/04\/1001155026-300x227.png 300w\" sizes=\"auto, (max-width: 1392px) 100vw, 1392px\" \/><\/figure>\n","protected":false},"excerpt":{"rendered":"<p>(Redacci\u00f3n) El costo de la caseta de la carretera Cuernavaca-Acapulco subi\u00f3 de 640 a 670 pesos en autom\u00f3vil y de 319 a 335 pesos en motocicleta Ciudad de M\u00e9xico 13 de abril de 2026.-Desde este lunes, Caminos y Puentes Federales de Ingresos y Servicios Conexos (Capufe) aument\u00f3 el costo de las casetas en su red [&hellip;]<\/p>\n","protected":false},"author":6,"featured_media":255492,"comment_status":"open","ping_status":"open","sticky":false,"template":"","format":"standard","meta":{"footnotes":""},"categories":[8],"tags":[],"class_list":["post-255491","post","type-post","status-publish","format-standard","has-post-thumbnail","hentry","category-pais","entry","has-media"],"jetpack_featured_media_url":"http:\/\/vertienteglobal.com\/wp-content\/uploads\/2026\/04\/1001155014.webp","_links":{"self":[{"href":"http:\/\/vertienteglobal.com\/index.php?rest_route=\/wp\/v2\/posts\/255491","targetHints":{"allow":["GET"]}}],"collection":[{"href":"http:\/\/vertienteglobal.com\/index.php?rest_route=\/wp\/v2\/posts"}],"about":[{"href":"http:\/\/vertienteglobal.com\/index.php?rest_route=\/wp\/v2\/types\/post"}],"author":[{"embeddable":true,"href":"http:\/\/vertienteglobal.com\/index.php?rest_route=\/wp\/v2\/users\/6"}],"replies":[{"embeddable":true,"href":"http:\/\/vertienteglobal.com\/index.php?rest_route=%2Fwp%2Fv2%2Fcomments&post=255491"}],"version-history":[{"count":1,"href":"http:\/\/vertienteglobal.com\/index.php?rest_route=\/wp\/v2\/posts\/255491\/revisions"}],"predecessor-version":[{"id":255497,"href":"http:\/\/vertienteglobal.com\/index.php?rest_route=\/wp\/v2\/posts\/255491\/revisions\/255497"}],"wp:featuredmedia":[{"embeddable":true,"href":"http:\/\/vertienteglobal.com\/index.php?rest_route=\/wp\/v2\/media\/255492"}],"wp:attachment":[{"href":"http:\/\/vertienteglobal.com\/index.php?rest_route=%2Fwp%2Fv2%2Fmedia&parent=255491"}],"wp:term":[{"taxonomy":"category","embeddable":true,"href":"http:\/\/vertienteglobal.com\/index.php?rest_route=%2Fwp%2Fv2%2Fcategories&post=255491"},{"taxonomy":"post_tag","embeddable":true,"href":"http:\/\/vertienteglobal.com\/index.php?rest_route=%2Fwp%2Fv2%2Ftags&post=255491"}],"curies":[{"name":"wp","href":"https:\/\/api.w.org\/{rel}","templated":true}]}}