{"id":255445,"date":"2026-04-13T11:45:00","date_gmt":"2026-04-13T16:45:00","guid":{"rendered":"http:\/\/vertienteglobal.com\/?p=255445"},"modified":"2026-04-13T12:41:22","modified_gmt":"2026-04-13T17:41:22","slug":"renan-sanchez-tajonar-fortalece-la-coordinacion-con-el-poder-judicial-para-acercar-la-justicia-a-las-familias-de-quintana-roo","status":"publish","type":"post","link":"http:\/\/vertienteglobal.com\/?p=255445","title":{"rendered":"Ren\u00e1n S\u00e1nchez Tajonar fortalece la coordinaci\u00f3n con el Poder Judicial para acercar la justicia a las familias de Quintana Roo"},"content":{"rendered":"\n<div class=\"twitterbutton\" style=\"float: right; padding-left: 5px;\"><a href=\"http:\/\/twitter.com\/share\" class=\"twitter-share-button\" data-count=\"horizontal\" data-text=\"Ren\u00e1n S\u00e1nchez Tajonar fortalece la coordinaci\u00f3n con el Poder Judicial para ac...\" data-via=\"https:\/\/twitter.com\/VertienteGloba1\" data-url=\"http:\/\/vertienteglobal.com\/?p=255445\" data-lang=\"es\" data-related=\"Informaci\u00f3n general:S\u00edguenos para que est\u00e9ss informado\"><\/a><\/div>\n<figure class=\"wp-block-image size-full\"><img loading=\"lazy\" decoding=\"async\" width=\"2560\" height=\"1707\" src=\"http:\/\/vertienteglobal.com\/wp-content\/uploads\/2026\/04\/1001153051-scaled.jpg\" alt=\"\" class=\"wp-image-255446\" srcset=\"http:\/\/vertienteglobal.com\/wp-content\/uploads\/2026\/04\/1001153051-scaled.jpg 2560w, http:\/\/vertienteglobal.com\/wp-content\/uploads\/2026\/04\/1001153051-300x200.jpg 300w\" sizes=\"auto, (max-width: 2560px) 100vw, 2560px\" \/><\/figure>\n\n\n\n<p>(Redacci\u00f3n)<\/p>\n\n\n\n<p><em>Sostuvo un encuentro con el magistrado presidente Heyden Cebada Rivas para impulsar el trabajo conjunto entre poderes y generar mayor certeza jur\u00eddica para las familias.<\/em><\/p>\n\n\n\n<p>Cozumel, Quintana Roo, 13 de abril de 2026.- Con el objetivo de fortalecer la coordinaci\u00f3n institucional y avanzar en una justicia m\u00e1s cercana a la gente, el diputado y presidente de la Junta de Gobierno y Coordinaci\u00f3n Pol\u00edtica (JUGOCOPO) de la XVIII Legislatura, Ren\u00e1n S\u00e1nchez Tajonar, sostuvo una reuni\u00f3n de trabajo con el magistrado presidente del Tribunal Superior de Justicia del Estado, Heyden Cebada Rivas.<\/p>\n\n\n\n<p>Durante el encuentro, coincidieron en la importancia de seguir construyendo un sistema de justicia m\u00e1s eficiente, accesible y sensible a las necesidades de las y los quintanarroenses, donde la colaboraci\u00f3n entre poderes sea clave para lograr mejores resultados.<\/p>\n\n\n\n<p>Ren\u00e1n S\u00e1nchez Tajonar destac\u00f3 que la justicia no debe ser lejana ni complicada, sino una herramienta real para proteger a las familias y garantizar sus derechos. En ese sentido, subray\u00f3 que desde el Congreso del Estado existe total disposici\u00f3n para acompa\u00f1ar al Poder Judicial en las acciones necesarias para fortalecer su funcionamiento.<\/p>\n\n\n\n<p>\u201cSoy abogado de profesi\u00f3n y decid\u00ed estudiar esta carrera porque creo en la justicia como una forma para ayudar a las familias y transformar sus vidas. Hoy, desde mi responsabilidad en el Congreso y en Cozumel, estamos trabajando para que la justicia llegue a quien m\u00e1s la necesita\u201d, expres\u00f3 el legislador.<\/p>\n\n\n\n<p>Asimismo, reiter\u00f3 que el trabajo conjunto permitir\u00e1 impulsar mejoras en los procesos, fortalecer el marco legal y generar condiciones que den mayor certeza jur\u00eddica a la ciudadan\u00eda.<\/p>\n\n\n\n<p>Finalmente, Ren\u00e1n S\u00e1nchez Tajonar enfatiz\u00f3 que este tipo de encuentros abonan a la construcci\u00f3n de un Quintana Roo m\u00e1s justo, donde las instituciones trabajen de manera coordinada y siempre con el bienestar de la gente como prioridad.<\/p>\n\n\n\n<figure class=\"wp-block-image size-large\"><img loading=\"lazy\" decoding=\"async\" width=\"1024\" height=\"683\" src=\"http:\/\/vertienteglobal.com\/wp-content\/uploads\/2026\/04\/1001153052-1024x683.jpg\" alt=\"\" class=\"wp-image-255447\" srcset=\"http:\/\/vertienteglobal.com\/wp-content\/uploads\/2026\/04\/1001153052-1024x683.jpg 1024w, http:\/\/vertienteglobal.com\/wp-content\/uploads\/2026\/04\/1001153052-300x200.jpg 300w, http:\/\/vertienteglobal.com\/wp-content\/uploads\/2026\/04\/1001153052-150x100.jpg 150w, http:\/\/vertienteglobal.com\/wp-content\/uploads\/2026\/04\/1001153052-768x512.jpg 768w, http:\/\/vertienteglobal.com\/wp-content\/uploads\/2026\/04\/1001153052-1536x1024.jpg 1536w, http:\/\/vertienteglobal.com\/wp-content\/uploads\/2026\/04\/1001153052-2048x1366.jpg 2048w\" sizes=\"auto, (max-width: 1024px) 100vw, 1024px\" \/><\/figure>\n","protected":false},"excerpt":{"rendered":"<p>(Redacci\u00f3n) Sostuvo un encuentro con el magistrado presidente Heyden Cebada Rivas para impulsar el trabajo conjunto entre poderes y generar mayor certeza jur\u00eddica para las familias. Cozumel, Quintana Roo, 13 de abril de 2026.- Con el objetivo de fortalecer la coordinaci\u00f3n institucional y avanzar en una justicia m\u00e1s cercana a la gente, el diputado y [&hellip;]<\/p>\n","protected":false},"author":6,"featured_media":255446,"comment_status":"open","ping_status":"open","sticky":false,"template":"","format":"standard","meta":{"footnotes":""},"categories":[3],"tags":[],"class_list":["post-255445","post","type-post","status-publish","format-standard","has-post-thumbnail","hentry","category-quintana-roo","entry","has-media"],"jetpack_featured_media_url":"http:\/\/vertienteglobal.com\/wp-content\/uploads\/2026\/04\/1001153051-scaled.jpg","_links":{"self":[{"href":"http:\/\/vertienteglobal.com\/index.php?rest_route=\/wp\/v2\/posts\/255445","targetHints":{"allow":["GET"]}}],"collection":[{"href":"http:\/\/vertienteglobal.com\/index.php?rest_route=\/wp\/v2\/posts"}],"about":[{"href":"http:\/\/vertienteglobal.com\/index.php?rest_route=\/wp\/v2\/types\/post"}],"author":[{"embeddable":true,"href":"http:\/\/vertienteglobal.com\/index.php?rest_route=\/wp\/v2\/users\/6"}],"replies":[{"embeddable":true,"href":"http:\/\/vertienteglobal.com\/index.php?rest_route=%2Fwp%2Fv2%2Fcomments&post=255445"}],"version-history":[{"count":1,"href":"http:\/\/vertienteglobal.com\/index.php?rest_route=\/wp\/v2\/posts\/255445\/revisions"}],"predecessor-version":[{"id":255448,"href":"http:\/\/vertienteglobal.com\/index.php?rest_route=\/wp\/v2\/posts\/255445\/revisions\/255448"}],"wp:featuredmedia":[{"embeddable":true,"href":"http:\/\/vertienteglobal.com\/index.php?rest_route=\/wp\/v2\/media\/255446"}],"wp:attachment":[{"href":"http:\/\/vertienteglobal.com\/index.php?rest_route=%2Fwp%2Fv2%2Fmedia&parent=255445"}],"wp:term":[{"taxonomy":"category","embeddable":true,"href":"http:\/\/vertienteglobal.com\/index.php?rest_route=%2Fwp%2Fv2%2Fcategories&post=255445"},{"taxonomy":"post_tag","embeddable":true,"href":"http:\/\/vertienteglobal.com\/index.php?rest_route=%2Fwp%2Fv2%2Ftags&post=255445"}],"curies":[{"name":"wp","href":"https:\/\/api.w.org\/{rel}","templated":true}]}}