{"id":255403,"date":"2026-04-12T18:56:00","date_gmt":"2026-04-12T23:56:00","guid":{"rendered":"http:\/\/vertienteglobal.com\/?p=255403"},"modified":"2026-04-12T22:59:34","modified_gmt":"2026-04-13T03:59:34","slug":"inaugura-la-presidenta-de-mexico-claudia-sheinbaum-primer-polo-de-desarrollo-economico-en-el-pais","status":"publish","type":"post","link":"http:\/\/vertienteglobal.com\/?p=255403","title":{"rendered":"Inaugura la Presidenta de M\u00e9xico Claudia Sheinbaum primer Polo de Desarrollo Econ\u00f3mico en el pa\u00eds"},"content":{"rendered":"\n<div class=\"twitterbutton\" style=\"float: right; padding-left: 5px;\"><a href=\"http:\/\/twitter.com\/share\" class=\"twitter-share-button\" data-count=\"horizontal\" data-text=\"Inaugura la Presidenta de M\u00e9xico Claudia Sheinbaum primer Polo de Desarrollo Ec...\" data-via=\"https:\/\/twitter.com\/VertienteGloba1\" data-url=\"http:\/\/vertienteglobal.com\/?p=255403\" data-lang=\"es\" data-related=\"Informaci\u00f3n general:S\u00edguenos para que est\u00e9ss informado\"><\/a><\/div>\n<figure class=\"wp-block-image size-full\"><img loading=\"lazy\" decoding=\"async\" width=\"1024\" height=\"682\" src=\"http:\/\/vertienteglobal.com\/wp-content\/uploads\/2026\/04\/1001152006.webp\" alt=\"\" class=\"wp-image-255404\" srcset=\"http:\/\/vertienteglobal.com\/wp-content\/uploads\/2026\/04\/1001152006.webp 1024w, http:\/\/vertienteglobal.com\/wp-content\/uploads\/2026\/04\/1001152006-300x200.webp 300w, http:\/\/vertienteglobal.com\/wp-content\/uploads\/2026\/04\/1001152006-150x100.webp 150w, http:\/\/vertienteglobal.com\/wp-content\/uploads\/2026\/04\/1001152006-768x512.webp 768w\" sizes=\"auto, (max-width: 1024px) 100vw, 1024px\" \/><\/figure>\n\n\n\n<p>(Redacci\u00f3n)<\/p>\n\n\n\n<p>La mandataria mexicana, inaugur\u00f3 el primer polo de desarrollo del pa\u00eds, un proyecto que tiene una inversi\u00f3n de 540 millones de d\u00f3lares y generar\u00e1 m\u00e1s de 5 mil empleos directos e indirectos<\/p>\n\n\n\n<p>Ciudad de M\u00e9xico 12 de abril de 2026.-De gira este fin de semana, la presidenta Claudia Sheinbaum Pardo encabez\u00f3 acciones de gobierno en los estados de Morelos, Puebla y Tlaxcala.<\/p>\n\n\n\n<p>Y es que en Tlaxcala, la mandataria mexicana, inaugur\u00f3 el primer polo de desarrollo del pa\u00eds, un proyecto que tiene una inversi\u00f3n de 540 millones de d\u00f3lares y generar\u00e1 m\u00e1s de 5 mil empleos directos e indirectos.<\/p>\n\n\n\n<p>Tambi\u00e9n en esa entidad inaugur\u00f3 un nuevo campus de la universidad Rosario Castellanos.<\/p>\n\n\n\n<p>En Morelos, Sheinbaum Pardo,  entreg\u00f3 certificados de propiedad y reconocimientos a presidentas ejidales y conmemor\u00f3 el 107 Aniversario Luctuoso del Gral. Emiliano Zapata. <\/p>\n\n\n\n<p>Asimismo, en el municipio de Emiliano Zapata, adem\u00e1s otorg\u00f3 condonaciones de cr\u00e9ditos de vivienda, como parte de la meta de reestructurar 5 millones de cr\u00e9ditos.<\/p>\n\n\n\n<p>Mientras que en el estado de Puebla la mandataria entreg\u00f3 240 viviendas y 577 condonaciones de cr\u00e9dito a trav\u00e9s del programa Vivienda para el Bienestar.(Fuente: Gobierno federal)<\/p>\n","protected":false},"excerpt":{"rendered":"<p>(Redacci\u00f3n) La mandataria mexicana, inaugur\u00f3 el primer polo de desarrollo del pa\u00eds, un proyecto que tiene una inversi\u00f3n de 540 millones de d\u00f3lares y generar\u00e1 m\u00e1s de 5 mil empleos directos e indirectos Ciudad de M\u00e9xico 12 de abril de 2026.-De gira este fin de semana, la presidenta Claudia Sheinbaum Pardo encabez\u00f3 acciones de gobierno [&hellip;]<\/p>\n","protected":false},"author":6,"featured_media":255404,"comment_status":"open","ping_status":"open","sticky":false,"template":"","format":"standard","meta":{"footnotes":""},"categories":[8],"tags":[],"class_list":["post-255403","post","type-post","status-publish","format-standard","has-post-thumbnail","hentry","category-pais","entry","has-media"],"jetpack_featured_media_url":"http:\/\/vertienteglobal.com\/wp-content\/uploads\/2026\/04\/1001152006.webp","_links":{"self":[{"href":"http:\/\/vertienteglobal.com\/index.php?rest_route=\/wp\/v2\/posts\/255403","targetHints":{"allow":["GET"]}}],"collection":[{"href":"http:\/\/vertienteglobal.com\/index.php?rest_route=\/wp\/v2\/posts"}],"about":[{"href":"http:\/\/vertienteglobal.com\/index.php?rest_route=\/wp\/v2\/types\/post"}],"author":[{"embeddable":true,"href":"http:\/\/vertienteglobal.com\/index.php?rest_route=\/wp\/v2\/users\/6"}],"replies":[{"embeddable":true,"href":"http:\/\/vertienteglobal.com\/index.php?rest_route=%2Fwp%2Fv2%2Fcomments&post=255403"}],"version-history":[{"count":1,"href":"http:\/\/vertienteglobal.com\/index.php?rest_route=\/wp\/v2\/posts\/255403\/revisions"}],"predecessor-version":[{"id":255405,"href":"http:\/\/vertienteglobal.com\/index.php?rest_route=\/wp\/v2\/posts\/255403\/revisions\/255405"}],"wp:featuredmedia":[{"embeddable":true,"href":"http:\/\/vertienteglobal.com\/index.php?rest_route=\/wp\/v2\/media\/255404"}],"wp:attachment":[{"href":"http:\/\/vertienteglobal.com\/index.php?rest_route=%2Fwp%2Fv2%2Fmedia&parent=255403"}],"wp:term":[{"taxonomy":"category","embeddable":true,"href":"http:\/\/vertienteglobal.com\/index.php?rest_route=%2Fwp%2Fv2%2Fcategories&post=255403"},{"taxonomy":"post_tag","embeddable":true,"href":"http:\/\/vertienteglobal.com\/index.php?rest_route=%2Fwp%2Fv2%2Ftags&post=255403"}],"curies":[{"name":"wp","href":"https:\/\/api.w.org\/{rel}","templated":true}]}}