{"id":255394,"date":"2026-04-11T18:58:00","date_gmt":"2026-04-11T23:58:00","guid":{"rendered":"http:\/\/vertienteglobal.com\/?p=255394"},"modified":"2026-04-12T22:53:19","modified_gmt":"2026-04-13T03:53:19","slug":"aldo-heffner-nuevo-economista-en-jefe-del-banco-de-mexico","status":"publish","type":"post","link":"http:\/\/vertienteglobal.com\/?p=255394","title":{"rendered":"Aldo Heffner, nuevo economista en jefe del Banco de M\u00e9xico"},"content":{"rendered":"\n<div class=\"twitterbutton\" style=\"float: right; padding-left: 5px;\"><a href=\"http:\/\/twitter.com\/share\" class=\"twitter-share-button\" data-count=\"horizontal\" data-text=\"Aldo Heffner, nuevo economista en jefe del Banco de M\u00e9xico\" data-via=\"https:\/\/twitter.com\/VertienteGloba1\" data-url=\"http:\/\/vertienteglobal.com\/?p=255394\" data-lang=\"es\" data-related=\"Informaci\u00f3n general:S\u00edguenos para que est\u00e9ss informado\"><\/a><\/div>\n<figure class=\"wp-block-image size-full\"><img loading=\"lazy\" decoding=\"async\" width=\"1024\" height=\"683\" src=\"http:\/\/vertienteglobal.com\/wp-content\/uploads\/2026\/04\/1001151948.webp\" alt=\"\" class=\"wp-image-255395\" srcset=\"http:\/\/vertienteglobal.com\/wp-content\/uploads\/2026\/04\/1001151948.webp 1024w, http:\/\/vertienteglobal.com\/wp-content\/uploads\/2026\/04\/1001151948-300x200.webp 300w, http:\/\/vertienteglobal.com\/wp-content\/uploads\/2026\/04\/1001151948-150x100.webp 150w, http:\/\/vertienteglobal.com\/wp-content\/uploads\/2026\/04\/1001151948-768x512.webp 768w\" sizes=\"auto, (max-width: 1024px) 100vw, 1024px\" \/><\/figure>\n\n\n\n<p>(Redacci\u00f3n)<\/p>\n\n\n\n<p>Heffner es egresado del Instituto Tecnol\u00f3gico Aut\u00f3nomo de M\u00e9xico (ITAM) y tiene una maestr\u00eda en Econom\u00eda por la Universidad Northwestern<\/p>\n\n\n\n<p>Ciudad de M\u00e9xico 11 de abril de 2026.-El Banco de M\u00e9xico (Banxico) design\u00f3 a Aldo Heffner Rodr\u00edguez como su nuevo economista en jefe, cargo que permanec\u00eda vacante desde hace seis meses tras la salida de Alejandrina Salcedo.<\/p>\n\n\n\n<p>El nombramiento entrar\u00e1 en vigor el pr\u00f3ximo 13 de abril, seg\u00fan informaci\u00f3n difundida por Bloomberg News.<\/p>\n\n\n\n<p>Heffner, quien se desempe\u00f1aba como director de la Divisi\u00f3n de Medici\u00f3n Econ\u00f3mica desde 2018, cuenta con trayectoria dentro del banco central desde 2015.<\/p>\n\n\n\n<p>Como parte de los ajustes internos, Nicol\u00e1s Amoroso Plaza asumir\u00e1 la posici\u00f3n que deja Heffner, mientras que Julio Carrillo Abrego ser\u00e1 el nuevo jefe de an\u00e1lisis macroecon\u00f3mico y Jamel Kevin Sandoval Hern\u00e1ndez Gonz\u00e1lez ocupar\u00e1 la gerencia de investigaci\u00f3n monetaria.<\/p>\n\n\n\n<p>Heffner es egresado del Instituto Tecnol\u00f3gico Aut\u00f3nomo de M\u00e9xico (ITAM) y tiene una maestr\u00eda en Econom\u00eda por la Universidad Northwestern.<\/p>\n\n\n\n<p>Su trabajo se ha enfocado en temas como crecimiento econ\u00f3mico, productividad y mercado laboral, adem\u00e1s de participar en diversas investigaciones sobre inversi\u00f3n extranjera y automatizaci\u00f3n en M\u00e9xico.<\/p>\n","protected":false},"excerpt":{"rendered":"<p>(Redacci\u00f3n) Heffner es egresado del Instituto Tecnol\u00f3gico Aut\u00f3nomo de M\u00e9xico (ITAM) y tiene una maestr\u00eda en Econom\u00eda por la Universidad Northwestern Ciudad de M\u00e9xico 11 de abril de 2026.-El Banco de M\u00e9xico (Banxico) design\u00f3 a Aldo Heffner Rodr\u00edguez como su nuevo economista en jefe, cargo que permanec\u00eda vacante desde hace seis meses tras la salida [&hellip;]<\/p>\n","protected":false},"author":6,"featured_media":255395,"comment_status":"open","ping_status":"open","sticky":false,"template":"","format":"standard","meta":{"footnotes":""},"categories":[8],"tags":[],"class_list":["post-255394","post","type-post","status-publish","format-standard","has-post-thumbnail","hentry","category-pais","entry","has-media"],"jetpack_featured_media_url":"http:\/\/vertienteglobal.com\/wp-content\/uploads\/2026\/04\/1001151948.webp","_links":{"self":[{"href":"http:\/\/vertienteglobal.com\/index.php?rest_route=\/wp\/v2\/posts\/255394","targetHints":{"allow":["GET"]}}],"collection":[{"href":"http:\/\/vertienteglobal.com\/index.php?rest_route=\/wp\/v2\/posts"}],"about":[{"href":"http:\/\/vertienteglobal.com\/index.php?rest_route=\/wp\/v2\/types\/post"}],"author":[{"embeddable":true,"href":"http:\/\/vertienteglobal.com\/index.php?rest_route=\/wp\/v2\/users\/6"}],"replies":[{"embeddable":true,"href":"http:\/\/vertienteglobal.com\/index.php?rest_route=%2Fwp%2Fv2%2Fcomments&post=255394"}],"version-history":[{"count":1,"href":"http:\/\/vertienteglobal.com\/index.php?rest_route=\/wp\/v2\/posts\/255394\/revisions"}],"predecessor-version":[{"id":255396,"href":"http:\/\/vertienteglobal.com\/index.php?rest_route=\/wp\/v2\/posts\/255394\/revisions\/255396"}],"wp:featuredmedia":[{"embeddable":true,"href":"http:\/\/vertienteglobal.com\/index.php?rest_route=\/wp\/v2\/media\/255395"}],"wp:attachment":[{"href":"http:\/\/vertienteglobal.com\/index.php?rest_route=%2Fwp%2Fv2%2Fmedia&parent=255394"}],"wp:term":[{"taxonomy":"category","embeddable":true,"href":"http:\/\/vertienteglobal.com\/index.php?rest_route=%2Fwp%2Fv2%2Fcategories&post=255394"},{"taxonomy":"post_tag","embeddable":true,"href":"http:\/\/vertienteglobal.com\/index.php?rest_route=%2Fwp%2Fv2%2Ftags&post=255394"}],"curies":[{"name":"wp","href":"https:\/\/api.w.org\/{rel}","templated":true}]}}