{"id":255311,"date":"2026-04-12T17:50:00","date_gmt":"2026-04-12T22:50:00","guid":{"rendered":"http:\/\/vertienteglobal.com\/?p=255311"},"modified":"2026-04-12T19:10:37","modified_gmt":"2026-04-13T00:10:37","slug":"mara-lezama-reabre-el-parque-del-puente-colgante-corazon-familiar-de-chetumal","status":"publish","type":"post","link":"http:\/\/vertienteglobal.com\/?p=255311","title":{"rendered":"Mara Lezama reabre el Parque del Puente Colgante, coraz\u00f3n familiar de Chetumal"},"content":{"rendered":"\n<div class=\"twitterbutton\" style=\"float: right; padding-left: 5px;\"><a href=\"http:\/\/twitter.com\/share\" class=\"twitter-share-button\" data-count=\"horizontal\" data-text=\"Mara Lezama reabre el Parque del Puente Colgante, coraz\u00f3n familiar de Chetumal\" data-via=\"https:\/\/twitter.com\/VertienteGloba1\" data-url=\"http:\/\/vertienteglobal.com\/?p=255311\" data-lang=\"es\" data-related=\"Informaci\u00f3n general:S\u00edguenos para que est\u00e9ss informado\"><\/a><\/div>\n<figure class=\"wp-block-image size-large\"><img loading=\"lazy\" decoding=\"async\" width=\"1024\" height=\"683\" src=\"http:\/\/vertienteglobal.com\/wp-content\/uploads\/2026\/04\/WhatsApp-Image-2026-04-12-at-5.40.56-PM-1-1024x683.jpeg\" alt=\"\" class=\"wp-image-255312\" srcset=\"http:\/\/vertienteglobal.com\/wp-content\/uploads\/2026\/04\/WhatsApp-Image-2026-04-12-at-5.40.56-PM-1-1024x683.jpeg 1024w, http:\/\/vertienteglobal.com\/wp-content\/uploads\/2026\/04\/WhatsApp-Image-2026-04-12-at-5.40.56-PM-1-300x200.jpeg 300w, http:\/\/vertienteglobal.com\/wp-content\/uploads\/2026\/04\/WhatsApp-Image-2026-04-12-at-5.40.56-PM-1-150x100.jpeg 150w, http:\/\/vertienteglobal.com\/wp-content\/uploads\/2026\/04\/WhatsApp-Image-2026-04-12-at-5.40.56-PM-1-768x512.jpeg 768w, http:\/\/vertienteglobal.com\/wp-content\/uploads\/2026\/04\/WhatsApp-Image-2026-04-12-at-5.40.56-PM-1.jpeg 1280w\" sizes=\"auto, (max-width: 1024px) 100vw, 1024px\" \/><\/figure>\n\n\n\n<p>(Redacci\u00f3n)<\/p>\n\n\n\n<p>Con espacios renovados, \u00e1reas verdes rehabilitadas y juegos infantiles rescatados, la Gobernadora impulsa la convivencia, la salud y la reconstrucci\u00f3n del tejido social<\/p>\n\n\n\n<p>Chetumal, Quintana Roo, a 12 de abril de 2026.- Como parte del programa de rescate de espacios p\u00fablicos \u201cQue brille Chetumal\u201d, la gobernadora Mara Lezama Espinosa anunci\u00f3 la reapertura del Parque del Puente Colgante, un sitio emblem\u00e1tico de la capital del estado que durante a\u00f1os ha sido punto de encuentro para las familias de la ciudad.<\/p>\n\n\n\n<p>Para lograrlo, la Gobernadora inform\u00f3 que el parque fue rehabilitado de manera integral en beneficio directo de m\u00e1s de 6 mil 300 habitantes, con trabajos que incluyeron pintura, carpinter\u00eda y herrer\u00eda, as\u00ed como la recuperaci\u00f3n de juegos infantiles, instalaci\u00f3n de columpios y mejora de \u00e1reas verdes.<\/p>\n\n\n\n<p>Mara Lezama estuvo en el sitio para constatar los trabajos realizados y para observar la belleza nocturna del lugar con iluminaci\u00f3n. \u201cQue vean, es maravilloso; este lugar es para compartir, para disfrutar, con todas las familias, ni\u00f1as, ni\u00f1os, adolescentes, pap\u00e1s, mam\u00e1s, abuelitas, abuelitos\u201d, invit\u00f3 la Gobernadora.<\/p>\n\n\n\n<p>Mara Lezama destac\u00f3 que cada intervenci\u00f3n tuvo como objetivo devolver la dignidad a este espacio p\u00fablico y garantizar condiciones seguras para la convivencia comunitaria. \u201cEste parque vuelve a latir\u201d, expres\u00f3, al subrayar su valor como lugar de esparcimiento para ni\u00f1as, ni\u00f1os, personas adultas mayores y familias en general.<\/p>\n\n\n\n<p>Adem\u00e1s de su funci\u00f3n recreativa, el parque cumple un papel relevante en la salud f\u00edsica y mental de la poblaci\u00f3n, al promover la actividad f\u00edsica, la convivencia social y servir como un \u201cpulm\u00f3n ambiental\u201d dentro de la capital del estado.<\/p>\n\n\n\n<p>La reapertura del Parque del Puente Colgante forma parte de una estrategia m\u00e1s amplia orientada a fortalecer el tejido social y construir paz mediante la recuperaci\u00f3n de espacios p\u00fablicos, en donde la participaci\u00f3n ciudadana y la colaboraci\u00f3n con el gobierno son fundamentales.<\/p>\n\n\n\n<p>\u201cCuando un espacio p\u00fablico se rescata, se fortalece la comunidad. Estas acciones de gobierno suceden cuando todos colaboramos: cuando un gobierno escucha, cuando la comunidad participa y cuando el bienestar de la gente se coloca en el centro de las decisiones. Porque donde hay comunidad, hay esperanza. Y donde hay esperanza, siempre habr\u00e1 transformaci\u00f3n\u201d, puntualiz\u00f3 la gobernadora Mara Lezama.<\/p>\n\n\n\n<figure class=\"wp-block-image size-full\"><img loading=\"lazy\" decoding=\"async\" width=\"585\" height=\"390\" src=\"http:\/\/vertienteglobal.com\/wp-content\/uploads\/2026\/04\/1001151618.jpg\" alt=\"\" class=\"wp-image-255313\" srcset=\"http:\/\/vertienteglobal.com\/wp-content\/uploads\/2026\/04\/1001151618.jpg 585w, http:\/\/vertienteglobal.com\/wp-content\/uploads\/2026\/04\/1001151618-300x200.jpg 300w, http:\/\/vertienteglobal.com\/wp-content\/uploads\/2026\/04\/1001151618-150x100.jpg 150w\" sizes=\"auto, (max-width: 585px) 100vw, 585px\" \/><\/figure>\n\n\n\n<figure class=\"wp-block-image size-full\"><img loading=\"lazy\" decoding=\"async\" width=\"585\" height=\"390\" src=\"http:\/\/vertienteglobal.com\/wp-content\/uploads\/2026\/04\/1001151617.jpg\" alt=\"\" class=\"wp-image-255314\" srcset=\"http:\/\/vertienteglobal.com\/wp-content\/uploads\/2026\/04\/1001151617.jpg 585w, http:\/\/vertienteglobal.com\/wp-content\/uploads\/2026\/04\/1001151617-300x200.jpg 300w, http:\/\/vertienteglobal.com\/wp-content\/uploads\/2026\/04\/1001151617-150x100.jpg 150w\" sizes=\"auto, (max-width: 585px) 100vw, 585px\" \/><\/figure>\n\n\n\n<figure class=\"wp-block-image size-full\"><img loading=\"lazy\" decoding=\"async\" width=\"585\" height=\"390\" src=\"http:\/\/vertienteglobal.com\/wp-content\/uploads\/2026\/04\/1001151616.jpg\" alt=\"\" class=\"wp-image-255315\" srcset=\"http:\/\/vertienteglobal.com\/wp-content\/uploads\/2026\/04\/1001151616.jpg 585w, http:\/\/vertienteglobal.com\/wp-content\/uploads\/2026\/04\/1001151616-300x200.jpg 300w, http:\/\/vertienteglobal.com\/wp-content\/uploads\/2026\/04\/1001151616-150x100.jpg 150w\" sizes=\"auto, (max-width: 585px) 100vw, 585px\" \/><\/figure>\n","protected":false},"excerpt":{"rendered":"<p>(Redacci\u00f3n) Con espacios renovados, \u00e1reas verdes rehabilitadas y juegos infantiles rescatados, la Gobernadora impulsa la convivencia, la salud y la reconstrucci\u00f3n del tejido social Chetumal, Quintana Roo, a 12 de abril de 2026.- Como parte del programa de rescate de espacios p\u00fablicos \u201cQue brille Chetumal\u201d, la gobernadora Mara Lezama Espinosa anunci\u00f3 la reapertura del Parque [&hellip;]<\/p>\n","protected":false},"author":6,"featured_media":255312,"comment_status":"open","ping_status":"open","sticky":false,"template":"","format":"standard","meta":{"footnotes":""},"categories":[3],"tags":[],"class_list":["post-255311","post","type-post","status-publish","format-standard","has-post-thumbnail","hentry","category-quintana-roo","entry","has-media"],"jetpack_featured_media_url":"http:\/\/vertienteglobal.com\/wp-content\/uploads\/2026\/04\/WhatsApp-Image-2026-04-12-at-5.40.56-PM-1.jpeg","_links":{"self":[{"href":"http:\/\/vertienteglobal.com\/index.php?rest_route=\/wp\/v2\/posts\/255311","targetHints":{"allow":["GET"]}}],"collection":[{"href":"http:\/\/vertienteglobal.com\/index.php?rest_route=\/wp\/v2\/posts"}],"about":[{"href":"http:\/\/vertienteglobal.com\/index.php?rest_route=\/wp\/v2\/types\/post"}],"author":[{"embeddable":true,"href":"http:\/\/vertienteglobal.com\/index.php?rest_route=\/wp\/v2\/users\/6"}],"replies":[{"embeddable":true,"href":"http:\/\/vertienteglobal.com\/index.php?rest_route=%2Fwp%2Fv2%2Fcomments&post=255311"}],"version-history":[{"count":1,"href":"http:\/\/vertienteglobal.com\/index.php?rest_route=\/wp\/v2\/posts\/255311\/revisions"}],"predecessor-version":[{"id":255316,"href":"http:\/\/vertienteglobal.com\/index.php?rest_route=\/wp\/v2\/posts\/255311\/revisions\/255316"}],"wp:featuredmedia":[{"embeddable":true,"href":"http:\/\/vertienteglobal.com\/index.php?rest_route=\/wp\/v2\/media\/255312"}],"wp:attachment":[{"href":"http:\/\/vertienteglobal.com\/index.php?rest_route=%2Fwp%2Fv2%2Fmedia&parent=255311"}],"wp:term":[{"taxonomy":"category","embeddable":true,"href":"http:\/\/vertienteglobal.com\/index.php?rest_route=%2Fwp%2Fv2%2Fcategories&post=255311"},{"taxonomy":"post_tag","embeddable":true,"href":"http:\/\/vertienteglobal.com\/index.php?rest_route=%2Fwp%2Fv2%2Ftags&post=255311"}],"curies":[{"name":"wp","href":"https:\/\/api.w.org\/{rel}","templated":true}]}}