{"id":255233,"date":"2026-04-09T15:30:00","date_gmt":"2026-04-09T20:30:00","guid":{"rendered":"http:\/\/vertienteglobal.com\/?p=255233"},"modified":"2026-04-12T10:32:34","modified_gmt":"2026-04-12T15:32:34","slug":"procivy-alerta-por-aumento-gradual-de-temperaturas-en-yucatan","status":"publish","type":"post","link":"http:\/\/vertienteglobal.com\/?p=255233","title":{"rendered":"Procivy alerta por aumento gradual de temperaturas en Yucat\u00e1n"},"content":{"rendered":"\n<div class=\"twitterbutton\" style=\"float: right; padding-left: 5px;\"><a href=\"http:\/\/twitter.com\/share\" class=\"twitter-share-button\" data-count=\"horizontal\" data-text=\"Procivy alerta por aumento gradual de temperaturas en Yucat\u00e1n\" data-via=\"https:\/\/twitter.com\/VertienteGloba1\" data-url=\"http:\/\/vertienteglobal.com\/?p=255233\" data-lang=\"es\" data-related=\"Informaci\u00f3n general:S\u00edguenos para que est\u00e9ss informado\"><\/a><\/div>\n<figure class=\"wp-block-image size-full\"><img loading=\"lazy\" decoding=\"async\" width=\"731\" height=\"590\" src=\"http:\/\/vertienteglobal.com\/wp-content\/uploads\/2026\/04\/1001150301.jpg\" alt=\"\" class=\"wp-image-255234\" srcset=\"http:\/\/vertienteglobal.com\/wp-content\/uploads\/2026\/04\/1001150301.jpg 731w, http:\/\/vertienteglobal.com\/wp-content\/uploads\/2026\/04\/1001150301-300x242.jpg 300w, http:\/\/vertienteglobal.com\/wp-content\/uploads\/2026\/04\/1001150301-150x121.jpg 150w\" sizes=\"auto, (max-width: 731px) 100vw, 731px\" \/><\/figure>\n\n\n\n<p>(Redacci\u00f3n)<\/p>\n\n\n\n<p><em>La Coordinaci\u00f3n Estatal de Protecci\u00f3n Civil recomend\u00f3 evitar la exposici\u00f3n prolongada al sol y mantener especial cuidado con la poblaci\u00f3n vulnerable<\/em><\/p>\n\n\n\n<p>M\u00e9rida, Yucat\u00e1n, a 9 de abril de 2026.-El Gobierno del Estado, a trav\u00e9s de la Coordinaci\u00f3n Estatal de Protecci\u00f3n Civil (Procivy), inform\u00f3 que en los pr\u00f3ximos d\u00edas se prev\u00e9 un incremento gradual de las temperaturas en gran parte de Yucat\u00e1n, por lo que exhort\u00f3 a la poblaci\u00f3n a tomar medidas preventivas para proteger su salud.<\/p>\n\n\n\n<p>El titular de Procivy, Hern\u00e1n Hern\u00e1ndez Rodr\u00edguez, detall\u00f3 que se esperan temperaturas promedio de entre 36 y 39 grados Celsius, con m\u00e1ximas que podr\u00edan alcanzar de 40 a 42 grados, especialmente durante la segunda quincena de abril.<\/p>\n\n\n\n<p>Explic\u00f3 que estas condiciones se encuentran dentro de lo esperado para la temporada, debido a la alta radiaci\u00f3n solar, la baja cobertura nubosa y la estabilidad atmosf\u00e9rica. No obstante, advirti\u00f3 que este escenario puede generar afectaciones a la salud, por lo que hizo un llamado a extremar precauciones, sobre todo en el caso de ni\u00f1as, ni\u00f1os, personas adultas mayores y personas con enfermedades cr\u00f3nicas.<\/p>\n\n\n\n<p>De acuerdo con el an\u00e1lisis del Centro Estatal de Monitoreo y Alertamiento, las regiones suroeste, centro y noroeste del estado registrar\u00e1n las temperaturas m\u00e1s elevadas, con valores que podr\u00edan superar los 41 grados, incluida la zona urbana de M\u00e9rida y su \u00e1rea conurbada.<\/p>\n\n\n\n<p>En estas zonas tambi\u00e9n se prev\u00e9 un alto riesgo t\u00e9rmico, con posible aumento en la sensaci\u00f3n de calor por efecto de isla de calor urbana.<\/p>\n\n\n\n<p>En la zona costera, en cambio, se espera una ligera moderaci\u00f3n de las temperaturas por la influencia del aire mar\u00edtimo, con promedios de entre 34 y 36 grados y m\u00e1ximas que podr\u00edan superar los 38 grados. Entre los principales riesgos asociados a estas condiciones se encuentran el golpe de calor, la deshidrataci\u00f3n, la insolaci\u00f3n y la fatiga t\u00e9rmica.<\/p>\n\n\n\n<p>Ante este panorama, Procivy recomend\u00f3 evitar la exposici\u00f3n directa al sol entre las 11:00 a.m. y las 4:00 p.m., mantenerse hidratado de manera constante, usar ropa ligera y de colores claros, as\u00ed como gorra o sombrero, permanecer en lugares frescos y ventilados, no dejar a personas ni mascotas dentro de veh\u00edculos cerrados y prestar especial atenci\u00f3n a la poblaci\u00f3n m\u00e1s vulnerable.<\/p>\n\n\n\n<p>La dependencia se\u00f1al\u00f3 que mantendr\u00e1 el monitoreo permanente de las condiciones meteorol\u00f3gicas y emitir\u00e1 informaci\u00f3n oportuna a trav\u00e9s de sus canales oficiales, por lo que invit\u00f3 a la ciudadan\u00eda a mantenerse informada y atender las indicaciones de las autoridades.<\/p>\n","protected":false},"excerpt":{"rendered":"<p>(Redacci\u00f3n) La Coordinaci\u00f3n Estatal de Protecci\u00f3n Civil recomend\u00f3 evitar la exposici\u00f3n prolongada al sol y mantener especial cuidado con la poblaci\u00f3n vulnerable M\u00e9rida, Yucat\u00e1n, a 9 de abril de 2026.-El Gobierno del Estado, a trav\u00e9s de la Coordinaci\u00f3n Estatal de Protecci\u00f3n Civil (Procivy), inform\u00f3 que en los pr\u00f3ximos d\u00edas se prev\u00e9 un incremento gradual de [&hellip;]<\/p>\n","protected":false},"author":6,"featured_media":255234,"comment_status":"open","ping_status":"open","sticky":false,"template":"","format":"standard","meta":{"footnotes":""},"categories":[2],"tags":[],"class_list":["post-255233","post","type-post","status-publish","format-standard","has-post-thumbnail","hentry","category-yucatan","entry","has-media"],"jetpack_featured_media_url":"http:\/\/vertienteglobal.com\/wp-content\/uploads\/2026\/04\/1001150301.jpg","_links":{"self":[{"href":"http:\/\/vertienteglobal.com\/index.php?rest_route=\/wp\/v2\/posts\/255233","targetHints":{"allow":["GET"]}}],"collection":[{"href":"http:\/\/vertienteglobal.com\/index.php?rest_route=\/wp\/v2\/posts"}],"about":[{"href":"http:\/\/vertienteglobal.com\/index.php?rest_route=\/wp\/v2\/types\/post"}],"author":[{"embeddable":true,"href":"http:\/\/vertienteglobal.com\/index.php?rest_route=\/wp\/v2\/users\/6"}],"replies":[{"embeddable":true,"href":"http:\/\/vertienteglobal.com\/index.php?rest_route=%2Fwp%2Fv2%2Fcomments&post=255233"}],"version-history":[{"count":1,"href":"http:\/\/vertienteglobal.com\/index.php?rest_route=\/wp\/v2\/posts\/255233\/revisions"}],"predecessor-version":[{"id":255235,"href":"http:\/\/vertienteglobal.com\/index.php?rest_route=\/wp\/v2\/posts\/255233\/revisions\/255235"}],"wp:featuredmedia":[{"embeddable":true,"href":"http:\/\/vertienteglobal.com\/index.php?rest_route=\/wp\/v2\/media\/255234"}],"wp:attachment":[{"href":"http:\/\/vertienteglobal.com\/index.php?rest_route=%2Fwp%2Fv2%2Fmedia&parent=255233"}],"wp:term":[{"taxonomy":"category","embeddable":true,"href":"http:\/\/vertienteglobal.com\/index.php?rest_route=%2Fwp%2Fv2%2Fcategories&post=255233"},{"taxonomy":"post_tag","embeddable":true,"href":"http:\/\/vertienteglobal.com\/index.php?rest_route=%2Fwp%2Fv2%2Ftags&post=255233"}],"curies":[{"name":"wp","href":"https:\/\/api.w.org\/{rel}","templated":true}]}}