{"id":255061,"date":"2026-04-07T08:04:00","date_gmt":"2026-04-07T13:04:00","guid":{"rendered":"http:\/\/vertienteglobal.com\/?p=255061"},"modified":"2026-04-07T10:22:14","modified_gmt":"2026-04-07T15:22:14","slug":"anuncian-registro-para-credencial-universal-de-salud","status":"publish","type":"post","link":"http:\/\/vertienteglobal.com\/?p=255061","title":{"rendered":"Anuncian registro para Credencial Universal de Salud"},"content":{"rendered":"\n<div class=\"twitterbutton\" style=\"float: right; padding-left: 5px;\"><a href=\"http:\/\/twitter.com\/share\" class=\"twitter-share-button\" data-count=\"horizontal\" data-text=\"Anuncian registro para Credencial Universal de Salud\" data-via=\"https:\/\/twitter.com\/VertienteGloba1\" data-url=\"http:\/\/vertienteglobal.com\/?p=255061\" data-lang=\"es\" data-related=\"Informaci\u00f3n general:S\u00edguenos para que est\u00e9ss informado\"><\/a><\/div>\n<figure class=\"wp-block-image size-full\"><img loading=\"lazy\" decoding=\"async\" width=\"1024\" height=\"683\" src=\"http:\/\/vertienteglobal.com\/wp-content\/uploads\/2026\/04\/1001137145.webp\" alt=\"\" class=\"wp-image-255062\" srcset=\"http:\/\/vertienteglobal.com\/wp-content\/uploads\/2026\/04\/1001137145.webp 1024w, http:\/\/vertienteglobal.com\/wp-content\/uploads\/2026\/04\/1001137145-300x200.webp 300w, http:\/\/vertienteglobal.com\/wp-content\/uploads\/2026\/04\/1001137145-150x100.webp 150w, http:\/\/vertienteglobal.com\/wp-content\/uploads\/2026\/04\/1001137145-768x512.webp 768w\" sizes=\"auto, (max-width: 1024px) 100vw, 1024px\" \/><\/figure>\n\n\n\n<p>(Redacci\u00f3n)<\/p>\n\n\n\n<p>Los requisitos son: Identificaci\u00f3n oficial, comprobante de domicilio, acta de nacimiento, CURP certificada y tel\u00e9fono de contacto<\/p>\n\n\n\n<p>Ciudad de M\u00e9xico 7 abril 2026.-La Secretaria del Biernestar, Ariadna Montiel, dio a conocer que iniciar\u00e1 el registro a la Credencial Universal de Salud.<\/p>\n\n\n\n<p>Y es que en conferencia ma\u00f1anera, la funcionar\u00eda federal, detall\u00f3 que el registro ser\u00e1 del 13 al 30 de abril solo para adultos mayores de 85 a\u00f1os y tambi\u00e9n se registrar\u00e1 a quien en ese momento los acompa\u00f1e.<\/p>\n\n\n\n<p>De momento se iniciar\u00e1 en las capitales de cada estado a partir del d\u00eda 13 de abril..<\/p>\n\n\n\n<p>Los requisitos son: Identificaci\u00f3n oficial, comprobante de domicilio, acta de nacimiento, CURP certificada y tel\u00e9fono de contacto.<\/p>\n\n\n\n<p>Este es el orden de registro:<\/p>\n\n\n\n<p>13 y 27 de abril letras A y B<br>14 y 28 de abril letra C<br>15 y 29 de abril letras D,E,F<br>16 y 30 de abril letra G<br>17 de abrilletra H,I,J,K,L<br>18 de abril rezagados de la A &#8211; L<br>20 de abril letra M<br>21de abril letra N,\u00d1,O,P,Q<br>22 de abril letra R<br>23 de abril letra S,T,U<br>24 de abril letra V,W,X,Y,Z<br>25 de abril rezagados letras M-Z<\/p>\n\n\n\n<p>La funcionara agreg\u00f3 que m\u00e1s adelante se dar\u00e1 a conocer que grupo de edad continuar\u00e1 en el registro.<\/p>\n\n\n\n<figure class=\"wp-block-image size-full\"><img loading=\"lazy\" decoding=\"async\" width=\"960\" height=\"640\" src=\"http:\/\/vertienteglobal.com\/wp-content\/uploads\/2026\/04\/1001137144.webp\" alt=\"\" class=\"wp-image-255063\" srcset=\"http:\/\/vertienteglobal.com\/wp-content\/uploads\/2026\/04\/1001137144.webp 960w, http:\/\/vertienteglobal.com\/wp-content\/uploads\/2026\/04\/1001137144-300x200.webp 300w, http:\/\/vertienteglobal.com\/wp-content\/uploads\/2026\/04\/1001137144-150x100.webp 150w, http:\/\/vertienteglobal.com\/wp-content\/uploads\/2026\/04\/1001137144-768x512.webp 768w\" sizes=\"auto, (max-width: 960px) 100vw, 960px\" \/><\/figure>\n","protected":false},"excerpt":{"rendered":"<p>(Redacci\u00f3n) Los requisitos son: Identificaci\u00f3n oficial, comprobante de domicilio, acta de nacimiento, CURP certificada y tel\u00e9fono de contacto Ciudad de M\u00e9xico 7 abril 2026.-La Secretaria del Biernestar, Ariadna Montiel, dio a conocer que iniciar\u00e1 el registro a la Credencial Universal de Salud. Y es que en conferencia ma\u00f1anera, la funcionar\u00eda federal, detall\u00f3 que el registro [&hellip;]<\/p>\n","protected":false},"author":6,"featured_media":255062,"comment_status":"open","ping_status":"open","sticky":false,"template":"","format":"standard","meta":{"footnotes":""},"categories":[8],"tags":[],"class_list":["post-255061","post","type-post","status-publish","format-standard","has-post-thumbnail","hentry","category-pais","entry","has-media"],"jetpack_featured_media_url":"http:\/\/vertienteglobal.com\/wp-content\/uploads\/2026\/04\/1001137145.webp","_links":{"self":[{"href":"http:\/\/vertienteglobal.com\/index.php?rest_route=\/wp\/v2\/posts\/255061","targetHints":{"allow":["GET"]}}],"collection":[{"href":"http:\/\/vertienteglobal.com\/index.php?rest_route=\/wp\/v2\/posts"}],"about":[{"href":"http:\/\/vertienteglobal.com\/index.php?rest_route=\/wp\/v2\/types\/post"}],"author":[{"embeddable":true,"href":"http:\/\/vertienteglobal.com\/index.php?rest_route=\/wp\/v2\/users\/6"}],"replies":[{"embeddable":true,"href":"http:\/\/vertienteglobal.com\/index.php?rest_route=%2Fwp%2Fv2%2Fcomments&post=255061"}],"version-history":[{"count":1,"href":"http:\/\/vertienteglobal.com\/index.php?rest_route=\/wp\/v2\/posts\/255061\/revisions"}],"predecessor-version":[{"id":255064,"href":"http:\/\/vertienteglobal.com\/index.php?rest_route=\/wp\/v2\/posts\/255061\/revisions\/255064"}],"wp:featuredmedia":[{"embeddable":true,"href":"http:\/\/vertienteglobal.com\/index.php?rest_route=\/wp\/v2\/media\/255062"}],"wp:attachment":[{"href":"http:\/\/vertienteglobal.com\/index.php?rest_route=%2Fwp%2Fv2%2Fmedia&parent=255061"}],"wp:term":[{"taxonomy":"category","embeddable":true,"href":"http:\/\/vertienteglobal.com\/index.php?rest_route=%2Fwp%2Fv2%2Fcategories&post=255061"},{"taxonomy":"post_tag","embeddable":true,"href":"http:\/\/vertienteglobal.com\/index.php?rest_route=%2Fwp%2Fv2%2Ftags&post=255061"}],"curies":[{"name":"wp","href":"https:\/\/api.w.org\/{rel}","templated":true}]}}