{"id":254499,"date":"2026-03-26T19:02:00","date_gmt":"2026-03-27T01:02:00","guid":{"rendered":"http:\/\/vertienteglobal.com\/?p=254499"},"modified":"2026-03-31T08:02:31","modified_gmt":"2026-03-31T14:02:31","slug":"mexico-busca-fortalecer-registro-de-cancer-para-mejorar-decisiones-en-salud","status":"publish","type":"post","link":"http:\/\/vertienteglobal.com\/?p=254499","title":{"rendered":"M\u00e9xico busca fortalecer registro de c\u00e1ncer para mejorar decisiones en salud"},"content":{"rendered":"\n<div class=\"twitterbutton\" style=\"float: right; padding-left: 5px;\"><a href=\"http:\/\/twitter.com\/share\" class=\"twitter-share-button\" data-count=\"horizontal\" data-text=\"M\u00e9xico busca fortalecer registro de c\u00e1ncer para mejorar decisiones en salud\" data-via=\"https:\/\/twitter.com\/VertienteGloba1\" data-url=\"http:\/\/vertienteglobal.com\/?p=254499\" data-lang=\"es\" data-related=\"Informaci\u00f3n general:S\u00edguenos para que est\u00e9ss informado\"><\/a><\/div>\n<figure class=\"wp-block-image size-full\"><img loading=\"lazy\" decoding=\"async\" width=\"800\" height=\"534\" src=\"http:\/\/vertienteglobal.com\/wp-content\/uploads\/2026\/03\/1001117849.jpg\" alt=\"\" class=\"wp-image-254500\" srcset=\"http:\/\/vertienteglobal.com\/wp-content\/uploads\/2026\/03\/1001117849.jpg 800w, http:\/\/vertienteglobal.com\/wp-content\/uploads\/2026\/03\/1001117849-300x200.jpg 300w, http:\/\/vertienteglobal.com\/wp-content\/uploads\/2026\/03\/1001117849-150x100.jpg 150w, http:\/\/vertienteglobal.com\/wp-content\/uploads\/2026\/03\/1001117849-768x513.jpg 768w\" sizes=\"auto, (max-width: 800px) 100vw, 800px\" \/><\/figure>\n\n\n\n<p>(Redacci\u00f3n)<\/p>\n\n\n\n<p>El c\u00e1ncer representa uno de los principales desaf\u00edos de salud p\u00fablica en el pa\u00eds, por lo que avanzar hacia un sistema de informaci\u00f3n m\u00e1s robusto es clave para mejorar los resultados en la atenci\u00f3n y la supervivencia de los pacientes<\/p>\n\n\n\n<p>Ciudad de M\u00e9xico 26 de Marzo de 2026.-Las autoridades de salud y Especialistas, coincidieron este mi\u00e9rcoles en la necesidad de fortalecer el registro de c\u00e1ncer en M\u00e9xico como una herramienta clave para dimensionar la carga de la enfermedad y mejorar la toma de decisiones en el sistema de salud.<\/p>\n\n\n\n<p>Durante el conversatorio &#8216;Registro de c\u00e1ncer en M\u00e9xico: fortaleciendo la evidencia para la toma de decisiones en salud&#8217;, expertos se\u00f1alaron que la falta de informaci\u00f3n consolidada y de registros de base poblacional limita la planeaci\u00f3n de estrategias efectivas de prevenci\u00f3n, diagn\u00f3stico y tratamiento.<\/p>\n\n\n\n<p>\u201cEl registro de c\u00e1ncer de base poblacional es la \u00fanica v\u00eda para la obtenci\u00f3n de la carga de c\u00e1ncer en el pa\u00eds\u201d, afirm\u00f3 la directora del Centro Institucional de Capacitaci\u00f3n y Registro de C\u00e1ncer del Instituto Mexicano del Seguro Social (IMSS), Yelda Leal Herrera.<\/p>\n\n\n\n<p>Avances y retos en la construcci\u00f3n del registro<\/p>\n\n\n\n<p>Leal Herrera explic\u00f3 que el desarrollo del registro en M\u00e9xico ha sido progresivo y se ha construido a partir de experiencias locales que demostraron su viabilidad.<\/p>\n\n\n\n<p>\u201cLos resultados de M\u00e9rida fueron prometedores y permitieron la modificaci\u00f3n de la Ley General de Salud\u201d, se\u00f1al\u00f3, al referirse a uno de los primeros esfuerzos de registro de base poblacional en el pa\u00eds.<\/p>\n\n\n\n<p>Detall\u00f3 que en los \u00faltimos a\u00f1os se ha impulsado la expansi\u00f3n del modelo hacia distintas regiones, con la apertura de nuevos nodos de registro en ciudades del norte, centro y sur del pa\u00eds.<\/p>\n\n\n\n<p>No obstante, especialistas advirtieron que persisten retos como el subregistro de casos, la fragmentaci\u00f3n de la informaci\u00f3n y la falta de integraci\u00f3n entre instituciones.<\/p>\n\n\n\n<p>El c\u00e1ncer representa uno de los principales desaf\u00edos de salud p\u00fablica en el pa\u00eds, por lo que avanzar hacia un sistema de informaci\u00f3n m\u00e1s robusto es clave para mejorar los resultados en la atenci\u00f3n y la supervivencia de los pacientes.(Fuente: EFE\/XEVA)<\/p>\n","protected":false},"excerpt":{"rendered":"<p>(Redacci\u00f3n) El c\u00e1ncer representa uno de los principales desaf\u00edos de salud p\u00fablica en el pa\u00eds, por lo que avanzar hacia un sistema de informaci\u00f3n m\u00e1s robusto es clave para mejorar los resultados en la atenci\u00f3n y la supervivencia de los pacientes Ciudad de M\u00e9xico 26 de Marzo de 2026.-Las autoridades de salud y Especialistas, coincidieron [&hellip;]<\/p>\n","protected":false},"author":6,"featured_media":254500,"comment_status":"open","ping_status":"open","sticky":false,"template":"","format":"standard","meta":{"footnotes":""},"categories":[8],"tags":[],"class_list":["post-254499","post","type-post","status-publish","format-standard","has-post-thumbnail","hentry","category-pais","entry","has-media"],"jetpack_featured_media_url":"http:\/\/vertienteglobal.com\/wp-content\/uploads\/2026\/03\/1001117849.jpg","_links":{"self":[{"href":"http:\/\/vertienteglobal.com\/index.php?rest_route=\/wp\/v2\/posts\/254499","targetHints":{"allow":["GET"]}}],"collection":[{"href":"http:\/\/vertienteglobal.com\/index.php?rest_route=\/wp\/v2\/posts"}],"about":[{"href":"http:\/\/vertienteglobal.com\/index.php?rest_route=\/wp\/v2\/types\/post"}],"author":[{"embeddable":true,"href":"http:\/\/vertienteglobal.com\/index.php?rest_route=\/wp\/v2\/users\/6"}],"replies":[{"embeddable":true,"href":"http:\/\/vertienteglobal.com\/index.php?rest_route=%2Fwp%2Fv2%2Fcomments&post=254499"}],"version-history":[{"count":1,"href":"http:\/\/vertienteglobal.com\/index.php?rest_route=\/wp\/v2\/posts\/254499\/revisions"}],"predecessor-version":[{"id":254501,"href":"http:\/\/vertienteglobal.com\/index.php?rest_route=\/wp\/v2\/posts\/254499\/revisions\/254501"}],"wp:featuredmedia":[{"embeddable":true,"href":"http:\/\/vertienteglobal.com\/index.php?rest_route=\/wp\/v2\/media\/254500"}],"wp:attachment":[{"href":"http:\/\/vertienteglobal.com\/index.php?rest_route=%2Fwp%2Fv2%2Fmedia&parent=254499"}],"wp:term":[{"taxonomy":"category","embeddable":true,"href":"http:\/\/vertienteglobal.com\/index.php?rest_route=%2Fwp%2Fv2%2Fcategories&post=254499"},{"taxonomy":"post_tag","embeddable":true,"href":"http:\/\/vertienteglobal.com\/index.php?rest_route=%2Fwp%2Fv2%2Ftags&post=254499"}],"curies":[{"name":"wp","href":"https:\/\/api.w.org\/{rel}","templated":true}]}}