{"id":254281,"date":"2026-03-20T10:24:00","date_gmt":"2026-03-20T16:24:00","guid":{"rendered":"http:\/\/vertienteglobal.com\/?p=254281"},"modified":"2026-03-22T22:11:35","modified_gmt":"2026-03-23T04:11:35","slug":"la-presidenta-claudia-sheinbaum-pardo-espera-que-pt-apruebe-plan-b-ante-rechazo-de-revocacion-de-mandato","status":"publish","type":"post","link":"http:\/\/vertienteglobal.com\/?p=254281","title":{"rendered":"La Presidenta Claudia Sheinbaum Pardo, espera que PT apruebe \u2018Plan B\u2019 ante rechazo de revocaci\u00f3n de mandato"},"content":{"rendered":"\n<div class=\"twitterbutton\" style=\"float: right; padding-left: 5px;\"><a href=\"http:\/\/twitter.com\/share\" class=\"twitter-share-button\" data-count=\"horizontal\" data-text=\"La Presidenta Claudia Sheinbaum Pardo, espera que PT apruebe \u2018Plan B\u2019 ante r...\" data-via=\"https:\/\/twitter.com\/VertienteGloba1\" data-url=\"http:\/\/vertienteglobal.com\/?p=254281\" data-lang=\"es\" data-related=\"Informaci\u00f3n general:S\u00edguenos para que est\u00e9ss informado\"><\/a><\/div>\n<figure class=\"wp-block-image size-full\"><img loading=\"lazy\" decoding=\"async\" width=\"1024\" height=\"683\" src=\"http:\/\/vertienteglobal.com\/wp-content\/uploads\/2026\/03\/1001096031.webp\" alt=\"\" class=\"wp-image-254282\" srcset=\"http:\/\/vertienteglobal.com\/wp-content\/uploads\/2026\/03\/1001096031.webp 1024w, http:\/\/vertienteglobal.com\/wp-content\/uploads\/2026\/03\/1001096031-300x200.webp 300w, http:\/\/vertienteglobal.com\/wp-content\/uploads\/2026\/03\/1001096031-150x100.webp 150w, http:\/\/vertienteglobal.com\/wp-content\/uploads\/2026\/03\/1001096031-768x512.webp 768w\" sizes=\"auto, (max-width: 1024px) 100vw, 1024px\" \/><\/figure>\n\n\n\n<p>(Ant\u00f3nio Rivera)<\/p>\n\n\n\n<p>Sheinbaum Pardo, refiri\u00f3 que el PT debe tomar una decisi\u00f3n sobre si \u201cva a apoyar o no va a apoyar\u201d en la aprobaci\u00f3n del \u2018Plan B\u2019<\/p>\n\n\n\n<p>Canc\u00fan Quintana Roo 20 de Marzo de 2026.-La presidenta Claudia Sheinbaum Pardo, dijo confiar en que los legisladores del Partido del Trabajo (PT) decidan apoyar su \u2018Plan B\u2019 de la reforma electoral, luego de que expresaran su rechazo a la propuesta en relaci\u00f3n a los cambios en la revocaci\u00f3n de mandato.<\/p>\n\n\n\n<p>Y es que desde la conferencia de prensa, Sheinbaum Pardo, refiri\u00f3 que el PT debe tomar una decisi\u00f3n sobre si \u201cva a apoyar o no va a apoyar\u201d en la aprobaci\u00f3n del \u2018Plan B\u2019. No obstante, destac\u00f3 la posici\u00f3n de la senadora Geovana del Carmen Ba\u00f1uelos, quien se dijo a favor de la iniciativa.<\/p>\n\n\n\n<p>El proyecto, aun as\u00ed, necesita el apoyo de los partidos aliados a Morena para alcanzar la mayor\u00eda calificada. Si no es as\u00ed, suceder\u00eda lo mismo que con la reforma electoral: ser\u00eda rechazada.<\/p>\n\n\n\n<p>Sobre la revocaci\u00f3n de mandato, Sheinbaum explic\u00f3 que busca que la persona titular del Poder Ejecutivo pueda expresarse sobre este ejercicio electoral, ya que la legislaci\u00f3n actual lo proh\u00edbe. Adem\u00e1s, neg\u00f3 que adelantar la revocaci\u00f3n para 2027 implique un mayor costo, ya que solo implicar\u00eda el pago por la impresi\u00f3n de m\u00e1s boletas.<\/p>\n\n\n\n<p>Cabe recordar que Alejandro Gonz\u00e1lez Y\u00e1\u00f1ez, senador del PT, inform\u00f3 que los coordinadores de las c\u00e1maras acordaron solicitar correcciones en la iniciativa enviada por la presidenta en art\u00edculos que, considera, \u201cson ambiguos\u201d.<\/p>\n\n\n\n<p>Ya que consideran que es necesario definir una sola fecha para solicitar la revocaci\u00f3n de mandato y evitar que exista la opci\u00f3n de hacerlo en el tercer o cuarto a\u00f1o, como lo plantea el art\u00edculo 35.<\/p>\n","protected":false},"excerpt":{"rendered":"<p>(Ant\u00f3nio Rivera) Sheinbaum Pardo, refiri\u00f3 que el PT debe tomar una decisi\u00f3n sobre si \u201cva a apoyar o no va a apoyar\u201d en la aprobaci\u00f3n del \u2018Plan B\u2019 Canc\u00fan Quintana Roo 20 de Marzo de 2026.-La presidenta Claudia Sheinbaum Pardo, dijo confiar en que los legisladores del Partido del Trabajo (PT) decidan apoyar su \u2018Plan [&hellip;]<\/p>\n","protected":false},"author":6,"featured_media":254282,"comment_status":"open","ping_status":"open","sticky":false,"template":"","format":"standard","meta":{"footnotes":""},"categories":[8,3],"tags":[],"class_list":["post-254281","post","type-post","status-publish","format-standard","has-post-thumbnail","hentry","category-pais","category-quintana-roo","entry","has-media"],"jetpack_featured_media_url":"http:\/\/vertienteglobal.com\/wp-content\/uploads\/2026\/03\/1001096031.webp","_links":{"self":[{"href":"http:\/\/vertienteglobal.com\/index.php?rest_route=\/wp\/v2\/posts\/254281","targetHints":{"allow":["GET"]}}],"collection":[{"href":"http:\/\/vertienteglobal.com\/index.php?rest_route=\/wp\/v2\/posts"}],"about":[{"href":"http:\/\/vertienteglobal.com\/index.php?rest_route=\/wp\/v2\/types\/post"}],"author":[{"embeddable":true,"href":"http:\/\/vertienteglobal.com\/index.php?rest_route=\/wp\/v2\/users\/6"}],"replies":[{"embeddable":true,"href":"http:\/\/vertienteglobal.com\/index.php?rest_route=%2Fwp%2Fv2%2Fcomments&post=254281"}],"version-history":[{"count":1,"href":"http:\/\/vertienteglobal.com\/index.php?rest_route=\/wp\/v2\/posts\/254281\/revisions"}],"predecessor-version":[{"id":254283,"href":"http:\/\/vertienteglobal.com\/index.php?rest_route=\/wp\/v2\/posts\/254281\/revisions\/254283"}],"wp:featuredmedia":[{"embeddable":true,"href":"http:\/\/vertienteglobal.com\/index.php?rest_route=\/wp\/v2\/media\/254282"}],"wp:attachment":[{"href":"http:\/\/vertienteglobal.com\/index.php?rest_route=%2Fwp%2Fv2%2Fmedia&parent=254281"}],"wp:term":[{"taxonomy":"category","embeddable":true,"href":"http:\/\/vertienteglobal.com\/index.php?rest_route=%2Fwp%2Fv2%2Fcategories&post=254281"},{"taxonomy":"post_tag","embeddable":true,"href":"http:\/\/vertienteglobal.com\/index.php?rest_route=%2Fwp%2Fv2%2Ftags&post=254281"}],"curies":[{"name":"wp","href":"https:\/\/api.w.org\/{rel}","templated":true}]}}