{"id":254132,"date":"2026-03-19T20:55:00","date_gmt":"2026-03-20T02:55:00","guid":{"rendered":"http:\/\/vertienteglobal.com\/?p=254132"},"modified":"2026-03-19T23:25:16","modified_gmt":"2026-03-20T05:25:16","slug":"anuncia-mara-lezama-distrito-financiero-y-tecnologico-un-proyecto-que-atraera-mas-crecimiento-y-desarrollo-para-quintana-roo","status":"publish","type":"post","link":"http:\/\/vertienteglobal.com\/?p=254132","title":{"rendered":"Anuncia Mara Lezama, \u201cDistrito Financiero y Tecnol\u00f3gico\u201d, un proyecto que atraer\u00e1 m\u00e1s crecimiento y desarrollo para Quintana Roo"},"content":{"rendered":"\n<div class=\"twitterbutton\" style=\"float: right; padding-left: 5px;\"><a href=\"http:\/\/twitter.com\/share\" class=\"twitter-share-button\" data-count=\"horizontal\" data-text=\"Anuncia Mara Lezama, \u201cDistrito Financiero y Tecnol\u00f3gico\u201d, un proyecto que a...\" data-via=\"https:\/\/twitter.com\/VertienteGloba1\" data-url=\"http:\/\/vertienteglobal.com\/?p=254132\" data-lang=\"es\" data-related=\"Informaci\u00f3n general:S\u00edguenos para que est\u00e9ss informado\"><\/a><\/div>\n<figure class=\"wp-block-image size-large\"><img loading=\"lazy\" decoding=\"async\" width=\"1024\" height=\"683\" src=\"http:\/\/vertienteglobal.com\/wp-content\/uploads\/2026\/03\/1001088841-1024x683.jpg\" alt=\"\" class=\"wp-image-254133\" srcset=\"http:\/\/vertienteglobal.com\/wp-content\/uploads\/2026\/03\/1001088841-1024x683.jpg 1024w, http:\/\/vertienteglobal.com\/wp-content\/uploads\/2026\/03\/1001088841-300x200.jpg 300w, http:\/\/vertienteglobal.com\/wp-content\/uploads\/2026\/03\/1001088841-150x100.jpg 150w, http:\/\/vertienteglobal.com\/wp-content\/uploads\/2026\/03\/1001088841-768x512.jpg 768w, http:\/\/vertienteglobal.com\/wp-content\/uploads\/2026\/03\/1001088841.jpg 1280w\" sizes=\"auto, (max-width: 1024px) 100vw, 1024px\" \/><\/figure>\n\n\n\n<p>(Ant\u00f3nio Rivera)<\/p>\n\n\n\n<p>Un proyecto que considera un atractivo e integral plan de incentivos fiscales federales, estatales y municipales a los inversionistas<\/p>\n\n\n\n<p>Durante la ceremonia inaugural de la 89\u00aa Convenci\u00f3n Nacional Bancaria, la Gobernadora resalt\u00f3 ante el secretario de Hacienda, \u00c9dgar Amador Zamora, y el presidente de la Asociaci\u00f3n de Bancos de M\u00e9xico, Emilio Romano Mussali, la estabilidad econ\u00f3mica y la reducci\u00f3n de la deuda estatal<\/p>\n\n\n\n<p>Canc\u00fan, Quintana Roo, a  19 de Marzo de 2026.-Al participar en la inauguraci\u00f3n de la 89\u00aa Convenci\u00f3n Nacional Bancaria con la presencia de la Presidenta Claudia Sheinbaum Pardo, la gobernadora Mara Lezama Espinosa afirm\u00f3 que Quintana Roo avanza con solidez econ\u00f3mica y se perfila para convertirse en un nuevo referente financiero y tecnol\u00f3gico en M\u00e9xico y Am\u00e9rica Latina.<\/p>\n\n\n\n<p>Ante el secretario de Hacienda y Cr\u00e9dito P\u00fablico (SHCP), \u00c9dgar Amador Zamora; la gobernadora del Banco de M\u00e9xico, Victoria Rodr\u00edguez Ceja; y el presidente de la Asociaci\u00f3n de Bancos de M\u00e9xico, Emilio Romano Mussali, as\u00ed como representantes del sistema financiero nacional, la Gobernadora subray\u00f3 que la entidad ha fortalecido sus finanzas p\u00fablicas desde 2022, logrando mejorar su calificaci\u00f3n crediticia hasta niveles hist\u00f3ricos.<\/p>\n\n\n\n<p>Detall\u00f3 que agencias internacionales como Standard &amp; Poor\u2019s, Moody\u2019s, Fitch y HR Ratings han elevado la evaluaci\u00f3n del estado, alcanzando incluso calificaciones de doble A en 2025, lo que se traduce en mayor confianza para la inversi\u00f3n, crecimiento econ\u00f3mico y generaci\u00f3n de empleos que impulsan prosperidad compartida para la gente.<\/p>\n\n\n\n<p>Mara Lezama explic\u00f3 que estos resultados han sido posibles gracias a la disciplina financiera y al fortalecimiento institucional. \u201cEn tres a\u00f1os redujimos la deuda p\u00fablica en cerca de 5 mil 700 millones de pesos; la raz\u00f3n de deuda sobre ingresos pas\u00f3 de 103% a 63%; y los ingresos propios crecieron 70%\u201d, a\u00f1adi\u00f3.<\/p>\n\n\n\n<p>Antes de inaugurar la Convenci\u00f3n Nacional Bancaria, la Presidenta Claudia Sheinbaum Pardo hizo una amplia explicaci\u00f3n de lo que hace M\u00e9xico para la estabilidad financiera del pa\u00eds en todos los \u00f3rdenes, para tener un sistema financiero s\u00f3lido y determinar lo que falta por hacer.<\/p>\n\n\n\n<p>Destac\u00f3 el aumento a los cr\u00e9ditos y facilitar el uso de los sistemas digitales, para el bienestar y la prosperidad compartida de mexicanas y mexicanos.<\/p>\n\n\n\n<p>Durante su mensaje en la ceremonia inaugural, la gobernadora de Quintana Roo reconoci\u00f3 el papel de la banca en el desarrollo del pa\u00eds y record\u00f3 que Canc\u00fan ha sido hist\u00f3ricamente un ejemplo de colaboraci\u00f3n entre el sector p\u00fablico y financiero, desde su creaci\u00f3n como destino tur\u00edstico.<\/p>\n\n\n\n<p>Se\u00f1al\u00f3 que actualmente el turismo en Quintana Roo genera alrededor de 20 mil millones de d\u00f3lares al a\u00f1o; \u201crecibimos 28 millones de visitantes y nuestros cuatro aeropuertos internacionales movilizan m\u00e1s de 33 millones de pasajeros. El turismo ha sido motor de nuestro desarrollo y seguir\u00e1 contribuyendo al crecimiento econ\u00f3mico de M\u00e9xico\u201d.<\/p>\n\n\n\n<p>No obstante, Mara Lezama enfatiz\u00f3 la necesidad de diversificar la econom\u00eda, innovar y mirar hacia nuevas oportunidades. Dijo que hoy, bajo el liderazgo de la Presidenta Claudia Sheinbaum, M\u00e9xico vive una nueva etapa de transformaci\u00f3n, en la que convergen estabilidad econ\u00f3mica, responsabilidad financiera y crecimiento con bienestar.<\/p>\n\n\n\n<p>Por ello, asegur\u00f3 que se impulsa una nueva apuesta de desarrollo: el Distrito Financiero y Tecnol\u00f3gico de Canc\u00fan, un proyecto que busca aprovechar la ubicaci\u00f3n estrat\u00e9gica, la conectividad global y la fortaleza econ\u00f3mica para establecer un centro especializado en servicios financieros, tecnolog\u00eda e innovaci\u00f3n con alcance regional e internacional, as\u00ed como plataformas de inversi\u00f3n que fortalezcan la competitividad de M\u00e9xico en la econom\u00eda global.<\/p>\n\n\n\n<p>Explic\u00f3 que este desarrollo se establecer\u00e1 en un pol\u00edgono estatal con incentivos fiscales y regulatorios, federales, estatales y municipales, incluyendo esquemas de deducci\u00f3n acelerada para inversiones en activos fijos y diversos incentivos fiscales en distintas etapas del proyecto, para atraer capital nacional e internacional, con una proyecci\u00f3n de inversi\u00f3n de entre mil 100 y mil 300 millones de d\u00f3lares en la pr\u00f3xima d\u00e9cada.<\/p>\n\n\n\n<p>Adem\u00e1s, se estima que el proyecto generar\u00eda entre 9 mil y 11 mil empleos directos, as\u00ed como m\u00e1s de 22 mil indirectos, fortaleciendo sectores especializados y elevando la competitividad regional. El proyecto se alinea con el Plan M\u00e9xico y con los Polos del Bienestar impulsados por la Presidenta Claudia Sheinbaum.<\/p>\n\n\n\n<p>En su discurso, la gobernadora Mara Lezama tambi\u00e9n destac\u00f3 la importancia de la inclusi\u00f3n financiera, especialmente para las mujeres, al se\u00f1alar que ampliar el acceso al cr\u00e9dito representa una oportunidad clave para el crecimiento econ\u00f3mico y la justicia social. \u201cCuando el acceso al capital se ampl\u00eda, crece la libertad de las personas y se construyen sociedades m\u00e1s justas. Esa es la prosperidad compartida que buscamos. Y Quintana Roo quiere ser parte activa de esa nueva etapa\u201d, precis\u00f3.<\/p>\n\n\n\n<p>Finalmente, Mara Lezama afirm\u00f3 que Canc\u00fan est\u00e1 listo para consolidarse no solo como capital mundial del turismo, sino tambi\u00e9n como un nodo financiero y tecnol\u00f3gico del Caribe, reiterando que Quintana Roo mantiene sus puertas abiertas a la inversi\u00f3n y al desarrollo con prosperidad compartida.<\/p>\n\n\n\n<p>Durante la ceremonia inaugural, la gobernadora del Banco de M\u00e9xico, Victoria Rodr\u00edguez Ceja, destac\u00f3 los avances financieros del pa\u00eds entre lo que destaca la incorporaci\u00f3n y uso de los pagos digitales, transferencias, el SPEI, as\u00ed como el pago y cobro con tarjetas para el movimiento econ\u00f3mico de la gente.<\/p>\n\n\n\n<p>Por su parte, el titular de la SHCP, \u00c9dgar Amador Zamora, destac\u00f3 que M\u00e9xico tiene una base econ\u00f3mica s\u00f3lida que le permite enfrentar los desaf\u00edos con \u00e9xito, aunado a las metas del Plan M\u00e9xico para impulsar la econom\u00eda. \u201cM\u00e9xico cuenta con un sistema financiero s\u00f3lido\u201d, dijo.<\/p>\n\n\n\n<p>En su intervenci\u00f3n, el presidente de la Asociaci\u00f3n de Bancos de M\u00e9xico, Emilio Romano Mussali, explic\u00f3 las metas que se ha fijado esta asociaci\u00f3n para darle a las y los mexicanos un sistema bancario accesible, que impulse la prosperidad compartida, ofrezca mayores oportunidades y ampliar las oportunidades de desarrollo de todas y todos, desde las infancias con una educaci\u00f3n financiera.<\/p>\n\n\n\n<figure class=\"wp-block-image size-full\"><img loading=\"lazy\" decoding=\"async\" width=\"585\" height=\"390\" src=\"http:\/\/vertienteglobal.com\/wp-content\/uploads\/2026\/03\/1001088842.jpg\" alt=\"\" class=\"wp-image-254134\" srcset=\"http:\/\/vertienteglobal.com\/wp-content\/uploads\/2026\/03\/1001088842.jpg 585w, http:\/\/vertienteglobal.com\/wp-content\/uploads\/2026\/03\/1001088842-300x200.jpg 300w, http:\/\/vertienteglobal.com\/wp-content\/uploads\/2026\/03\/1001088842-150x100.jpg 150w\" sizes=\"auto, (max-width: 585px) 100vw, 585px\" \/><\/figure>\n\n\n\n<figure class=\"wp-block-image size-full\"><img loading=\"lazy\" decoding=\"async\" width=\"585\" height=\"390\" src=\"http:\/\/vertienteglobal.com\/wp-content\/uploads\/2026\/03\/1001088844.jpg\" alt=\"\" class=\"wp-image-254135\" srcset=\"http:\/\/vertienteglobal.com\/wp-content\/uploads\/2026\/03\/1001088844.jpg 585w, http:\/\/vertienteglobal.com\/wp-content\/uploads\/2026\/03\/1001088844-300x200.jpg 300w, http:\/\/vertienteglobal.com\/wp-content\/uploads\/2026\/03\/1001088844-150x100.jpg 150w\" sizes=\"auto, (max-width: 585px) 100vw, 585px\" \/><\/figure>\n\n\n\n<figure class=\"wp-block-image size-full\"><img loading=\"lazy\" decoding=\"async\" width=\"585\" height=\"390\" src=\"http:\/\/vertienteglobal.com\/wp-content\/uploads\/2026\/03\/1001088845.jpg\" alt=\"\" class=\"wp-image-254136\" srcset=\"http:\/\/vertienteglobal.com\/wp-content\/uploads\/2026\/03\/1001088845.jpg 585w, http:\/\/vertienteglobal.com\/wp-content\/uploads\/2026\/03\/1001088845-300x200.jpg 300w, http:\/\/vertienteglobal.com\/wp-content\/uploads\/2026\/03\/1001088845-150x100.jpg 150w\" sizes=\"auto, (max-width: 585px) 100vw, 585px\" \/><\/figure>\n\n\n\n<figure class=\"wp-block-image size-full\"><img loading=\"lazy\" decoding=\"async\" width=\"585\" height=\"390\" src=\"http:\/\/vertienteglobal.com\/wp-content\/uploads\/2026\/03\/1001088843.jpg\" alt=\"\" class=\"wp-image-254137\" srcset=\"http:\/\/vertienteglobal.com\/wp-content\/uploads\/2026\/03\/1001088843.jpg 585w, http:\/\/vertienteglobal.com\/wp-content\/uploads\/2026\/03\/1001088843-300x200.jpg 300w, http:\/\/vertienteglobal.com\/wp-content\/uploads\/2026\/03\/1001088843-150x100.jpg 150w\" sizes=\"auto, (max-width: 585px) 100vw, 585px\" \/><\/figure>\n","protected":false},"excerpt":{"rendered":"<p>(Ant\u00f3nio Rivera) Un proyecto que considera un atractivo e integral plan de incentivos fiscales federales, estatales y municipales a los inversionistas Durante la ceremonia inaugural de la 89\u00aa Convenci\u00f3n Nacional Bancaria, la Gobernadora resalt\u00f3 ante el secretario de Hacienda, \u00c9dgar Amador Zamora, y el presidente de la Asociaci\u00f3n de Bancos de M\u00e9xico, Emilio Romano Mussali, [&hellip;]<\/p>\n","protected":false},"author":6,"featured_media":254133,"comment_status":"open","ping_status":"open","sticky":false,"template":"","format":"standard","meta":{"footnotes":""},"categories":[8,3],"tags":[],"class_list":["post-254132","post","type-post","status-publish","format-standard","has-post-thumbnail","hentry","category-pais","category-quintana-roo","entry","has-media"],"jetpack_featured_media_url":"http:\/\/vertienteglobal.com\/wp-content\/uploads\/2026\/03\/1001088841.jpg","_links":{"self":[{"href":"http:\/\/vertienteglobal.com\/index.php?rest_route=\/wp\/v2\/posts\/254132","targetHints":{"allow":["GET"]}}],"collection":[{"href":"http:\/\/vertienteglobal.com\/index.php?rest_route=\/wp\/v2\/posts"}],"about":[{"href":"http:\/\/vertienteglobal.com\/index.php?rest_route=\/wp\/v2\/types\/post"}],"author":[{"embeddable":true,"href":"http:\/\/vertienteglobal.com\/index.php?rest_route=\/wp\/v2\/users\/6"}],"replies":[{"embeddable":true,"href":"http:\/\/vertienteglobal.com\/index.php?rest_route=%2Fwp%2Fv2%2Fcomments&post=254132"}],"version-history":[{"count":1,"href":"http:\/\/vertienteglobal.com\/index.php?rest_route=\/wp\/v2\/posts\/254132\/revisions"}],"predecessor-version":[{"id":254138,"href":"http:\/\/vertienteglobal.com\/index.php?rest_route=\/wp\/v2\/posts\/254132\/revisions\/254138"}],"wp:featuredmedia":[{"embeddable":true,"href":"http:\/\/vertienteglobal.com\/index.php?rest_route=\/wp\/v2\/media\/254133"}],"wp:attachment":[{"href":"http:\/\/vertienteglobal.com\/index.php?rest_route=%2Fwp%2Fv2%2Fmedia&parent=254132"}],"wp:term":[{"taxonomy":"category","embeddable":true,"href":"http:\/\/vertienteglobal.com\/index.php?rest_route=%2Fwp%2Fv2%2Fcategories&post=254132"},{"taxonomy":"post_tag","embeddable":true,"href":"http:\/\/vertienteglobal.com\/index.php?rest_route=%2Fwp%2Fv2%2Ftags&post=254132"}],"curies":[{"name":"wp","href":"https:\/\/api.w.org\/{rel}","templated":true}]}}