{"id":253936,"date":"2026-03-16T16:36:00","date_gmt":"2026-03-16T22:36:00","guid":{"rendered":"http:\/\/vertienteglobal.com\/?p=253936"},"modified":"2026-03-16T21:57:14","modified_gmt":"2026-03-17T03:57:14","slug":"exposicion-en-la-biblioteca-yucatanense-celebra-135-anos-de-dialogo-entre-mexico-y-rusia","status":"publish","type":"post","link":"http:\/\/vertienteglobal.com\/?p=253936","title":{"rendered":"Exposici\u00f3n en la Biblioteca Yucatanense celebra 135 a\u00f1os de di\u00e1logo entre M\u00e9xico y Rusia"},"content":{"rendered":"\n<div class=\"twitterbutton\" style=\"float: right; padding-left: 5px;\"><a href=\"http:\/\/twitter.com\/share\" class=\"twitter-share-button\" data-count=\"horizontal\" data-text=\"Exposici\u00f3n en la Biblioteca Yucatanense celebra 135 a\u00f1os de di\u00e1logo entre M\u00e9...\" data-via=\"https:\/\/twitter.com\/VertienteGloba1\" data-url=\"http:\/\/vertienteglobal.com\/?p=253936\" data-lang=\"es\" data-related=\"Informaci\u00f3n general:S\u00edguenos para que est\u00e9ss informado\"><\/a><\/div>\n<figure class=\"wp-block-image size-large\"><img loading=\"lazy\" decoding=\"async\" width=\"1024\" height=\"703\" src=\"http:\/\/vertienteglobal.com\/wp-content\/uploads\/2026\/03\/1001079751-1024x703.jpg\" alt=\"\" class=\"wp-image-253937\" srcset=\"http:\/\/vertienteglobal.com\/wp-content\/uploads\/2026\/03\/1001079751-1024x703.jpg 1024w, http:\/\/vertienteglobal.com\/wp-content\/uploads\/2026\/03\/1001079751-300x206.jpg 300w, http:\/\/vertienteglobal.com\/wp-content\/uploads\/2026\/03\/1001079751-150x103.jpg 150w, http:\/\/vertienteglobal.com\/wp-content\/uploads\/2026\/03\/1001079751-768x527.jpg 768w, http:\/\/vertienteglobal.com\/wp-content\/uploads\/2026\/03\/1001079751-1536x1054.jpg 1536w, http:\/\/vertienteglobal.com\/wp-content\/uploads\/2026\/03\/1001079751-2048x1406.jpg 2048w\" sizes=\"auto, (max-width: 1024px) 100vw, 1024px\" \/><\/figure>\n\n\n\n<p>(Redacci\u00f3n)<\/p>\n\n\n\n<p><em>La muestra documental, que estar\u00e1 abierta hasta el 17 de abril, invita a conocer la historia de cooperaci\u00f3n entre ambos pa\u00edses y su v\u00ednculo con el patrimonio cultural de Yucat\u00e1n<\/em><\/p>\n\n\n\n<p>M\u00e9rida, Yucat\u00e1n, a 16 de marzo de 2026.-La Secretar\u00eda de la Cultura y las Artes (Sedeculta) inaugur\u00f3 en la Biblioteca Yucatanense la exposici\u00f3n 135 A\u00f1os de Relaciones Diplom\u00e1ticas M\u00e9xico-Rusia, integrada por documentos y archivos que dan cuenta de la historia de cooperaci\u00f3n e intercambio entre ambas naciones.<\/p>\n\n\n\n<p>La muestra, en cuya apertura tuvo como invitado de honor al Embajador de Rusia en M\u00e9xico, Nikolay Sofinsky, es resultado del intercambio cultural con Yucat\u00e1n, a trav\u00e9s de la Sedeculta, para fortalecer los lazos culturales entre las dos regiones y celebrar m\u00e1s de un siglo de di\u00e1logo que hoy contin\u00faa en el contexto global.<\/p>\n\n\n\n<p>Durante la inauguraci\u00f3n de la muestra, la titular de la Sedeculta, Patricia Mart\u00edn Brice\u00f1o, resalt\u00f3 que para Yucat\u00e1n es un honor sumarse a esta conmemoraci\u00f3n siendo un estado que se ha mantenido como un territorio abierto al intercambio cultural, al encuentro entre saberes y a la construcci\u00f3n de puentes entre distintas tradiciones intelectuales y art\u00edsticas.<\/p>\n\n\n\n<p>Reconoci\u00f3 en ese sentido el trabajo que instituciones y especialistas han desarrollado para fortalecer esos v\u00ednculos, particularmente en el estudio de la cultura maya, ejemplificado en el trabajo del epigrafista, ling\u00fcista y etn\u00f3grafo Yuri Kn\u00f3rosov, quien descifr\u00f3 la escritura maya y estableci\u00f3 las bases para la traducci\u00f3n y lectura de los c\u00f3dices.<\/p>\n\n\n\n<p>Mart\u00edn Brice\u00f1o celebr\u00f3 la llegada de la exposici\u00f3n a la Biblioteca Yucatanense de la Sedeculta, un espacio dedicado a la memoria, al pensamiento y a la circulaci\u00f3n de ideas, en el que las y los visitantes podr\u00e1n conocer una historia compartida entre ambos pa\u00edses y c\u00f3mo la cultura puede tender puentes entre geograf\u00edas distantes.<\/p>\n\n\n\n<p>La iniciativa, agreg\u00f3, dialoga con el proyecto cultural que impulsa el Gobierno del Estado a trav\u00e9s del Renacimiento Maya, una visi\u00f3n que reconoce el valor de nuestra herencia cultural y que apuesta a fortalecer la presencia de Yucat\u00e1n en los intercambios culturales nacionales e internacionales.<\/p>\n\n\n\n<p>A su vez, el Embajador de Rusia, Nikolay Sofinsky, quien asisti\u00f3 en compa\u00f1\u00eda de su esposa, Irina Sofinskaya, record\u00f3 que la relaci\u00f3n diplom\u00e1tica entre M\u00e9xico y su pa\u00eds se remonta a diciembre del a\u00f1o 1890 y que pese a haber enfrentado desaf\u00edos y disensos, se ha mantenido fuerte y cordial a lo largo de los a\u00f1os.<\/p>\n\n\n\n<p>Agradeci\u00f3 al equipo que integr\u00f3 la exposici\u00f3n, a las autoridades encabezadas por la titular de la Sedeculta, as\u00ed como a la directora de la Facultad de Ciencias Antropol\u00f3gicas, Roc\u00edo Cort\u00e9s Campos, en representaci\u00f3n del Rector de la Universidad Aut\u00f3noma de Yucat\u00e1n (UADY), Carlos Estrada Pinto, a la investigadora y directora del Centro de Estudios Mayas Yuri Kn\u00f3rosov (Cemyk), Galina Ershova, as\u00ed como al C\u00f3nsul Honorario de Rusia en Yucat\u00e1n, Adri\u00e1n Maldonado Repetto, tambi\u00e9n presente en el evento.<\/p>\n\n\n\n<p>Previo al recorrido por la exposici\u00f3n, Galina Ershova entreg\u00f3 a la Biblioteca Yucatanense ejemplares del libro \u201cCantares de Dzitbalch\u00e9. Ritual y Memoria Hist\u00f3rica Maya, en Yucat\u00e1n de la \u00c9poca Colonial\u201d, editado por el Cemyk, que re\u00fane cantos rituales, espirituales y art\u00edsticos de la cultura maya prehisp\u00e1nica.<\/p>\n\n\n\n<p>Ershova destac\u00f3 tambi\u00e9n la cooperaci\u00f3n cultural entre Yucat\u00e1n y su pa\u00eds, lo que permiti\u00f3 a especialistas e investigadores como Yuri Kn\u00f3rosov ahondar en el estudio de una cultura tan rica como la maya.<\/p>\n\n\n\n<p>En el evento estuvieron presentes tambi\u00e9n participantes en la filmaci\u00f3n que el Fondo de Cine de Rusia y Triiix Media realizan en Yucat\u00e1n, \u201cLos dioses de Kn\u00f3rosov\u201d, de la directora rusa Anastasia Chasina, en la que el actor Ivan Kolesnikov da vida al investigador ruso. La muestra permanecer\u00e1 abierta hasta el 17 de abril en la Biblioteca Yucatanense de la Sedeculta, con entrada gratuita para todo p\u00fablico.<\/p>\n\n\n\n<figure class=\"wp-block-image size-large\"><img loading=\"lazy\" decoding=\"async\" width=\"1024\" height=\"677\" src=\"http:\/\/vertienteglobal.com\/wp-content\/uploads\/2026\/03\/1001079754-1024x677.jpg\" alt=\"\" class=\"wp-image-253938\" srcset=\"http:\/\/vertienteglobal.com\/wp-content\/uploads\/2026\/03\/1001079754-1024x677.jpg 1024w, http:\/\/vertienteglobal.com\/wp-content\/uploads\/2026\/03\/1001079754-300x198.jpg 300w, http:\/\/vertienteglobal.com\/wp-content\/uploads\/2026\/03\/1001079754-150x99.jpg 150w, http:\/\/vertienteglobal.com\/wp-content\/uploads\/2026\/03\/1001079754-768x508.jpg 768w, http:\/\/vertienteglobal.com\/wp-content\/uploads\/2026\/03\/1001079754-1536x1015.jpg 1536w, http:\/\/vertienteglobal.com\/wp-content\/uploads\/2026\/03\/1001079754-2048x1354.jpg 2048w\" sizes=\"auto, (max-width: 1024px) 100vw, 1024px\" \/><\/figure>\n\n\n\n<figure class=\"wp-block-image size-full\"><img loading=\"lazy\" decoding=\"async\" width=\"320\" height=\"213\" src=\"http:\/\/vertienteglobal.com\/wp-content\/uploads\/2026\/03\/1001079753.jpg\" alt=\"\" class=\"wp-image-253939\" srcset=\"http:\/\/vertienteglobal.com\/wp-content\/uploads\/2026\/03\/1001079753.jpg 320w, http:\/\/vertienteglobal.com\/wp-content\/uploads\/2026\/03\/1001079753-300x200.jpg 300w, http:\/\/vertienteglobal.com\/wp-content\/uploads\/2026\/03\/1001079753-150x100.jpg 150w\" sizes=\"auto, (max-width: 320px) 100vw, 320px\" \/><\/figure>\n\n\n\n<figure class=\"wp-block-image size-large\"><img loading=\"lazy\" decoding=\"async\" width=\"1024\" height=\"678\" src=\"http:\/\/vertienteglobal.com\/wp-content\/uploads\/2026\/03\/1001079755-1024x678.jpg\" alt=\"\" class=\"wp-image-253940\" srcset=\"http:\/\/vertienteglobal.com\/wp-content\/uploads\/2026\/03\/1001079755-1024x678.jpg 1024w, http:\/\/vertienteglobal.com\/wp-content\/uploads\/2026\/03\/1001079755-300x199.jpg 300w, http:\/\/vertienteglobal.com\/wp-content\/uploads\/2026\/03\/1001079755-150x99.jpg 150w, http:\/\/vertienteglobal.com\/wp-content\/uploads\/2026\/03\/1001079755-768x509.jpg 768w, http:\/\/vertienteglobal.com\/wp-content\/uploads\/2026\/03\/1001079755-1536x1018.jpg 1536w, http:\/\/vertienteglobal.com\/wp-content\/uploads\/2026\/03\/1001079755-2048x1357.jpg 2048w\" sizes=\"auto, (max-width: 1024px) 100vw, 1024px\" \/><\/figure>\n","protected":false},"excerpt":{"rendered":"<p>(Redacci\u00f3n) La muestra documental, que estar\u00e1 abierta hasta el 17 de abril, invita a conocer la historia de cooperaci\u00f3n entre ambos pa\u00edses y su v\u00ednculo con el patrimonio cultural de Yucat\u00e1n M\u00e9rida, Yucat\u00e1n, a 16 de marzo de 2026.-La Secretar\u00eda de la Cultura y las Artes (Sedeculta) inaugur\u00f3 en la Biblioteca Yucatanense la exposici\u00f3n 135 [&hellip;]<\/p>\n","protected":false},"author":6,"featured_media":253937,"comment_status":"open","ping_status":"open","sticky":false,"template":"","format":"standard","meta":{"footnotes":""},"categories":[2],"tags":[],"class_list":["post-253936","post","type-post","status-publish","format-standard","has-post-thumbnail","hentry","category-yucatan","entry","has-media"],"jetpack_featured_media_url":"http:\/\/vertienteglobal.com\/wp-content\/uploads\/2026\/03\/1001079751.jpg","_links":{"self":[{"href":"http:\/\/vertienteglobal.com\/index.php?rest_route=\/wp\/v2\/posts\/253936","targetHints":{"allow":["GET"]}}],"collection":[{"href":"http:\/\/vertienteglobal.com\/index.php?rest_route=\/wp\/v2\/posts"}],"about":[{"href":"http:\/\/vertienteglobal.com\/index.php?rest_route=\/wp\/v2\/types\/post"}],"author":[{"embeddable":true,"href":"http:\/\/vertienteglobal.com\/index.php?rest_route=\/wp\/v2\/users\/6"}],"replies":[{"embeddable":true,"href":"http:\/\/vertienteglobal.com\/index.php?rest_route=%2Fwp%2Fv2%2Fcomments&post=253936"}],"version-history":[{"count":1,"href":"http:\/\/vertienteglobal.com\/index.php?rest_route=\/wp\/v2\/posts\/253936\/revisions"}],"predecessor-version":[{"id":253941,"href":"http:\/\/vertienteglobal.com\/index.php?rest_route=\/wp\/v2\/posts\/253936\/revisions\/253941"}],"wp:featuredmedia":[{"embeddable":true,"href":"http:\/\/vertienteglobal.com\/index.php?rest_route=\/wp\/v2\/media\/253937"}],"wp:attachment":[{"href":"http:\/\/vertienteglobal.com\/index.php?rest_route=%2Fwp%2Fv2%2Fmedia&parent=253936"}],"wp:term":[{"taxonomy":"category","embeddable":true,"href":"http:\/\/vertienteglobal.com\/index.php?rest_route=%2Fwp%2Fv2%2Fcategories&post=253936"},{"taxonomy":"post_tag","embeddable":true,"href":"http:\/\/vertienteglobal.com\/index.php?rest_route=%2Fwp%2Fv2%2Ftags&post=253936"}],"curies":[{"name":"wp","href":"https:\/\/api.w.org\/{rel}","templated":true}]}}