{"id":253908,"date":"2026-03-14T19:24:00","date_gmt":"2026-03-15T01:24:00","guid":{"rendered":"http:\/\/vertienteglobal.com\/?p=253908"},"modified":"2026-03-16T18:07:27","modified_gmt":"2026-03-17T00:07:27","slug":"lengua-maya-eje-de-identidad-y-derechos-culturales-en-yucatan","status":"publish","type":"post","link":"http:\/\/vertienteglobal.com\/?p=253908","title":{"rendered":"Lengua maya, eje de identidad y derechos culturales en Yucat\u00e1n"},"content":{"rendered":"\n<div class=\"twitterbutton\" style=\"float: right; padding-left: 5px;\"><a href=\"http:\/\/twitter.com\/share\" class=\"twitter-share-button\" data-count=\"horizontal\" data-text=\"Lengua maya, eje de identidad y derechos culturales en Yucat\u00e1n\" data-via=\"https:\/\/twitter.com\/VertienteGloba1\" data-url=\"http:\/\/vertienteglobal.com\/?p=253908\" data-lang=\"es\" data-related=\"Informaci\u00f3n general:S\u00edguenos para que est\u00e9ss informado\"><\/a><\/div>\n<figure class=\"wp-block-image size-full\"><img loading=\"lazy\" decoding=\"async\" width=\"512\" height=\"341\" src=\"http:\/\/vertienteglobal.com\/wp-content\/uploads\/2026\/03\/1001079448.jpg\" alt=\"\" class=\"wp-image-253909\" srcset=\"http:\/\/vertienteglobal.com\/wp-content\/uploads\/2026\/03\/1001079448.jpg 512w, http:\/\/vertienteglobal.com\/wp-content\/uploads\/2026\/03\/1001079448-300x200.jpg 300w, http:\/\/vertienteglobal.com\/wp-content\/uploads\/2026\/03\/1001079448-150x100.jpg 150w\" sizes=\"auto, (max-width: 512px) 100vw, 512px\" \/><\/figure>\n\n\n\n<p>(Redacci\u00f3n)<\/p>\n\n\n\n<p><em>En conversatorio organizado por la Sedeculta y el Congreso del Estado se destac\u00f3 la importancia de garantizar el uso, preservaci\u00f3n y promoci\u00f3n de la lengua maya en todos los espacios<\/em><\/p>\n\n\n\n<p>M\u00e9rida, Yucat\u00e1n, a 14 de marzo de 2026.-Activistas, autoridades y comunidad acad\u00e9mica coincidieron en la necesidad de hacer efectivo el derecho al uso y preservaci\u00f3n de las lenguas originarias como se establece en Ley General de Derechos Ling\u00fc\u00edsticos, durante un encuentro organizado por la Secretar\u00eda de la Cultura y las Artes (Sedeculta), en colaboraci\u00f3n con el Instituto de Investigaciones Jur\u00eddicas del Congreso del Estado.<\/p>\n\n\n\n<p>Las y los participantes en el Conversatorio Derechos Ling\u00fc\u00edsticos de los Pueblos Ind\u00edgenas, realizado en el Congreso del Estado, destacaron la importancia de que las lenguas originarias, como la maayat\u2019aan, est\u00e9n presentes en todos los \u00e1mbitos de la sociedad y no solo a nivel institucional en la educaci\u00f3n, en la aplicaci\u00f3n de justicia y en la atenci\u00f3n a la salud, sino como esencia de la riqueza cultural del estado y del pa\u00eds.<\/p>\n\n\n\n<p>Al respecto, y durante su mensaje al inicio del encuentro, la titular de la Sedeculta, Patricia Mart\u00edn Brice\u00f1o, manifest\u00f3 que para la instituci\u00f3n la maya es una lengua viva que forma parte de la vida cotidiana de miles de personas en Yucat\u00e1n y que debe tener presencia en real en los espacios culturales, educativos e institucionales.<\/p>\n\n\n\n<p>\u201cEn el Renacimiento Maya, fortalecer la maya significa reconocer que la identidad de Yucat\u00e1n se construye desde la diversidad cultural y la vigencia de los saberes que se transmiten entre generaciones\u201d, a\u00f1adi\u00f3.<\/p>\n\n\n\n<p>Ese compromiso, expuso, est\u00e1 presente en la Direcci\u00f3n General de Patrimonio de la Sedeculta, que por primera vez en la historia de la instituci\u00f3n est\u00e1 encabezada por un ling\u00fcista e investigador maya hablante, Fidencio Brice\u00f1o Chel.<\/p>\n\n\n\n<p>Mart\u00edn Brice\u00f1o cit\u00f3 tambi\u00e9n como ejemplos del respaldo a la promoci\u00f3n de la lengua originaria de Yucat\u00e1n los programas y talleres de aprendizaje de la maya, dirigidos al p\u00fablico en general, servidoras y servidores p\u00fablicos, y comunicadoras y comunicadores, as\u00ed como la creaci\u00f3n del Premio de Poes\u00eda en Lengua Maya Isaac Carrillo Can, el primero creado en la historia de las instituciones culturales del estado.<\/p>\n\n\n\n<p>En la mesa, moderada por Brice\u00f1o Chel, participaron la diputada local Neyda Pat Dzul; la directora ejecutiva del Colectivo U p\u00e9ekbal waye\u2019, Yazm\u00edn Novelo Montejo; el responsable del Programa de Pueblos Originarios de la Comisi\u00f3n de Derechos Humanos de Yucat\u00e1n, (Codhey), Ram\u00f3n Chan Brice\u00f1o; y el representante del Instituto Nacional de los Pueblos Ind\u00edgenas (INPI), Freddy Poot Sosa.<\/p>\n\n\n\n<p>Novelo Montejo demand\u00f3 fortalecer la ense\u00f1anza de la lengua maya e impulsar su presencia en todos los espacios p\u00fablicos. Asever\u00f3 que no se trata solo de impartirla entre las comunidades maya hablantes, sino en todo el estado, porque la poblaci\u00f3n maya est\u00e1 presente en todo el territorio estatal.<\/p>\n\n\n\n<p>En ese sentido, propuso establecer pol\u00edticas p\u00fablicas que permitan convertir la Ley de General de Derechos Ling\u00fc\u00edsticos, que se plasme en la realidad para que la lengua maya forme parte de la vida cotidiana de Yucat\u00e1n, oficializando la lengua maya y comprendiendo el mutiling\u00fc\u00edsmo como un avance.<\/p>\n\n\n\n<p>Por su parte, la diputada Pat Dzul afirm\u00f3 que hablar de derechos ling\u00fc\u00edsticos es reconocer la lengua maya como un patrimonio vivo, que es identidad, cultura y parte esencial \u201cde la dignidad de los pueblos originarios\u201d.<\/p>\n\n\n\n<p>Indic\u00f3 que a 23 a\u00f1os de promulgada la Ley de los Derechos Ling\u00fc\u00edsticos en Yucat\u00e1n sigue siendo necesario revisar qu\u00e9 se ha logrado, qu\u00e9 falta por atender y qu\u00e9 acciones deben impulsarse para que estos derechos no se queden solo en el marco jur\u00eddico, sino que se garanticen en la vida cotidiana\u201d.<\/p>\n\n\n\n<p>Esto, agreg\u00f3, siempre a trav\u00e9s de una gobernanza participativa que implique escuchar e incorporar a las comunidades maya hablantes en la elaboraci\u00f3n de pol\u00edticas p\u00fablicas, reconociendo su autoridad cultural.<\/p>\n\n\n\n<figure class=\"wp-block-image size-full\"><img loading=\"lazy\" decoding=\"async\" width=\"512\" height=\"384\" src=\"http:\/\/vertienteglobal.com\/wp-content\/uploads\/2026\/03\/1001079449.jpg\" alt=\"\" class=\"wp-image-253910\" srcset=\"http:\/\/vertienteglobal.com\/wp-content\/uploads\/2026\/03\/1001079449.jpg 512w, http:\/\/vertienteglobal.com\/wp-content\/uploads\/2026\/03\/1001079449-300x225.jpg 300w, http:\/\/vertienteglobal.com\/wp-content\/uploads\/2026\/03\/1001079449-150x113.jpg 150w\" sizes=\"auto, (max-width: 512px) 100vw, 512px\" \/><\/figure>\n\n\n\n<figure class=\"wp-block-image size-full\"><img loading=\"lazy\" decoding=\"async\" width=\"512\" height=\"341\" src=\"http:\/\/vertienteglobal.com\/wp-content\/uploads\/2026\/03\/1001079454.jpg\" alt=\"\" class=\"wp-image-253911\" srcset=\"http:\/\/vertienteglobal.com\/wp-content\/uploads\/2026\/03\/1001079454.jpg 512w, http:\/\/vertienteglobal.com\/wp-content\/uploads\/2026\/03\/1001079454-300x200.jpg 300w, http:\/\/vertienteglobal.com\/wp-content\/uploads\/2026\/03\/1001079454-150x100.jpg 150w\" sizes=\"auto, (max-width: 512px) 100vw, 512px\" \/><\/figure>\n\n\n\n<figure class=\"wp-block-image size-full\"><img loading=\"lazy\" decoding=\"async\" width=\"512\" height=\"341\" src=\"http:\/\/vertienteglobal.com\/wp-content\/uploads\/2026\/03\/1001079453.jpg\" alt=\"\" class=\"wp-image-253912\" srcset=\"http:\/\/vertienteglobal.com\/wp-content\/uploads\/2026\/03\/1001079453.jpg 512w, http:\/\/vertienteglobal.com\/wp-content\/uploads\/2026\/03\/1001079453-300x200.jpg 300w, http:\/\/vertienteglobal.com\/wp-content\/uploads\/2026\/03\/1001079453-150x100.jpg 150w\" sizes=\"auto, (max-width: 512px) 100vw, 512px\" \/><\/figure>\n","protected":false},"excerpt":{"rendered":"<p>(Redacci\u00f3n) En conversatorio organizado por la Sedeculta y el Congreso del Estado se destac\u00f3 la importancia de garantizar el uso, preservaci\u00f3n y promoci\u00f3n de la lengua maya en todos los espacios M\u00e9rida, Yucat\u00e1n, a 14 de marzo de 2026.-Activistas, autoridades y comunidad acad\u00e9mica coincidieron en la necesidad de hacer efectivo el derecho al uso y [&hellip;]<\/p>\n","protected":false},"author":6,"featured_media":253909,"comment_status":"open","ping_status":"open","sticky":false,"template":"","format":"standard","meta":{"footnotes":""},"categories":[2],"tags":[],"class_list":["post-253908","post","type-post","status-publish","format-standard","has-post-thumbnail","hentry","category-yucatan","entry","has-media"],"jetpack_featured_media_url":"http:\/\/vertienteglobal.com\/wp-content\/uploads\/2026\/03\/1001079448.jpg","_links":{"self":[{"href":"http:\/\/vertienteglobal.com\/index.php?rest_route=\/wp\/v2\/posts\/253908","targetHints":{"allow":["GET"]}}],"collection":[{"href":"http:\/\/vertienteglobal.com\/index.php?rest_route=\/wp\/v2\/posts"}],"about":[{"href":"http:\/\/vertienteglobal.com\/index.php?rest_route=\/wp\/v2\/types\/post"}],"author":[{"embeddable":true,"href":"http:\/\/vertienteglobal.com\/index.php?rest_route=\/wp\/v2\/users\/6"}],"replies":[{"embeddable":true,"href":"http:\/\/vertienteglobal.com\/index.php?rest_route=%2Fwp%2Fv2%2Fcomments&post=253908"}],"version-history":[{"count":1,"href":"http:\/\/vertienteglobal.com\/index.php?rest_route=\/wp\/v2\/posts\/253908\/revisions"}],"predecessor-version":[{"id":253913,"href":"http:\/\/vertienteglobal.com\/index.php?rest_route=\/wp\/v2\/posts\/253908\/revisions\/253913"}],"wp:featuredmedia":[{"embeddable":true,"href":"http:\/\/vertienteglobal.com\/index.php?rest_route=\/wp\/v2\/media\/253909"}],"wp:attachment":[{"href":"http:\/\/vertienteglobal.com\/index.php?rest_route=%2Fwp%2Fv2%2Fmedia&parent=253908"}],"wp:term":[{"taxonomy":"category","embeddable":true,"href":"http:\/\/vertienteglobal.com\/index.php?rest_route=%2Fwp%2Fv2%2Fcategories&post=253908"},{"taxonomy":"post_tag","embeddable":true,"href":"http:\/\/vertienteglobal.com\/index.php?rest_route=%2Fwp%2Fv2%2Ftags&post=253908"}],"curies":[{"name":"wp","href":"https:\/\/api.w.org\/{rel}","templated":true}]}}