{"id":253740,"date":"2026-03-09T16:43:00","date_gmt":"2026-03-09T22:43:00","guid":{"rendered":"http:\/\/vertienteglobal.com\/?p=253740"},"modified":"2026-03-16T15:53:17","modified_gmt":"2026-03-16T21:53:17","slug":"yucatan-fortalece-su-politica-climatica","status":"publish","type":"post","link":"http:\/\/vertienteglobal.com\/?p=253740","title":{"rendered":"Yucat\u00e1n fortalece su pol\u00edtica clim\u00e1tica"},"content":{"rendered":"\n<div class=\"twitterbutton\" style=\"float: right; padding-left: 5px;\"><a href=\"http:\/\/twitter.com\/share\" class=\"twitter-share-button\" data-count=\"horizontal\" data-text=\"Yucat\u00e1n fortalece su pol\u00edtica clim\u00e1tica\" data-via=\"https:\/\/twitter.com\/VertienteGloba1\" data-url=\"http:\/\/vertienteglobal.com\/?p=253740\" data-lang=\"es\" data-related=\"Informaci\u00f3n general:S\u00edguenos para que est\u00e9ss informado\"><\/a><\/div>\n<figure class=\"wp-block-image size-full\"><img loading=\"lazy\" decoding=\"async\" width=\"512\" height=\"341\" src=\"http:\/\/vertienteglobal.com\/wp-content\/uploads\/2026\/03\/1001078912.jpg\" alt=\"\" class=\"wp-image-253741\" srcset=\"http:\/\/vertienteglobal.com\/wp-content\/uploads\/2026\/03\/1001078912.jpg 512w, http:\/\/vertienteglobal.com\/wp-content\/uploads\/2026\/03\/1001078912-300x200.jpg 300w, http:\/\/vertienteglobal.com\/wp-content\/uploads\/2026\/03\/1001078912-150x100.jpg 150w\" sizes=\"auto, (max-width: 512px) 100vw, 512px\" \/><\/figure>\n\n\n\n<p>(Redacci\u00f3n)<\/p>\n\n\n\n<p><em>En la primera sesi\u00f3n ordinaria de la Comisi\u00f3n Intersecretarial de Cambio Clim\u00e1tico se presentaron los avances finales de la Agenda Ambiental Clim\u00e1tica 2025<\/em><\/p>\n\n\n\n<p>M\u00e9rida, Yucat\u00e1n, a 9 de marzo de 2026.-El Gobierno del Estado realiz\u00f3 la Primera Sesi\u00f3n Ordinaria 2026 de la Comisi\u00f3n Intersecretarial de Cambio Clim\u00e1tico (Ciclima), encabezada por la secretaria de Desarrollo Sustentable (SDS), Neyra Concepci\u00f3n Silva Rosado, en representaci\u00f3n del Gobernador Joaqu\u00edn D\u00edaz Mena.<\/p>\n\n\n\n<p>Durante la reuni\u00f3n se presentaron los avances finales de la Agenda Ambiental Clim\u00e1tica 2025, entre ellos la implementaci\u00f3n de 42 proyectos y 122 medidas transversales a cargo de las dependencias que integran la Comisi\u00f3n.<\/p>\n\n\n\n<p>Los proyectos reportados se organizaron en dos ejes: adaptaci\u00f3n y mitigaci\u00f3n. En materia de adaptaci\u00f3n, orientada a reducir la vulnerabilidad de las comunidades y los ecosistemas ante los efectos del cambio clim\u00e1tico, en 2025 se reportaron 22 proyectos y 57 acciones.<\/p>\n\n\n\n<p>En mitigaci\u00f3n, enfocada en reducir o capturar las emisiones de gases de efecto invernadero (GEI), se registraron 20 proyectos y 65 medidas.<\/p>\n\n\n\n<p>Entre los avances presentados, dependencias como los Servicios de Salud de Yucat\u00e1n (SSY), la Secretar\u00eda de Ciencias, Humanidades, Tecnolog\u00eda e Innovaci\u00f3n (Secihti), la Secretar\u00eda de la Cultura y las Artes (Sedeculta), la Junta de Agua Potable y Alcantarillado de Yucat\u00e1n (Japay) y la Secretar\u00eda de Desarrollo Rural (Seder) alcanzaron 100 por ciento de cumplimiento en sus metas anuales.<\/p>\n\n\n\n<p>Tambi\u00e9n se reportaron acciones como \u201cMujeres mayas preservando las abejas sin aguij\u00f3n\u201d, de la Secretar\u00eda de las Mujeres, y la puesta en marcha de la estrategia Renacimiento Verde, de la SDS.<\/p>\n\n\n\n<p>Otro de los temas abordados fue el estatus del Programa Especial Estatal de Cambio Clim\u00e1tico (Peecc), instrumento que orientar\u00e1 la pol\u00edtica clim\u00e1tica estatal durante la actual administraci\u00f3n. El programa concluy\u00f3 su etapa de participaci\u00f3n sectorial, luego de una serie de talleres con empresariado, academia y sociedad civil.<\/p>\n\n\n\n<p>Actualmente, el documento se encuentra en revisi\u00f3n t\u00e9cnica para verificar que cada medida sea viable y acorde con las facultades estatales. Posteriormente, se prev\u00e9 el inicio de una consulta p\u00fablica para dar transparencia al proceso.<\/p>\n\n\n\n<p>Durante la sesi\u00f3n tambi\u00e9n se presentaron propuestas para reformar la Ley de Cambio Clim\u00e1tico del Estado, con el objetivo de convertir al Consejo Ciudadano Consultivo en un \u00f3rgano con mayores capacidades de participaci\u00f3n y seguimiento.<\/p>\n\n\n\n<p>La propuesta plantea que este Consejo emita recomendaciones t\u00e9cnicas y evaluaciones que fortalezcan la transparencia y la rendici\u00f3n de cuentas en la pol\u00edtica clim\u00e1tica estatal.<\/p>\n\n\n\n<p>Asimismo, se propuso redefinir su integraci\u00f3n para garantizar una representaci\u00f3n equilibrada, con enfoque de g\u00e9nero e intergeneracional.<\/p>\n\n\n\n<p>Entre los planteamientos destaca la incorporaci\u00f3n expl\u00edcita de juventudes y comunidades ind\u00edgenas, con el reconocimiento de sus conocimientos tradicionales en la toma de decisiones sobre el territorio y el desarrollo regional.<\/p>\n\n\n\n<figure class=\"wp-block-image size-full\"><img loading=\"lazy\" decoding=\"async\" width=\"512\" height=\"341\" src=\"http:\/\/vertienteglobal.com\/wp-content\/uploads\/2026\/03\/1001078911.jpg\" alt=\"\" class=\"wp-image-253742\" srcset=\"http:\/\/vertienteglobal.com\/wp-content\/uploads\/2026\/03\/1001078911.jpg 512w, http:\/\/vertienteglobal.com\/wp-content\/uploads\/2026\/03\/1001078911-300x200.jpg 300w, http:\/\/vertienteglobal.com\/wp-content\/uploads\/2026\/03\/1001078911-150x100.jpg 150w\" sizes=\"auto, (max-width: 512px) 100vw, 512px\" \/><\/figure>\n\n\n\n<figure class=\"wp-block-image size-full\"><img loading=\"lazy\" decoding=\"async\" width=\"512\" height=\"374\" src=\"http:\/\/vertienteglobal.com\/wp-content\/uploads\/2026\/03\/1001078913.jpg\" alt=\"\" class=\"wp-image-253743\" srcset=\"http:\/\/vertienteglobal.com\/wp-content\/uploads\/2026\/03\/1001078913.jpg 512w, http:\/\/vertienteglobal.com\/wp-content\/uploads\/2026\/03\/1001078913-300x219.jpg 300w, http:\/\/vertienteglobal.com\/wp-content\/uploads\/2026\/03\/1001078913-150x110.jpg 150w\" sizes=\"auto, (max-width: 512px) 100vw, 512px\" \/><\/figure>\n\n\n\n<figure class=\"wp-block-image size-full\"><img loading=\"lazy\" decoding=\"async\" width=\"512\" height=\"341\" src=\"http:\/\/vertienteglobal.com\/wp-content\/uploads\/2026\/03\/1001078914.jpg\" alt=\"\" class=\"wp-image-253744\" srcset=\"http:\/\/vertienteglobal.com\/wp-content\/uploads\/2026\/03\/1001078914.jpg 512w, http:\/\/vertienteglobal.com\/wp-content\/uploads\/2026\/03\/1001078914-300x200.jpg 300w, http:\/\/vertienteglobal.com\/wp-content\/uploads\/2026\/03\/1001078914-150x100.jpg 150w\" sizes=\"auto, (max-width: 512px) 100vw, 512px\" \/><\/figure>\n","protected":false},"excerpt":{"rendered":"<p>(Redacci\u00f3n) En la primera sesi\u00f3n ordinaria de la Comisi\u00f3n Intersecretarial de Cambio Clim\u00e1tico se presentaron los avances finales de la Agenda Ambiental Clim\u00e1tica 2025 M\u00e9rida, Yucat\u00e1n, a 9 de marzo de 2026.-El Gobierno del Estado realiz\u00f3 la Primera Sesi\u00f3n Ordinaria 2026 de la Comisi\u00f3n Intersecretarial de Cambio Clim\u00e1tico (Ciclima), encabezada por la secretaria de Desarrollo [&hellip;]<\/p>\n","protected":false},"author":6,"featured_media":253741,"comment_status":"open","ping_status":"open","sticky":false,"template":"","format":"standard","meta":{"footnotes":""},"categories":[2],"tags":[],"class_list":["post-253740","post","type-post","status-publish","format-standard","has-post-thumbnail","hentry","category-yucatan","entry","has-media"],"jetpack_featured_media_url":"http:\/\/vertienteglobal.com\/wp-content\/uploads\/2026\/03\/1001078912.jpg","_links":{"self":[{"href":"http:\/\/vertienteglobal.com\/index.php?rest_route=\/wp\/v2\/posts\/253740","targetHints":{"allow":["GET"]}}],"collection":[{"href":"http:\/\/vertienteglobal.com\/index.php?rest_route=\/wp\/v2\/posts"}],"about":[{"href":"http:\/\/vertienteglobal.com\/index.php?rest_route=\/wp\/v2\/types\/post"}],"author":[{"embeddable":true,"href":"http:\/\/vertienteglobal.com\/index.php?rest_route=\/wp\/v2\/users\/6"}],"replies":[{"embeddable":true,"href":"http:\/\/vertienteglobal.com\/index.php?rest_route=%2Fwp%2Fv2%2Fcomments&post=253740"}],"version-history":[{"count":1,"href":"http:\/\/vertienteglobal.com\/index.php?rest_route=\/wp\/v2\/posts\/253740\/revisions"}],"predecessor-version":[{"id":253746,"href":"http:\/\/vertienteglobal.com\/index.php?rest_route=\/wp\/v2\/posts\/253740\/revisions\/253746"}],"wp:featuredmedia":[{"embeddable":true,"href":"http:\/\/vertienteglobal.com\/index.php?rest_route=\/wp\/v2\/media\/253741"}],"wp:attachment":[{"href":"http:\/\/vertienteglobal.com\/index.php?rest_route=%2Fwp%2Fv2%2Fmedia&parent=253740"}],"wp:term":[{"taxonomy":"category","embeddable":true,"href":"http:\/\/vertienteglobal.com\/index.php?rest_route=%2Fwp%2Fv2%2Fcategories&post=253740"},{"taxonomy":"post_tag","embeddable":true,"href":"http:\/\/vertienteglobal.com\/index.php?rest_route=%2Fwp%2Fv2%2Ftags&post=253740"}],"curies":[{"name":"wp","href":"https:\/\/api.w.org\/{rel}","templated":true}]}}