{"id":253433,"date":"2026-03-01T15:09:00","date_gmt":"2026-03-01T21:09:00","guid":{"rendered":"http:\/\/vertienteglobal.com\/?p=253433"},"modified":"2026-03-01T15:15:47","modified_gmt":"2026-03-01T21:15:47","slug":"concluye-la-temporada-de-captura-de-langosta-en-yucatan-inicia-periodo-de-veda","status":"publish","type":"post","link":"http:\/\/vertienteglobal.com\/?p=253433","title":{"rendered":"Concluye la temporada de captura de langosta en Yucat\u00e1n; inicia periodo de veda"},"content":{"rendered":"\n<div class=\"twitterbutton\" style=\"float: right; padding-left: 5px;\"><a href=\"http:\/\/twitter.com\/share\" class=\"twitter-share-button\" data-count=\"horizontal\" data-text=\"Concluye la temporada de captura de langosta en Yucat\u00e1n; inicia periodo de veda\" data-via=\"https:\/\/twitter.com\/VertienteGloba1\" data-url=\"http:\/\/vertienteglobal.com\/?p=253433\" data-lang=\"es\" data-related=\"Informaci\u00f3n general:S\u00edguenos para que est\u00e9ss informado\"><\/a><\/div>\n<figure class=\"wp-block-image size-full\"><img loading=\"lazy\" decoding=\"async\" width=\"640\" height=\"360\" src=\"http:\/\/vertienteglobal.com\/wp-content\/uploads\/2026\/03\/1001035950.jpg\" alt=\"\" class=\"wp-image-253434\" srcset=\"http:\/\/vertienteglobal.com\/wp-content\/uploads\/2026\/03\/1001035950.jpg 640w, http:\/\/vertienteglobal.com\/wp-content\/uploads\/2026\/03\/1001035950-300x169.jpg 300w, http:\/\/vertienteglobal.com\/wp-content\/uploads\/2026\/03\/1001035950-150x84.jpg 150w\" sizes=\"auto, (max-width: 640px) 100vw, 640px\" \/><\/figure>\n\n\n\n<p>(Redacci\u00f3n)<\/p>\n\n\n\n<p>Del 1 de marzo al 1 de junio se proh\u00edbe la captura del crust\u00e1ceo<\/p>\n\n\n\n<p>Se fortalecen acciones de vigilancia para proteger las especies marinas del litoral yucateco<\/p>\n\n\n\n<p>M\u00e9rida, Yucat\u00e1n, a 1 de marzo de 2026.-El Gobierno del Estado de Yucat\u00e1n , a trav\u00e9s de la Secretar\u00eda de Pesca y Acuacultura Sustentables (Sepasy), inform\u00f3 que concluy\u00f3 la temporada de captura de langosta en Yucat\u00e1n, por lo que del 1 de marzo al 1 de junio estar\u00e1 vigente el periodo de veda para esta especie.<\/p>\n\n\n\n<p>La secretaria de Pesca y Acuacultura Sustentables, Lila Fr\u00edas Castillo, afirm\u00f3 que respetar la veda es una decisi\u00f3n estrat\u00e9gica para el futuro del sector pesquero.<\/p>\n\n\n\n<p>\u201cCuando el mar descansa, estamos sembrando futuro. La veda representa una inversi\u00f3n en el futuro del sector pesquero y en la estabilidad de miles de familias que viven del mar\u201d, afirm\u00f3.<\/p>\n\n\n\n<p>Asimismo, se\u00f1al\u00f3 que, en coordinaci\u00f3n con autoridades federales, se fortalecer\u00e1n las acciones de vigilancia para favorecer el cumplimiento de la veda y proteger a la especie en su etapa reproductiva.<\/p>\n\n\n\n<p>De igual manera, el Gobernador Joaqu\u00edn D\u00edaz Mena ha reiterado que su administraci\u00f3n impulsa una pesca ordenada y responsable, basada en el respeto a los ciclos naturales y en el compromiso de asegurar que las pr\u00f3ximas generaciones puedan seguir viviendo del mar.<\/p>\n\n\n\n<p>El Gobierno del Estado hizo un llamado al sector pesquero y a la ciudadan\u00eda a mantener el compromiso con el cuidado del mar y el respeto a los periodos establecidos, al recordar que la conservaci\u00f3n de las especies es una responsabilidad compartida.<\/p>\n","protected":false},"excerpt":{"rendered":"<p>(Redacci\u00f3n) Del 1 de marzo al 1 de junio se proh\u00edbe la captura del crust\u00e1ceo Se fortalecen acciones de vigilancia para proteger las especies marinas del litoral yucateco M\u00e9rida, Yucat\u00e1n, a 1 de marzo de 2026.-El Gobierno del Estado de Yucat\u00e1n , a trav\u00e9s de la Secretar\u00eda de Pesca y Acuacultura Sustentables (Sepasy), inform\u00f3 que [&hellip;]<\/p>\n","protected":false},"author":6,"featured_media":253434,"comment_status":"open","ping_status":"open","sticky":false,"template":"","format":"standard","meta":{"footnotes":""},"categories":[2],"tags":[],"class_list":["post-253433","post","type-post","status-publish","format-standard","has-post-thumbnail","hentry","category-yucatan","entry","has-media"],"jetpack_featured_media_url":"http:\/\/vertienteglobal.com\/wp-content\/uploads\/2026\/03\/1001035950.jpg","_links":{"self":[{"href":"http:\/\/vertienteglobal.com\/index.php?rest_route=\/wp\/v2\/posts\/253433","targetHints":{"allow":["GET"]}}],"collection":[{"href":"http:\/\/vertienteglobal.com\/index.php?rest_route=\/wp\/v2\/posts"}],"about":[{"href":"http:\/\/vertienteglobal.com\/index.php?rest_route=\/wp\/v2\/types\/post"}],"author":[{"embeddable":true,"href":"http:\/\/vertienteglobal.com\/index.php?rest_route=\/wp\/v2\/users\/6"}],"replies":[{"embeddable":true,"href":"http:\/\/vertienteglobal.com\/index.php?rest_route=%2Fwp%2Fv2%2Fcomments&post=253433"}],"version-history":[{"count":1,"href":"http:\/\/vertienteglobal.com\/index.php?rest_route=\/wp\/v2\/posts\/253433\/revisions"}],"predecessor-version":[{"id":253435,"href":"http:\/\/vertienteglobal.com\/index.php?rest_route=\/wp\/v2\/posts\/253433\/revisions\/253435"}],"wp:featuredmedia":[{"embeddable":true,"href":"http:\/\/vertienteglobal.com\/index.php?rest_route=\/wp\/v2\/media\/253434"}],"wp:attachment":[{"href":"http:\/\/vertienteglobal.com\/index.php?rest_route=%2Fwp%2Fv2%2Fmedia&parent=253433"}],"wp:term":[{"taxonomy":"category","embeddable":true,"href":"http:\/\/vertienteglobal.com\/index.php?rest_route=%2Fwp%2Fv2%2Fcategories&post=253433"},{"taxonomy":"post_tag","embeddable":true,"href":"http:\/\/vertienteglobal.com\/index.php?rest_route=%2Fwp%2Fv2%2Ftags&post=253433"}],"curies":[{"name":"wp","href":"https:\/\/api.w.org\/{rel}","templated":true}]}}