{"id":253414,"date":"2026-02-26T22:19:00","date_gmt":"2026-02-27T04:19:00","guid":{"rendered":"http:\/\/vertienteglobal.com\/?p=253414"},"modified":"2026-03-01T13:51:57","modified_gmt":"2026-03-01T19:51:57","slug":"sheinbaum-habla-con-presidente-de-la-fifa-confirmamos-la-confianza-en-el-pais","status":"publish","type":"post","link":"http:\/\/vertienteglobal.com\/?p=253414","title":{"rendered":"Sheinbaum habla con presidente de la FIFA; &#8216;confirmamos la confianza en el pa\u00eds&#8217;"},"content":{"rendered":"\n<div class=\"twitterbutton\" style=\"float: right; padding-left: 5px;\"><a href=\"http:\/\/twitter.com\/share\" class=\"twitter-share-button\" data-count=\"horizontal\" data-text=\"Sheinbaum habla con presidente de la FIFA; &#8216;confirmamos la confianza en el...\" data-via=\"https:\/\/twitter.com\/VertienteGloba1\" data-url=\"http:\/\/vertienteglobal.com\/?p=253414\" data-lang=\"es\" data-related=\"Informaci\u00f3n general:S\u00edguenos para que est\u00e9ss informado\"><\/a><\/div>\n<figure class=\"wp-block-image size-full\"><img loading=\"lazy\" decoding=\"async\" width=\"614\" height=\"409\" src=\"http:\/\/vertienteglobal.com\/wp-content\/uploads\/2026\/03\/1001035675.jpg\" alt=\"\" class=\"wp-image-253415\" srcset=\"http:\/\/vertienteglobal.com\/wp-content\/uploads\/2026\/03\/1001035675.jpg 614w, http:\/\/vertienteglobal.com\/wp-content\/uploads\/2026\/03\/1001035675-300x200.jpg 300w, http:\/\/vertienteglobal.com\/wp-content\/uploads\/2026\/03\/1001035675-150x100.jpg 150w\" sizes=\"auto, (max-width: 614px) 100vw, 614px\" \/><\/figure>\n\n\n\n<p>(Redacci\u00f3n)<\/p>\n\n\n\n<p>Sheinbaum Pardo escribi\u00f3: \u00abConvers\u00e9 por llamada telef\u00f3nica con el presidente de la FIFA, Gianni Infantino; seguimos trabajando como hasta ahora para realizar con \u00e9xito la Copa Mundial de F\u00fatbol 2026<\/p>\n\n\n\n<p>Ciudad de M\u00e9xico 26 de febrero de 2026.-La presidenta Claudia Sheinbaum inform\u00f3 este jueves que sostuvo una conversaci\u00f3n telef\u00f3nica con Gianni Infantino, presidente de la Federaci\u00f3n Internacional de Futbol Asociaci\u00f3n (FIFA), en la que dijo, confirm\u00f3 la confianza del organismo en M\u00e9xico para la realizaci\u00f3n del Mundial 2026.<\/p>\n\n\n\n<p>A trav\u00e9s de sus redes sociales, Sheinbaum Pardo escribi\u00f3: \u00abConvers\u00e9 por llamada telef\u00f3nica con el presidente de la FIFA, Gianni Infantino; seguimos trabajando como hasta ahora para realizar con \u00e9xito la Copa Mundial de F\u00fatbol 2026.<\/p>\n\n\n\n<p>\u00abConfirmamos la confianza en el pa\u00eds\u00bb, agreg\u00f3.<\/p>\n\n\n\n<p>Esta conversaci\u00f3n se dio luego de los hechos de violencia vividos en el pa\u00eds desde el pasado domingo, cuando se llev\u00f3 a cabo un operativo que dej\u00f3 la muerte del l\u00edder delictivo Nemesio Oseguera \u00abEl Mencho\u00bb, lo cual gener\u00f3 bloqueos carreteros y quema de veh\u00edculos.<\/p>\n\n\n\n<p>Adem\u00e1s, las federaciones de algunos pa\u00edses, como Portugal y Bolivia, han expresado su preocupaci\u00f3n por la situaci\u00f3n en M\u00e9xico.<\/p>\n","protected":false},"excerpt":{"rendered":"<p>(Redacci\u00f3n) Sheinbaum Pardo escribi\u00f3: \u00abConvers\u00e9 por llamada telef\u00f3nica con el presidente de la FIFA, Gianni Infantino; seguimos trabajando como hasta ahora para realizar con \u00e9xito la Copa Mundial de F\u00fatbol 2026 Ciudad de M\u00e9xico 26 de febrero de 2026.-La presidenta Claudia Sheinbaum inform\u00f3 este jueves que sostuvo una conversaci\u00f3n telef\u00f3nica con Gianni Infantino, presidente de [&hellip;]<\/p>\n","protected":false},"author":6,"featured_media":253415,"comment_status":"open","ping_status":"open","sticky":false,"template":"","format":"standard","meta":{"footnotes":""},"categories":[8],"tags":[],"class_list":["post-253414","post","type-post","status-publish","format-standard","has-post-thumbnail","hentry","category-pais","entry","has-media"],"jetpack_featured_media_url":"http:\/\/vertienteglobal.com\/wp-content\/uploads\/2026\/03\/1001035675.jpg","_links":{"self":[{"href":"http:\/\/vertienteglobal.com\/index.php?rest_route=\/wp\/v2\/posts\/253414","targetHints":{"allow":["GET"]}}],"collection":[{"href":"http:\/\/vertienteglobal.com\/index.php?rest_route=\/wp\/v2\/posts"}],"about":[{"href":"http:\/\/vertienteglobal.com\/index.php?rest_route=\/wp\/v2\/types\/post"}],"author":[{"embeddable":true,"href":"http:\/\/vertienteglobal.com\/index.php?rest_route=\/wp\/v2\/users\/6"}],"replies":[{"embeddable":true,"href":"http:\/\/vertienteglobal.com\/index.php?rest_route=%2Fwp%2Fv2%2Fcomments&post=253414"}],"version-history":[{"count":1,"href":"http:\/\/vertienteglobal.com\/index.php?rest_route=\/wp\/v2\/posts\/253414\/revisions"}],"predecessor-version":[{"id":253416,"href":"http:\/\/vertienteglobal.com\/index.php?rest_route=\/wp\/v2\/posts\/253414\/revisions\/253416"}],"wp:featuredmedia":[{"embeddable":true,"href":"http:\/\/vertienteglobal.com\/index.php?rest_route=\/wp\/v2\/media\/253415"}],"wp:attachment":[{"href":"http:\/\/vertienteglobal.com\/index.php?rest_route=%2Fwp%2Fv2%2Fmedia&parent=253414"}],"wp:term":[{"taxonomy":"category","embeddable":true,"href":"http:\/\/vertienteglobal.com\/index.php?rest_route=%2Fwp%2Fv2%2Fcategories&post=253414"},{"taxonomy":"post_tag","embeddable":true,"href":"http:\/\/vertienteglobal.com\/index.php?rest_route=%2Fwp%2Fv2%2Ftags&post=253414"}],"curies":[{"name":"wp","href":"https:\/\/api.w.org\/{rel}","templated":true}]}}