{"id":253019,"date":"2026-02-08T20:24:00","date_gmt":"2026-02-09T02:24:00","guid":{"rendered":"http:\/\/vertienteglobal.com\/?p=253019"},"modified":"2026-02-09T12:26:50","modified_gmt":"2026-02-09T18:26:50","slug":"dif-yucatan-entrega-miles-de-apoyos-a-familias-ante-descenso-de-las-temperaturas","status":"publish","type":"post","link":"http:\/\/vertienteglobal.com\/?p=253019","title":{"rendered":"DIF Yucat\u00e1n entrega miles de apoyos a familias ante descenso de las temperaturas"},"content":{"rendered":"\n<div class=\"twitterbutton\" style=\"float: right; padding-left: 5px;\"><a href=\"http:\/\/twitter.com\/share\" class=\"twitter-share-button\" data-count=\"horizontal\" data-text=\"DIF Yucat\u00e1n entrega miles de apoyos a familias ante descenso de las temperatura...\" data-via=\"https:\/\/twitter.com\/VertienteGloba1\" data-url=\"http:\/\/vertienteglobal.com\/?p=253019\" data-lang=\"es\" data-related=\"Informaci\u00f3n general:S\u00edguenos para que est\u00e9ss informado\"><\/a><\/div>\n<figure class=\"wp-block-image size-full\"><img loading=\"lazy\" decoding=\"async\" width=\"832\" height=\"554\" src=\"http:\/\/vertienteglobal.com\/wp-content\/uploads\/2026\/02\/1000979742.jpg\" alt=\"\" class=\"wp-image-253020\" srcset=\"http:\/\/vertienteglobal.com\/wp-content\/uploads\/2026\/02\/1000979742.jpg 832w, http:\/\/vertienteglobal.com\/wp-content\/uploads\/2026\/02\/1000979742-300x200.jpg 300w, http:\/\/vertienteglobal.com\/wp-content\/uploads\/2026\/02\/1000979742-150x100.jpg 150w, http:\/\/vertienteglobal.com\/wp-content\/uploads\/2026\/02\/1000979742-768x511.jpg 768w\" sizes=\"auto, (max-width: 832px) 100vw, 832px\" \/><\/figure>\n\n\n\n<p>(Redacci\u00f3n)<\/p>\n\n\n\n<p><em>Con las rutas de distribuci\u00f3n de cobertores y despensas se atendieron municipios del interior del estado y comisar\u00edas de M\u00e9rida<\/em><\/p>\n\n\n\n<p>M\u00e9rida, Yucat\u00e1n, a 8 de febrero de 2026.-Ante el descenso de temperaturas en la entidad, el Gobierno del Estado, a trav\u00e9s del Sistema DIF Yucat\u00e1n, llev\u00f3 a cabo durante la presente semana un amplio operativo de entrega de cobertores y despensas en municipios y comisar\u00edas del interior del estado, con el objetivo de proteger la salud y el bienestar de la poblaci\u00f3n m\u00e1s vulnerable.<\/p>\n\n\n\n<p>Estas medidas fueron encabezadas por la Presidenta Honoraria del DIF Yucat\u00e1n, Mtra. Wendy M\u00e9ndez Naal, y la directora general del organismo, Shirley Castillo S\u00e1nchez, como parte de una encomienda directa del Gobernador Joaqu\u00edn D\u00edaz Mena, quien instruy\u00f3 reforzar las medidas de atenci\u00f3n social ante los efectos del fr\u00edo en distintas regiones de Yucat\u00e1n.<\/p>\n\n\n\n<p>Durante este operativo se entregaron 3,600 cobertores y 1,800 despensas, dirigidas principalmente a adultos mayores, personas con discapacidad y familias en situaci\u00f3n de vulnerabilidad, priorizando aquellas comunidades donde las bajas temperaturas representan un mayor riesgo para la salud.<\/p>\n\n\n\n<p>Las entregas se realizaron en los municipios de Ixil, Hoct\u00fan, Chikindzonot, Ticul, as\u00ed como en las localidades de Ichmul, Chan Chichimil\u00e1, Bombahalt\u00fan, Xcobenhalt\u00fan y Sacamucuy.<\/p>\n\n\n\n<p>Tambi\u00e9n en el municipio de M\u00e9rida se atendieron diversas comisar\u00edas, entre ellas Dzity\u00e1, San Antonio Hool, Xcuny\u00e1, Dzibilchalt\u00fan, Sodzil Norte, San Antonio Tzacal\u00e1, Tex\u00e1n C\u00e1mara, Yaxnic y Xmatkuil, como parte de una estrategia territorial que permiti\u00f3 ampliar el alcance de los apoyos.<\/p>\n\n\n\n<p>La Presidenta Honoraria del DIF Yucat\u00e1n se\u00f1al\u00f3 que estas medidas responden a una pol\u00edtica social cercana y sensible, que busca acompa\u00f1ar a las personas en momentos donde las condiciones clim\u00e1ticas pueden afectar de manera directa su salud y su calidad de vida, especialmente en quienes enfrentan mayores condiciones de vulnerabilidad.<\/p>\n\n\n\n<p>Adem\u00e1s, agradeci\u00f3 al equipo del DIF Yucat\u00e1n, que se ha sumado al operativo de ayuda para llegar al mayor n\u00famero de comunidades posible.<\/p>\n\n\n\n<p>La Mtra. Wendy M\u00e9ndez Naal reconoci\u00f3 de manera especial la labor de las presidentas de los DIF municipales, quienes han respondido de manera humana, cercana y eficaz a las necesidades de su comunidad ante las bajas temperaturas.<\/p>\n\n\n\n<p>Durante las jornadas de entrega se cont\u00f3 con la participaci\u00f3n de autoridades municipales y comisariales, as\u00ed como comisarias, comisarios y representantes de las distintas localidades visitadas, quienes acompa\u00f1aron el recorrido y respaldaron las acciones de atenci\u00f3n directa a la poblaci\u00f3n.<\/p>\n\n\n\n<p>Con este operativo, el Gobierno del Estado y el DIF Yucat\u00e1n reafirman su compromiso de seguir trabajando de manera cercana y permanente para proteger a las familias yucatecas.<\/p>\n\n\n\n<figure class=\"wp-block-image size-full\"><img loading=\"lazy\" decoding=\"async\" width=\"640\" height=\"427\" src=\"http:\/\/vertienteglobal.com\/wp-content\/uploads\/2026\/02\/1000979740.jpg\" alt=\"\" class=\"wp-image-253021\" srcset=\"http:\/\/vertienteglobal.com\/wp-content\/uploads\/2026\/02\/1000979740.jpg 640w, http:\/\/vertienteglobal.com\/wp-content\/uploads\/2026\/02\/1000979740-300x200.jpg 300w, http:\/\/vertienteglobal.com\/wp-content\/uploads\/2026\/02\/1000979740-150x100.jpg 150w\" sizes=\"auto, (max-width: 640px) 100vw, 640px\" \/><\/figure>\n\n\n\n<figure class=\"wp-block-image size-large\"><img loading=\"lazy\" decoding=\"async\" width=\"1024\" height=\"682\" src=\"http:\/\/vertienteglobal.com\/wp-content\/uploads\/2026\/02\/1000979744-1024x682.jpg\" alt=\"\" class=\"wp-image-253022\" srcset=\"http:\/\/vertienteglobal.com\/wp-content\/uploads\/2026\/02\/1000979744-1024x682.jpg 1024w, http:\/\/vertienteglobal.com\/wp-content\/uploads\/2026\/02\/1000979744-300x200.jpg 300w, http:\/\/vertienteglobal.com\/wp-content\/uploads\/2026\/02\/1000979744-150x100.jpg 150w, http:\/\/vertienteglobal.com\/wp-content\/uploads\/2026\/02\/1000979744-768x512.jpg 768w, http:\/\/vertienteglobal.com\/wp-content\/uploads\/2026\/02\/1000979744-1536x1024.jpg 1536w, http:\/\/vertienteglobal.com\/wp-content\/uploads\/2026\/02\/1000979744.jpg 1664w\" sizes=\"auto, (max-width: 1024px) 100vw, 1024px\" \/><\/figure>\n\n\n\n<figure class=\"wp-block-image size-full\"><img loading=\"lazy\" decoding=\"async\" width=\"640\" height=\"426\" src=\"http:\/\/vertienteglobal.com\/wp-content\/uploads\/2026\/02\/1000979743.jpg\" alt=\"\" class=\"wp-image-253023\" srcset=\"http:\/\/vertienteglobal.com\/wp-content\/uploads\/2026\/02\/1000979743.jpg 640w, http:\/\/vertienteglobal.com\/wp-content\/uploads\/2026\/02\/1000979743-300x200.jpg 300w, http:\/\/vertienteglobal.com\/wp-content\/uploads\/2026\/02\/1000979743-150x100.jpg 150w\" sizes=\"auto, (max-width: 640px) 100vw, 640px\" \/><\/figure>\n","protected":false},"excerpt":{"rendered":"<p>(Redacci\u00f3n) Con las rutas de distribuci\u00f3n de cobertores y despensas se atendieron municipios del interior del estado y comisar\u00edas de M\u00e9rida M\u00e9rida, Yucat\u00e1n, a 8 de febrero de 2026.-Ante el descenso de temperaturas en la entidad, el Gobierno del Estado, a trav\u00e9s del Sistema DIF Yucat\u00e1n, llev\u00f3 a cabo durante la presente semana un amplio [&hellip;]<\/p>\n","protected":false},"author":6,"featured_media":253020,"comment_status":"open","ping_status":"open","sticky":false,"template":"","format":"standard","meta":{"footnotes":""},"categories":[2],"tags":[],"class_list":["post-253019","post","type-post","status-publish","format-standard","has-post-thumbnail","hentry","category-yucatan","entry","has-media"],"jetpack_featured_media_url":"http:\/\/vertienteglobal.com\/wp-content\/uploads\/2026\/02\/1000979742.jpg","_links":{"self":[{"href":"http:\/\/vertienteglobal.com\/index.php?rest_route=\/wp\/v2\/posts\/253019","targetHints":{"allow":["GET"]}}],"collection":[{"href":"http:\/\/vertienteglobal.com\/index.php?rest_route=\/wp\/v2\/posts"}],"about":[{"href":"http:\/\/vertienteglobal.com\/index.php?rest_route=\/wp\/v2\/types\/post"}],"author":[{"embeddable":true,"href":"http:\/\/vertienteglobal.com\/index.php?rest_route=\/wp\/v2\/users\/6"}],"replies":[{"embeddable":true,"href":"http:\/\/vertienteglobal.com\/index.php?rest_route=%2Fwp%2Fv2%2Fcomments&post=253019"}],"version-history":[{"count":1,"href":"http:\/\/vertienteglobal.com\/index.php?rest_route=\/wp\/v2\/posts\/253019\/revisions"}],"predecessor-version":[{"id":253024,"href":"http:\/\/vertienteglobal.com\/index.php?rest_route=\/wp\/v2\/posts\/253019\/revisions\/253024"}],"wp:featuredmedia":[{"embeddable":true,"href":"http:\/\/vertienteglobal.com\/index.php?rest_route=\/wp\/v2\/media\/253020"}],"wp:attachment":[{"href":"http:\/\/vertienteglobal.com\/index.php?rest_route=%2Fwp%2Fv2%2Fmedia&parent=253019"}],"wp:term":[{"taxonomy":"category","embeddable":true,"href":"http:\/\/vertienteglobal.com\/index.php?rest_route=%2Fwp%2Fv2%2Fcategories&post=253019"},{"taxonomy":"post_tag","embeddable":true,"href":"http:\/\/vertienteglobal.com\/index.php?rest_route=%2Fwp%2Fv2%2Ftags&post=253019"}],"curies":[{"name":"wp","href":"https:\/\/api.w.org\/{rel}","templated":true}]}}