{"id":252863,"date":"2026-02-04T12:56:00","date_gmt":"2026-02-04T18:56:00","guid":{"rendered":"http:\/\/vertienteglobal.com\/?p=252863"},"modified":"2026-02-04T13:20:02","modified_gmt":"2026-02-04T19:20:02","slug":"persistiran-las-bajas-temperaturas-en-yucatan-procivy","status":"publish","type":"post","link":"http:\/\/vertienteglobal.com\/?p=252863","title":{"rendered":"Persistir\u00e1n las bajas temperaturas en Yucat\u00e1n: Procivy"},"content":{"rendered":"\n<div class=\"twitterbutton\" style=\"float: right; padding-left: 5px;\"><a href=\"http:\/\/twitter.com\/share\" class=\"twitter-share-button\" data-count=\"horizontal\" data-text=\"Persistir\u00e1n las bajas temperaturas en Yucat\u00e1n: Procivy\" data-via=\"https:\/\/twitter.com\/VertienteGloba1\" data-url=\"http:\/\/vertienteglobal.com\/?p=252863\" data-lang=\"es\" data-related=\"Informaci\u00f3n general:S\u00edguenos para que est\u00e9ss informado\"><\/a><\/div>\n<figure class=\"wp-block-image size-full\"><img loading=\"lazy\" decoding=\"async\" width=\"675\" height=\"474\" src=\"http:\/\/vertienteglobal.com\/wp-content\/uploads\/2026\/02\/1000967254.jpg\" alt=\"\" class=\"wp-image-252864\" srcset=\"http:\/\/vertienteglobal.com\/wp-content\/uploads\/2026\/02\/1000967254.jpg 675w, http:\/\/vertienteglobal.com\/wp-content\/uploads\/2026\/02\/1000967254-300x211.jpg 300w, http:\/\/vertienteglobal.com\/wp-content\/uploads\/2026\/02\/1000967254-150x105.jpg 150w\" sizes=\"auto, (max-width: 675px) 100vw, 675px\" \/><\/figure>\n\n\n\n<p>(Redacci\u00f3n)<\/p>\n\n\n\n<p><em>Nuevo frente fr\u00edo generar\u00e1 evento \u201cnorte\u201d y rachas de viento en la costa<\/em><\/p>\n\n\n\n<p>M\u00e9rida, Yucat\u00e1n, 4 de febrero de 2026.-El Gobierno del Estado, a trav\u00e9s de la Coordinaci\u00f3n Estatal de Protecci\u00f3n Civil (Procivy), informa del ingreso del Frente Fr\u00edo No. 33 a la Pen\u00ednsula de Yucat\u00e1n, seguido por una masa de aire polar que mantendr\u00e1 ambiente fr\u00edo en el estado hasta el pr\u00f3ximo lunes 9. Las temperaturas se recuperar\u00e1n de manera gradual a partir del martes 10 de febrero.<\/p>\n\n\n\n<p>El titular de Procivy, Hern\u00e1n Hern\u00e1ndez Rodr\u00edguez, detall\u00f3 que este sistema frontal ingresar\u00e1 en el transcurso del mediod\u00eda del jueves 5 de febrero, generar\u00e1 evento \u201cnorte\u201d de leve a moderado, con rachas de viento de 45 a 55 km\/h en la zona costera y de 25 a 35 km\/h en el resto del estado, oleaje de dos a tres metros de altura y lluvias de ligeras a moderadas durante su desplazamiento.<\/p>\n\n\n\n<p>\u201cLa masa de aire polar que lo acompa\u00f1a har\u00e1 que contin\u00fae el ambiente fr\u00edo en Yucat\u00e1n; los registros m\u00e1s bajos se esperan durante las madrugas y amaneceres, por lo menos hasta el martes 10 de febrero\u201d, indic\u00f3.<\/p>\n\n\n\n<p>De acuerdo con el an\u00e1lisis del Centro Estatal de Monitoreo y Alertamiento, las temperaturas m\u00e1ximas oscilar\u00e1n entre 28 y 31 \u00b0C y las m\u00ednimas entre 8 y 12 \u00b0C en municipios del interior del estado, y de 14 a 16 \u00b0C en el litoral yucateco.<\/p>\n\n\n\n<p>El pr\u00f3ximo s\u00e1bado 7 se prev\u00e9 que el descenso t\u00e9rmico se intensifique en municipios del sur del estado, como Tzucacab, Peto, Chacsink\u00edn, Tixm\u00e9huac, Akil, Oxkutzcab, Ticul, Man\u00ed y Dz\u00e1n, donde se esperan registros de temperaturas m\u00ednimas inferiores a los 7 \u00b0C, precis\u00f3 Hern\u00e1ndez Rodr\u00edguez.<\/p>\n\n\n\n<p>Por lo anterior, se exhorta a la poblaci\u00f3n a abrigarse adecuadamente, evitar cambios bruscos de temperatura, proteger a ni\u00f1as, ni\u00f1os, adultos mayores y mascotas, y atender las recomendaciones de las autoridades mar\u00edtimas para la navegaci\u00f3n.<\/p>\n\n\n\n<p>Mantenemos vigilancia permanente y damos seguimiento al comportamiento y evoluci\u00f3n de este sistema, emitiendo actualizaciones oportunas a trav\u00e9s de los canales oficiales, como las redes sociales del Gobernador Joaqu\u00edn D\u00edaz Mena, del Gobierno del Estado y de Procivy, concluy\u00f3.<\/p>\n","protected":false},"excerpt":{"rendered":"<p>(Redacci\u00f3n) Nuevo frente fr\u00edo generar\u00e1 evento \u201cnorte\u201d y rachas de viento en la costa M\u00e9rida, Yucat\u00e1n, 4 de febrero de 2026.-El Gobierno del Estado, a trav\u00e9s de la Coordinaci\u00f3n Estatal de Protecci\u00f3n Civil (Procivy), informa del ingreso del Frente Fr\u00edo No. 33 a la Pen\u00ednsula de Yucat\u00e1n, seguido por una masa de aire polar que [&hellip;]<\/p>\n","protected":false},"author":6,"featured_media":252864,"comment_status":"open","ping_status":"open","sticky":false,"template":"","format":"standard","meta":{"footnotes":""},"categories":[2],"tags":[],"class_list":["post-252863","post","type-post","status-publish","format-standard","has-post-thumbnail","hentry","category-yucatan","entry","has-media"],"jetpack_featured_media_url":"http:\/\/vertienteglobal.com\/wp-content\/uploads\/2026\/02\/1000967254.jpg","_links":{"self":[{"href":"http:\/\/vertienteglobal.com\/index.php?rest_route=\/wp\/v2\/posts\/252863","targetHints":{"allow":["GET"]}}],"collection":[{"href":"http:\/\/vertienteglobal.com\/index.php?rest_route=\/wp\/v2\/posts"}],"about":[{"href":"http:\/\/vertienteglobal.com\/index.php?rest_route=\/wp\/v2\/types\/post"}],"author":[{"embeddable":true,"href":"http:\/\/vertienteglobal.com\/index.php?rest_route=\/wp\/v2\/users\/6"}],"replies":[{"embeddable":true,"href":"http:\/\/vertienteglobal.com\/index.php?rest_route=%2Fwp%2Fv2%2Fcomments&post=252863"}],"version-history":[{"count":1,"href":"http:\/\/vertienteglobal.com\/index.php?rest_route=\/wp\/v2\/posts\/252863\/revisions"}],"predecessor-version":[{"id":252865,"href":"http:\/\/vertienteglobal.com\/index.php?rest_route=\/wp\/v2\/posts\/252863\/revisions\/252865"}],"wp:featuredmedia":[{"embeddable":true,"href":"http:\/\/vertienteglobal.com\/index.php?rest_route=\/wp\/v2\/media\/252864"}],"wp:attachment":[{"href":"http:\/\/vertienteglobal.com\/index.php?rest_route=%2Fwp%2Fv2%2Fmedia&parent=252863"}],"wp:term":[{"taxonomy":"category","embeddable":true,"href":"http:\/\/vertienteglobal.com\/index.php?rest_route=%2Fwp%2Fv2%2Fcategories&post=252863"},{"taxonomy":"post_tag","embeddable":true,"href":"http:\/\/vertienteglobal.com\/index.php?rest_route=%2Fwp%2Fv2%2Ftags&post=252863"}],"curies":[{"name":"wp","href":"https:\/\/api.w.org\/{rel}","templated":true}]}}