{"id":252717,"date":"2026-01-31T19:55:00","date_gmt":"2026-02-01T01:55:00","guid":{"rendered":"http:\/\/vertienteglobal.com\/?p=252717"},"modified":"2026-01-31T22:42:11","modified_gmt":"2026-02-01T04:42:11","slug":"sale-a-la-luz-el-ultimo-video-de-el-pulpo-y-arleth-juntos-de-hace-2-dias-video","status":"publish","type":"post","link":"http:\/\/vertienteglobal.com\/?p=252717","title":{"rendered":"Sale a la luz el \u00faltimo video de &#8216;El Pulpo&#8217; y Arleth juntos \u00a1de hace 2 d\u00edas! (+video)"},"content":{"rendered":"\n<div class=\"twitterbutton\" style=\"float: right; padding-left: 5px;\"><a href=\"http:\/\/twitter.com\/share\" class=\"twitter-share-button\" data-count=\"horizontal\" data-text=\"Sale a la luz el \u00faltimo video de &#8216;El Pulpo&#8217; y Arleth juntos \u00a1de ha...\" data-via=\"https:\/\/twitter.com\/VertienteGloba1\" data-url=\"http:\/\/vertienteglobal.com\/?p=252717\" data-lang=\"es\" data-related=\"Informaci\u00f3n general:S\u00edguenos para que est\u00e9ss informado\"><\/a><\/div>\n<figure class=\"wp-block-image size-full\"><img loading=\"lazy\" decoding=\"async\" width=\"604\" height=\"370\" src=\"http:\/\/vertienteglobal.com\/wp-content\/uploads\/2026\/01\/1000958926.jpg\" alt=\"\" class=\"wp-image-252718\" srcset=\"http:\/\/vertienteglobal.com\/wp-content\/uploads\/2026\/01\/1000958926.jpg 604w, http:\/\/vertienteglobal.com\/wp-content\/uploads\/2026\/01\/1000958926-300x184.jpg 300w, http:\/\/vertienteglobal.com\/wp-content\/uploads\/2026\/01\/1000958926-150x92.jpg 150w\" sizes=\"auto, (max-width: 604px) 100vw, 604px\" \/><\/figure>\n\n\n\n<p>(Redacci\u00f3n)<\/p>\n\n\n\n<p>Se trata del video clip de la nueva canci\u00f3n del tecladista titulado \u00abLa culebra\u00bb en donde se les ve por \u00faltima vez a esta pareja de tortolos que desde hace dos semana traen a todos sus seguidores y fans en \u00abjaque\u00bb.<\/p>\n\n\n\n<p>Ciudad de M\u00e9xico 31 enero 2026.-El \u00faltimo video en donde aparecen juntos Alfredo \u00abEl Pulpo\u00bb y la bailarina Arleth ha sido a la luz p\u00fablica hace dos d\u00edas.<\/p>\n\n\n\n<p>\u00a1S\u00ed, as\u00ed es! Se trata del video clip de la nueva canci\u00f3n del tecladista titulado \u00abLa culebra\u00bb en donde se les ve por \u00faltima vez a esta pareja de tortolos que desde hace dos semana traen a todos sus seguidores y fans en \u00abjaque\u00bb.<\/p>\n\n\n\n<p>Todo indica que este es el \u00faltimo video en donde este par de famosos trabajaron juntos.<\/p>\n\n\n\n<figure class=\"wp-block-embed is-type-video is-provider-youtube wp-block-embed-youtube wp-embed-aspect-16-9 wp-has-aspect-ratio\"><div class=\"wp-block-embed__wrapper\">\n<div class=\"oceanwp-oembed-wrap clr\"><iframe loading=\"lazy\" title=\"Alfredo &quot;El Pulpo&quot; Y sus Teclados - La Culebra (Video Oficial)\" width=\"1200\" height=\"675\" src=\"https:\/\/www.youtube.com\/embed\/b18CIENn3e4?feature=oembed\" frameborder=\"0\" allow=\"accelerometer; autoplay; clipboard-write; encrypted-media; gyroscope; picture-in-picture; web-share\" referrerpolicy=\"strict-origin-when-cross-origin\" allowfullscreen><\/iframe><\/div>\n<\/div><\/figure>\n","protected":false},"excerpt":{"rendered":"<p>(Redacci\u00f3n) Se trata del video clip de la nueva canci\u00f3n del tecladista titulado \u00abLa culebra\u00bb en donde se les ve por \u00faltima vez a esta pareja de tortolos que desde hace dos semana traen a todos sus seguidores y fans en \u00abjaque\u00bb. Ciudad de M\u00e9xico 31 enero 2026.-El \u00faltimo video en donde aparecen juntos Alfredo [&hellip;]<\/p>\n","protected":false},"author":6,"featured_media":252718,"comment_status":"open","ping_status":"open","sticky":false,"template":"","format":"standard","meta":{"footnotes":""},"categories":[10],"tags":[],"class_list":["post-252717","post","type-post","status-publish","format-standard","has-post-thumbnail","hentry","category-espectaculos","entry","has-media"],"jetpack_featured_media_url":"http:\/\/vertienteglobal.com\/wp-content\/uploads\/2026\/01\/1000958926.jpg","_links":{"self":[{"href":"http:\/\/vertienteglobal.com\/index.php?rest_route=\/wp\/v2\/posts\/252717","targetHints":{"allow":["GET"]}}],"collection":[{"href":"http:\/\/vertienteglobal.com\/index.php?rest_route=\/wp\/v2\/posts"}],"about":[{"href":"http:\/\/vertienteglobal.com\/index.php?rest_route=\/wp\/v2\/types\/post"}],"author":[{"embeddable":true,"href":"http:\/\/vertienteglobal.com\/index.php?rest_route=\/wp\/v2\/users\/6"}],"replies":[{"embeddable":true,"href":"http:\/\/vertienteglobal.com\/index.php?rest_route=%2Fwp%2Fv2%2Fcomments&post=252717"}],"version-history":[{"count":1,"href":"http:\/\/vertienteglobal.com\/index.php?rest_route=\/wp\/v2\/posts\/252717\/revisions"}],"predecessor-version":[{"id":252719,"href":"http:\/\/vertienteglobal.com\/index.php?rest_route=\/wp\/v2\/posts\/252717\/revisions\/252719"}],"wp:featuredmedia":[{"embeddable":true,"href":"http:\/\/vertienteglobal.com\/index.php?rest_route=\/wp\/v2\/media\/252718"}],"wp:attachment":[{"href":"http:\/\/vertienteglobal.com\/index.php?rest_route=%2Fwp%2Fv2%2Fmedia&parent=252717"}],"wp:term":[{"taxonomy":"category","embeddable":true,"href":"http:\/\/vertienteglobal.com\/index.php?rest_route=%2Fwp%2Fv2%2Fcategories&post=252717"},{"taxonomy":"post_tag","embeddable":true,"href":"http:\/\/vertienteglobal.com\/index.php?rest_route=%2Fwp%2Fv2%2Ftags&post=252717"}],"curies":[{"name":"wp","href":"https:\/\/api.w.org\/{rel}","templated":true}]}}