{"id":252620,"date":"2026-01-30T11:56:00","date_gmt":"2026-01-30T17:56:00","guid":{"rendered":"http:\/\/vertienteglobal.com\/?p=252620"},"modified":"2026-01-31T09:13:12","modified_gmt":"2026-01-31T15:13:12","slug":"claudia-sheinbaum-pardo-celebra-pago-de-deuda-de-salinas-pliego-ya-no-hay-privilegios","status":"publish","type":"post","link":"http:\/\/vertienteglobal.com\/?p=252620","title":{"rendered":"Claudia Sheinbaum Pardo celebra pago de deuda de Salinas Pliego: \u201cYa no hay privilegios\u201d"},"content":{"rendered":"\n<div class=\"twitterbutton\" style=\"float: right; padding-left: 5px;\"><a href=\"http:\/\/twitter.com\/share\" class=\"twitter-share-button\" data-count=\"horizontal\" data-text=\"Claudia Sheinbaum Pardo celebra pago de deuda de Salinas Pliego: \u201cYa no hay pr...\" data-via=\"https:\/\/twitter.com\/VertienteGloba1\" data-url=\"http:\/\/vertienteglobal.com\/?p=252620\" data-lang=\"es\" data-related=\"Informaci\u00f3n general:S\u00edguenos para que est\u00e9ss informado\"><\/a><\/div>\n<figure class=\"wp-block-image size-full\"><img loading=\"lazy\" decoding=\"async\" width=\"614\" height=\"409\" src=\"http:\/\/vertienteglobal.com\/wp-content\/uploads\/2026\/01\/1000957187.jpg\" alt=\"\" class=\"wp-image-252621\" srcset=\"http:\/\/vertienteglobal.com\/wp-content\/uploads\/2026\/01\/1000957187.jpg 614w, http:\/\/vertienteglobal.com\/wp-content\/uploads\/2026\/01\/1000957187-300x200.jpg 300w, http:\/\/vertienteglobal.com\/wp-content\/uploads\/2026\/01\/1000957187-150x100.jpg 150w\" sizes=\"auto, (max-width: 614px) 100vw, 614px\" \/><\/figure>\n\n\n\n<p>(Redacci\u00f3n)<\/p>\n\n\n\n<p>\u201cLa verdad qu\u00e9 bueno que decidieron pagar. Qu\u00e9 bueno\u201d, expres\u00f3<\/p>\n\n\n\n<p>Tijuana Baja California,30 de enero de 2026.-La presidenta Claudia Sheinbaum Pardo, celebr\u00f3 este viernes el pago de impuestos, por 32 mil 132 millones de pesos, realizado por empresas de Grupo Salinas, al calificarlo como el m\u00e1s grande efectuado en el pa\u00eds en un caso de este tipo y como una muestra de que ya no existen privilegios fiscales.<\/p>\n\n\n\n<p>Sheinbaum Pardo, valor\u00f3 de forma positiva que el conglomerado empresarial saldara su deuda con el Servicio de Administraci\u00f3n Tributaria (SAT), tras a\u00f1os de litigios y fallos judiciales.<\/p>\n\n\n\n<p>\u201cLa verdad qu\u00e9 bueno que decidieron pagar. Qu\u00e9 bueno\u201d, expres\u00f3.<\/p>\n\n\n\n<p>Cabe destacar que el jueves, el SAT anunci\u00f3 que Grupo Salinas, propiedad del empresario Ricardo Salinas Pliego, ingres\u00f3 a la Tesorer\u00eda un primer monto de 10 mil 400,63 millones de pesos y el resto lo cubrir\u00e1 en 18 parcialidades.<\/p>\n\n\n\n<p>Sheinbaum Pardo, subray\u00f3 que el caso confirma el fin de pr\u00e1cticas del pasado en las que grandes contribuyentes evitaban el pago de impuestos mediante acuerdos o condonaciones.<\/p>\n","protected":false},"excerpt":{"rendered":"<p>(Redacci\u00f3n) \u201cLa verdad qu\u00e9 bueno que decidieron pagar. Qu\u00e9 bueno\u201d, expres\u00f3 Tijuana Baja California,30 de enero de 2026.-La presidenta Claudia Sheinbaum Pardo, celebr\u00f3 este viernes el pago de impuestos, por 32 mil 132 millones de pesos, realizado por empresas de Grupo Salinas, al calificarlo como el m\u00e1s grande efectuado en el pa\u00eds en un caso [&hellip;]<\/p>\n","protected":false},"author":6,"featured_media":252621,"comment_status":"open","ping_status":"open","sticky":false,"template":"","format":"standard","meta":{"footnotes":""},"categories":[8],"tags":[],"class_list":["post-252620","post","type-post","status-publish","format-standard","has-post-thumbnail","hentry","category-pais","entry","has-media"],"jetpack_featured_media_url":"http:\/\/vertienteglobal.com\/wp-content\/uploads\/2026\/01\/1000957187.jpg","_links":{"self":[{"href":"http:\/\/vertienteglobal.com\/index.php?rest_route=\/wp\/v2\/posts\/252620","targetHints":{"allow":["GET"]}}],"collection":[{"href":"http:\/\/vertienteglobal.com\/index.php?rest_route=\/wp\/v2\/posts"}],"about":[{"href":"http:\/\/vertienteglobal.com\/index.php?rest_route=\/wp\/v2\/types\/post"}],"author":[{"embeddable":true,"href":"http:\/\/vertienteglobal.com\/index.php?rest_route=\/wp\/v2\/users\/6"}],"replies":[{"embeddable":true,"href":"http:\/\/vertienteglobal.com\/index.php?rest_route=%2Fwp%2Fv2%2Fcomments&post=252620"}],"version-history":[{"count":1,"href":"http:\/\/vertienteglobal.com\/index.php?rest_route=\/wp\/v2\/posts\/252620\/revisions"}],"predecessor-version":[{"id":252623,"href":"http:\/\/vertienteglobal.com\/index.php?rest_route=\/wp\/v2\/posts\/252620\/revisions\/252623"}],"wp:featuredmedia":[{"embeddable":true,"href":"http:\/\/vertienteglobal.com\/index.php?rest_route=\/wp\/v2\/media\/252621"}],"wp:attachment":[{"href":"http:\/\/vertienteglobal.com\/index.php?rest_route=%2Fwp%2Fv2%2Fmedia&parent=252620"}],"wp:term":[{"taxonomy":"category","embeddable":true,"href":"http:\/\/vertienteglobal.com\/index.php?rest_route=%2Fwp%2Fv2%2Fcategories&post=252620"},{"taxonomy":"post_tag","embeddable":true,"href":"http:\/\/vertienteglobal.com\/index.php?rest_route=%2Fwp%2Fv2%2Ftags&post=252620"}],"curies":[{"name":"wp","href":"https:\/\/api.w.org\/{rel}","templated":true}]}}