{"id":252533,"date":"2026-01-29T11:36:00","date_gmt":"2026-01-29T17:36:00","guid":{"rendered":"http:\/\/vertienteglobal.com\/?p=252533"},"modified":"2026-01-29T13:55:56","modified_gmt":"2026-01-29T19:55:56","slug":"checa-como-te-puedes-proteger-de-las-enfermedades-respiratorias","status":"publish","type":"post","link":"http:\/\/vertienteglobal.com\/?p=252533","title":{"rendered":"Checa c\u00f3mo te puedes proteger de las enfermedades respiratorias"},"content":{"rendered":"\n<div class=\"twitterbutton\" style=\"float: right; padding-left: 5px;\"><a href=\"http:\/\/twitter.com\/share\" class=\"twitter-share-button\" data-count=\"horizontal\" data-text=\"Checa c\u00f3mo te puedes proteger de las enfermedades respiratorias\" data-via=\"https:\/\/twitter.com\/VertienteGloba1\" data-url=\"http:\/\/vertienteglobal.com\/?p=252533\" data-lang=\"es\" data-related=\"Informaci\u00f3n general:S\u00edguenos para que est\u00e9ss informado\"><\/a><\/div>\n<figure class=\"wp-block-image size-full\"><img loading=\"lazy\" decoding=\"async\" width=\"614\" height=\"370\" src=\"http:\/\/vertienteglobal.com\/wp-content\/uploads\/2026\/01\/1000952853.jpg\" alt=\"\" class=\"wp-image-252534\" srcset=\"http:\/\/vertienteglobal.com\/wp-content\/uploads\/2026\/01\/1000952853.jpg 614w, http:\/\/vertienteglobal.com\/wp-content\/uploads\/2026\/01\/1000952853-300x181.jpg 300w, http:\/\/vertienteglobal.com\/wp-content\/uploads\/2026\/01\/1000952853-150x90.jpg 150w\" sizes=\"auto, (max-width: 614px) 100vw, 614px\" \/><\/figure>\n\n\n\n<p>(Redacci\u00f3n)<\/p>\n\n\n\n<p>Sugiri\u00f3 vacunarse contra influenza y la COVID-19, aplicarse los refuerzos contra otros padecimientos; cubrirse con un abrigo, varias capas de ropa, gorro, guantes, bufanda y calcetines gruesos. \u201cEs fundamental cubrir nariz y boca al salir de lugares c\u00e1lidos a fr\u00edos\u201d<\/p>\n\n\n\n<p>Ciudad de M\u00e9xico 29 enero 2026.-A trav\u00e9s de un comunicado, la Universidad Nacional Aut\u00f3noma de M\u00e9xico (UNAM), dio a conocer que durante el invierno, aumentan las infecciones como influenza, COVID-19 y virus sincicial.<\/p>\n\n\n\n<p>En el mismo bolet\u00edn, la m\u00e1xima casa de estudios del pa\u00eds, aconseja a la poblaci\u00f3n en general que para protegerse de las enfermedades respiratorias, es necesario vacunarse contra influenza y la COVID-19, tambi\u00e9n aplicarse los refuerzos contra otros padecimientos; cubrirse con un abrigo, varias capas de ropa, gorro, guantes, bufanda y calcetines gruesos.<\/p>\n\n\n\n<p>A continuaci\u00f3n el comunicado:<\/p>\n\n\n\n<p>Regresar a clases con buena salud requiere combinar la prevenci\u00f3n de padecimientos respiratorios con el consumo de alimentos que fortalezcan el sistema inmunol\u00f3gico, adem\u00e1s de abrigarse de acuerdo con los horarios escolares, recomend\u00f3 el director general de Atenci\u00f3n a la Salud (DGAS) de la UNAM, Gustavo Adolfo Olaiz Fern\u00e1ndez.<\/p>\n\n\n\n<p>\u201cDurante el invierno aumentan las infecciones respiratorias como influenza, COVID-19 y virus sincicial; algunas enfermedades gastrointestinales; y ocurren fen\u00f3menos como deshidrataci\u00f3n (aunque no se perciba), cambios bruscos de temperatura y, en general, se realiza menos actividad f\u00edsica\u201d.<\/p>\n\n\n\n<p>En entrevista, el m\u00e9dico cirujano y maestro en Salud P\u00fablica record\u00f3 a la sociedad en general, y en especial a las y los universitarios quienes inician clases el pr\u00f3ximo 3 de febrero, que al reanudar actividades acad\u00e9micas aumenta el estr\u00e9s ante la mayor carga de labores, raz\u00f3n por la cual se presentan alteraciones de sue\u00f1o al ajustar horarios y suelen manifestar ansiedad.<\/p>\n\n\n\n<p>Sugiri\u00f3 vacunarse contra influenza y la COVID-19, aplicarse los refuerzos contra otros padecimientos; cubrirse con un abrigo, varias capas de ropa, gorro, guantes, bufanda y calcetines gruesos. \u201cEs fundamental cubrir nariz y boca al salir de lugares c\u00e1lidos a fr\u00edos\u201d.<\/p>\n\n\n\n<p>Tambi\u00e9n reajustar el horario de actividades una semana antes de ir a clases para evitar fatiga durante los primeros d\u00edas, adem\u00e1s de limitar el uso de pantallas de dispositivos electr\u00f3nicos antes de dormir para garantizar un sue\u00f1o reparador.<\/p>\n\n\n\n<p>En espacios cerrados es importante tener ventilaci\u00f3n natural y permitir la entrada de luz solar, as\u00ed como dejar de fumar y vapear, pues aumentan el riesgo respiratorio, apunt\u00f3.<\/p>\n\n\n\n<p>Debemos reforzar la higiene y el autocuidado fortaleciendo h\u00e1bitos simples, pero de alto impacto como lavado frecuente de manos, uso de alcohol en gel y de cubrebocas; no compartir botellas, vasos o cubiertos; limpiar tel\u00e9fonos celulares, aud\u00edfonos y teclados, acot\u00f3.<\/p>\n\n\n\n<p>Olaiz Fern\u00e1ndez dijo que en temporada fr\u00eda se reduce la sensaci\u00f3n de sed; sin embargo, la deshidrataci\u00f3n sigue ocurriendo, y aumenta el consumo de comida ultraprocesada.<\/p>\n\n\n\n<p>\u201cSe debe beber agua natural durante el d\u00eda (dos litros), tener una lonchera saludable con los tres grupos de alimentos (frutas y verduras, cereales y prote\u00ednas magras); incluir alimentos ricos en vitamina C y E (naranja, mandarina, lim\u00f3n); y verduras de hoja verde\u201d.<\/p>\n\n\n\n<p>De acuerdo con el especialista se puede realizar ejercicio f\u00edsico diario, de 10 a 30 minutos, en lugares cerrados, como yoga, baile o estiramiento para mantener el calor corporal.<\/p>\n\n\n\n<p>A decir de Olaiz Fern\u00e1ndez, es prioritario cuidar la salud mental y emocional, mantener conversaciones positivas (reencuentro con amigos y maestros para motivar a las y los j\u00f3venes); la noche anterior al inicio de clases preparar mochila, ropa y alimentos para reducir el estr\u00e9s matutino.<\/p>\n\n\n\n<p>Rememor\u00f3 que en la UNAM se cuenta con programas de atenci\u00f3n como ESPORA Psicol\u00f3gica y otros servicios que se ofrecen en escuelas y facultades.<\/p>\n\n\n\n<p>\u201cSi alguien de la comunidad presenta fiebre, tos constante o s\u00edntomas de enfermedad respiratoria, es mejor que se mantenga en casa para evitar el contagio masivo en aulas\u201d.<\/p>\n\n\n\n<p>Es primordial reiterar a estudiantes y personal acad\u00e9mico que si requieren atenci\u00f3n m\u00e9dica durante su estancia en los planteles, acudan a los servicios m\u00e9dicos de cada uno de estos y a la DGAS, en Ciudad Universitaria.(Fuente y foto: UNAM)<\/p>\n","protected":false},"excerpt":{"rendered":"<p>(Redacci\u00f3n) Sugiri\u00f3 vacunarse contra influenza y la COVID-19, aplicarse los refuerzos contra otros padecimientos; cubrirse con un abrigo, varias capas de ropa, gorro, guantes, bufanda y calcetines gruesos. \u201cEs fundamental cubrir nariz y boca al salir de lugares c\u00e1lidos a fr\u00edos\u201d Ciudad de M\u00e9xico 29 enero 2026.-A trav\u00e9s de un comunicado, la Universidad Nacional Aut\u00f3noma [&hellip;]<\/p>\n","protected":false},"author":6,"featured_media":252534,"comment_status":"open","ping_status":"open","sticky":false,"template":"","format":"standard","meta":{"footnotes":""},"categories":[8],"tags":[],"class_list":["post-252533","post","type-post","status-publish","format-standard","has-post-thumbnail","hentry","category-pais","entry","has-media"],"jetpack_featured_media_url":"http:\/\/vertienteglobal.com\/wp-content\/uploads\/2026\/01\/1000952853.jpg","_links":{"self":[{"href":"http:\/\/vertienteglobal.com\/index.php?rest_route=\/wp\/v2\/posts\/252533","targetHints":{"allow":["GET"]}}],"collection":[{"href":"http:\/\/vertienteglobal.com\/index.php?rest_route=\/wp\/v2\/posts"}],"about":[{"href":"http:\/\/vertienteglobal.com\/index.php?rest_route=\/wp\/v2\/types\/post"}],"author":[{"embeddable":true,"href":"http:\/\/vertienteglobal.com\/index.php?rest_route=\/wp\/v2\/users\/6"}],"replies":[{"embeddable":true,"href":"http:\/\/vertienteglobal.com\/index.php?rest_route=%2Fwp%2Fv2%2Fcomments&post=252533"}],"version-history":[{"count":1,"href":"http:\/\/vertienteglobal.com\/index.php?rest_route=\/wp\/v2\/posts\/252533\/revisions"}],"predecessor-version":[{"id":252535,"href":"http:\/\/vertienteglobal.com\/index.php?rest_route=\/wp\/v2\/posts\/252533\/revisions\/252535"}],"wp:featuredmedia":[{"embeddable":true,"href":"http:\/\/vertienteglobal.com\/index.php?rest_route=\/wp\/v2\/media\/252534"}],"wp:attachment":[{"href":"http:\/\/vertienteglobal.com\/index.php?rest_route=%2Fwp%2Fv2%2Fmedia&parent=252533"}],"wp:term":[{"taxonomy":"category","embeddable":true,"href":"http:\/\/vertienteglobal.com\/index.php?rest_route=%2Fwp%2Fv2%2Fcategories&post=252533"},{"taxonomy":"post_tag","embeddable":true,"href":"http:\/\/vertienteglobal.com\/index.php?rest_route=%2Fwp%2Fv2%2Ftags&post=252533"}],"curies":[{"name":"wp","href":"https:\/\/api.w.org\/{rel}","templated":true}]}}