{"id":252502,"date":"2026-01-28T15:09:00","date_gmt":"2026-01-28T21:09:00","guid":{"rendered":"http:\/\/vertienteglobal.com\/?p=252502"},"modified":"2026-01-29T09:12:32","modified_gmt":"2026-01-29T15:12:32","slug":"panteon-rococo-celebra-30-anos-de-carrera-en-cancun","status":"publish","type":"post","link":"http:\/\/vertienteglobal.com\/?p=252502","title":{"rendered":"Pante\u00f3n Rococ\u00f3 celebra 30 a\u00f1os de carrera en Canc\u00fan"},"content":{"rendered":"\n<div class=\"twitterbutton\" style=\"float: right; padding-left: 5px;\"><a href=\"http:\/\/twitter.com\/share\" class=\"twitter-share-button\" data-count=\"horizontal\" data-text=\"Pante\u00f3n Rococ\u00f3 celebra 30 a\u00f1os de carrera en Canc\u00fan\" data-via=\"https:\/\/twitter.com\/VertienteGloba1\" data-url=\"http:\/\/vertienteglobal.com\/?p=252502\" data-lang=\"es\" data-related=\"Informaci\u00f3n general:S\u00edguenos para que est\u00e9ss informado\"><\/a><\/div>\n<figure class=\"wp-block-image size-full\"><img loading=\"lazy\" decoding=\"async\" width=\"768\" height=\"522\" src=\"http:\/\/vertienteglobal.com\/wp-content\/uploads\/2026\/01\/1000951798.jpg\" alt=\"\" class=\"wp-image-252503\" srcset=\"http:\/\/vertienteglobal.com\/wp-content\/uploads\/2026\/01\/1000951798.jpg 768w, http:\/\/vertienteglobal.com\/wp-content\/uploads\/2026\/01\/1000951798-300x204.jpg 300w, http:\/\/vertienteglobal.com\/wp-content\/uploads\/2026\/01\/1000951798-150x102.jpg 150w\" sizes=\"auto, (max-width: 768px) 100vw, 768px\" \/><\/figure>\n\n\n\n<p>(Ant\u00f3nio Rivera)<\/p>\n\n\n\n<p>La agrupaci\u00f3n se presentar\u00e1 el jueves 5 de febrero de 2026 a las 20:30 horas, en la Plaza de Toros Canc\u00fan, recinto que vibrar\u00e1 con el caracter\u00edstico Sonido Rococ\u00f3, sello que ha marcado a millones de personas dentro y fuera de M\u00e9xico<\/p>\n\n\n\n<p>Canc\u00fan Quintana Roo 28 de enero de 2026.Una de las bandas m\u00e1s representativas e influyentes del rock mexicano regresa a Canc\u00fan para celebrar 30 a\u00f1os de trayectoria art\u00edstica. Pante\u00f3n Rococ\u00f3 llegar\u00e1 a la ciudad con su gira conmemorativa, en un concierto que promete energ\u00eda, identidad y una gran fiesta colectiva que ha unido generaciones.<\/p>\n\n\n\n<p>Los detalles de este esperado regreso fueron dados a conocer durante una rueda de prensa realizada en McCarthy\u2019s Canc\u00fan, encabezada por Paco Barajas, integrante de la banda, quien comparti\u00f3 con los medios el significado de esta gira, el v\u00ednculo especial del grupo con su p\u00fablico y la emoci\u00f3n de celebrar tres d\u00e9cadas de historia musical junto a sus seguidores en Canc\u00fan.<\/p>\n\n\n\n<p>La agrupaci\u00f3n se presentar\u00e1 el jueves 5 de febrero de 2026 a las 20:30 horas, en la Plaza de Toros Canc\u00fan, recinto que vibrar\u00e1 con el caracter\u00edstico Sonido Rococ\u00f3, sello que ha marcado a millones de personas dentro y fuera de M\u00e9xico.<\/p>\n\n\n\n<p>Originarios de la Ciudad de M\u00e9xico, Pante\u00f3n Rococ\u00f3 se ha distinguido por la fusi\u00f3n de ska, punk, rock y ritmos latinos, as\u00ed como por letras con un fuerte contenido social, conciencia colectiva y un profundo sentido de identidad.<\/p>\n\n\n\n<p>En 1999, la banda lanz\u00f3 su primer \u00e1lbum, \u201cA la izquierda de la tierra\u201d, material que marc\u00f3 el inicio de una carrera que se consolid\u00f3 de boca en boca, posicion\u00e1ndolos como una de las bandas m\u00e1s queridas del pa\u00eds. A lo largo de su trayectoria han colaborado con artistas como Ricardo Arjona, Vicentico y Adhesivo, ampliando su impacto dentro y fuera de M\u00e9xico.<\/p>\n\n\n\n<p>Durante el concierto, el p\u00fablico podr\u00e1 disfrutar de temas que se han convertido en aut\u00e9nticos himnos, entre ellos:<\/p>\n\n\n\n<ul class=\"wp-block-list\">\n<li>La carencia<\/li>\n\n\n\n<li>Vendedora de caricias<\/li>\n\n\n\n<li>La dosis perfecta<\/li>\n\n\n\n<li>Arr\u00e9glame el alma<\/li>\n\n\n\n<li>Esta noche<\/li>\n\n\n\n<li>Toloache pa\u2019 mi negra<\/li>\n\n\n\n<li>El \u00faltimo ska<\/li>\n<\/ul>\n\n\n\n<p>Canciones que se cantan a todo pulm\u00f3n y que siguen vigentes tras tres d\u00e9cadas de historia.<\/p>\n\n\n\n<p>DETALLES DEL EVENTO<\/p>\n\n\n\n<p>\ud83d\udcc5 Jueves 5 de febrero de 2026<br>\u23f0 20:30 horas<br>\ud83d\udccc Plaza de Toros Canc\u00fan<\/p>\n\n\n\n<p>LOCALIDADES Y PRECIOS<\/p>\n\n\n\n<ul class=\"wp-block-list\">\n<li>Ruedo VIP \u2013 Adulto: $1,735.00<\/li>\n\n\n\n<li>Butaca \u2013 Adulto: $1,390.00<\/li>\n\n\n\n<li>General \u2013 Adulto: $925.00<\/li>\n\n\n\n<li>General Vista Parcial \u2013 Adulto: $695.00<\/li>\n<\/ul>\n\n\n\n<p>\ud83c\udf9f Boletos disponibles en: www.eticket.mx<\/p>\n\n\n\n<p>\ud83c\udfb6 Banda invitada: La Rata Orquesta Felina.<\/p>\n\n\n\n<figure class=\"wp-block-image size-full\"><img loading=\"lazy\" decoding=\"async\" width=\"519\" height=\"768\" src=\"http:\/\/vertienteglobal.com\/wp-content\/uploads\/2026\/01\/1000951800.jpg\" alt=\"\" class=\"wp-image-252504\" srcset=\"http:\/\/vertienteglobal.com\/wp-content\/uploads\/2026\/01\/1000951800.jpg 519w, http:\/\/vertienteglobal.com\/wp-content\/uploads\/2026\/01\/1000951800-203x300.jpg 203w, http:\/\/vertienteglobal.com\/wp-content\/uploads\/2026\/01\/1000951800-101x150.jpg 101w\" sizes=\"auto, (max-width: 519px) 100vw, 519px\" \/><\/figure>\n\n\n\n<figure class=\"wp-block-image size-full\"><img loading=\"lazy\" decoding=\"async\" width=\"768\" height=\"576\" src=\"http:\/\/vertienteglobal.com\/wp-content\/uploads\/2026\/01\/1000951799.jpg\" alt=\"\" class=\"wp-image-252505\" srcset=\"http:\/\/vertienteglobal.com\/wp-content\/uploads\/2026\/01\/1000951799.jpg 768w, http:\/\/vertienteglobal.com\/wp-content\/uploads\/2026\/01\/1000951799-300x225.jpg 300w, http:\/\/vertienteglobal.com\/wp-content\/uploads\/2026\/01\/1000951799-150x113.jpg 150w\" sizes=\"auto, (max-width: 768px) 100vw, 768px\" \/><\/figure>\n","protected":false},"excerpt":{"rendered":"<p>(Ant\u00f3nio Rivera) La agrupaci\u00f3n se presentar\u00e1 el jueves 5 de febrero de 2026 a las 20:30 horas, en la Plaza de Toros Canc\u00fan, recinto que vibrar\u00e1 con el caracter\u00edstico Sonido Rococ\u00f3, sello que ha marcado a millones de personas dentro y fuera de M\u00e9xico Canc\u00fan Quintana Roo 28 de enero de 2026.Una de las bandas [&hellip;]<\/p>\n","protected":false},"author":6,"featured_media":252503,"comment_status":"open","ping_status":"open","sticky":false,"template":"","format":"standard","meta":{"footnotes":""},"categories":[10],"tags":[],"class_list":["post-252502","post","type-post","status-publish","format-standard","has-post-thumbnail","hentry","category-espectaculos","entry","has-media"],"jetpack_featured_media_url":"http:\/\/vertienteglobal.com\/wp-content\/uploads\/2026\/01\/1000951798.jpg","_links":{"self":[{"href":"http:\/\/vertienteglobal.com\/index.php?rest_route=\/wp\/v2\/posts\/252502","targetHints":{"allow":["GET"]}}],"collection":[{"href":"http:\/\/vertienteglobal.com\/index.php?rest_route=\/wp\/v2\/posts"}],"about":[{"href":"http:\/\/vertienteglobal.com\/index.php?rest_route=\/wp\/v2\/types\/post"}],"author":[{"embeddable":true,"href":"http:\/\/vertienteglobal.com\/index.php?rest_route=\/wp\/v2\/users\/6"}],"replies":[{"embeddable":true,"href":"http:\/\/vertienteglobal.com\/index.php?rest_route=%2Fwp%2Fv2%2Fcomments&post=252502"}],"version-history":[{"count":1,"href":"http:\/\/vertienteglobal.com\/index.php?rest_route=\/wp\/v2\/posts\/252502\/revisions"}],"predecessor-version":[{"id":252506,"href":"http:\/\/vertienteglobal.com\/index.php?rest_route=\/wp\/v2\/posts\/252502\/revisions\/252506"}],"wp:featuredmedia":[{"embeddable":true,"href":"http:\/\/vertienteglobal.com\/index.php?rest_route=\/wp\/v2\/media\/252503"}],"wp:attachment":[{"href":"http:\/\/vertienteglobal.com\/index.php?rest_route=%2Fwp%2Fv2%2Fmedia&parent=252502"}],"wp:term":[{"taxonomy":"category","embeddable":true,"href":"http:\/\/vertienteglobal.com\/index.php?rest_route=%2Fwp%2Fv2%2Fcategories&post=252502"},{"taxonomy":"post_tag","embeddable":true,"href":"http:\/\/vertienteglobal.com\/index.php?rest_route=%2Fwp%2Fv2%2Ftags&post=252502"}],"curies":[{"name":"wp","href":"https:\/\/api.w.org\/{rel}","templated":true}]}}