{"id":252421,"date":"2026-01-27T13:55:00","date_gmt":"2026-01-27T19:55:00","guid":{"rendered":"http:\/\/vertienteglobal.com\/?p=252421"},"modified":"2026-01-30T13:32:46","modified_gmt":"2026-01-30T19:32:46","slug":"ine-adjudica-mas-de-un-millon-de-pesos-para-miniserie-sobre-la-eleccion-judicial-de","status":"publish","type":"post","link":"http:\/\/vertienteglobal.com\/?p=252421","title":{"rendered":"INE adjudica m\u00e1s de un mill\u00f3n de pesos para miniserie sobre la elecci\u00f3n judicial"},"content":{"rendered":"\n<div class=\"twitterbutton\" style=\"float: right; padding-left: 5px;\"><a href=\"http:\/\/twitter.com\/share\" class=\"twitter-share-button\" data-count=\"horizontal\" data-text=\"INE adjudica m\u00e1s de un mill\u00f3n de pesos para miniserie sobre la elecci\u00f3n judic...\" data-via=\"https:\/\/twitter.com\/VertienteGloba1\" data-url=\"http:\/\/vertienteglobal.com\/?p=252421\" data-lang=\"es\" data-related=\"Informaci\u00f3n general:S\u00edguenos para que est\u00e9ss informado\"><\/a><\/div>\n<figure class=\"wp-block-image size-full\"><img loading=\"lazy\" decoding=\"async\" width=\"614\" height=\"409\" src=\"http:\/\/vertienteglobal.com\/wp-content\/uploads\/2026\/01\/1000947960.jpg\" alt=\"\" class=\"wp-image-252422\" srcset=\"http:\/\/vertienteglobal.com\/wp-content\/uploads\/2026\/01\/1000947960.jpg 614w, http:\/\/vertienteglobal.com\/wp-content\/uploads\/2026\/01\/1000947960-300x200.jpg 300w, http:\/\/vertienteglobal.com\/wp-content\/uploads\/2026\/01\/1000947960-150x100.jpg 150w\" sizes=\"auto, (max-width: 614px) 100vw, 614px\" \/><\/figure>\n\n\n\n<p>(Redacci\u00f3n)<\/p>\n\n\n\n<p>Las consejeras Carla Humphrey y Dania Ravel, emitieron su postura en donde se deslindaron completamente tanto de la idea como de la contrataci\u00f3n de la miniserie<\/p>\n\n\n\n<p>Ciudad de M\u00e9xico 27 de enero de 2026.-EL Instituto Nacional Electoral (INE) est\u00e1 envuelto en la pol\u00e9mica tras revelarse una adjudicaci\u00f3n directa de $1.1 millones de pesos para realizar una miniserie sobre la elecci\u00f3n judicial.<\/p>\n\n\n\n<p>Al respecto, dos consejer\u00edas Electorales se deslindaron de dicha situaci\u00f3n que gener\u00f3 un esc\u00e1ndalo, luego de que fuera dado a conocer p\u00fablicamente que el INE har\u00eda la miniserie sobre la elecci\u00f3n judicial.<\/p>\n\n\n\n<p>Y es que la adjudicaci\u00f3n por un monto de $1,157,000 pesos fue realizada directamente al productor, Gilberto Solis Mend\u00edvil, ligado a contrataciones previas con Sergio Islas Olvera, exdirector del Sistema de Radio y TV de Hidalgo, con quien habr\u00eda participado en esquemas de empresas fachada para supuestos servicios que no se realizaron.<\/p>\n\n\n\n<p>Por lo anterior, las consejeras Carla Humphrey y Dania Ravel, emitieron su postura en donde se deslindaron completamente tanto de la idea como de la contrataci\u00f3n de la miniserie.<\/p>\n\n\n\n<p>Carla Humphrey escribi\u00f3 en sus redes Sociales:<\/p>\n\n\n\n<p>\u00abComo Consejera Electoral me deslindo completamente de la idea y de la contrataci\u00f3n de la mini serie sobre la elecci\u00f3n judicial, cuando, en su caso el propio @INEMexico podr\u00eda haberla realizado la \u201cmini serie\u201d que contendr\u00e1 elementos gr\u00e1ficos, en su gran mayor\u00eda, de la autoridad electoral.<\/p>\n\n\n\n<p>Entre mis atribuciones no se encuentra ninguna relacionada adquisiciones de bienes y servicios institucionales. #Transparencia #Claridad Naturalmente me distancio tambi\u00e9n del proceso de adjudicaci\u00f3n en el que participaron diversas personas, algunas que al parecer perciben recursos del propio Instituto, aunque todas en su momento formaron parte de la misma agencia de publicidad. #Legalidad #Integridad #Rendici\u00f3nDeCuentas\u00bb.<\/p>\n\n\n\n<p>Y la consejera Dania Ravel, manifest\u00f3:<\/p>\n\n\n\n<p>\u201cSobre la adjudicaci\u00f3n del contrato para la producci\u00f3n de una #miniserie relacionada con la #Elecci\u00f3nJudicial, es importante hacer las siguientes aclaraciones:<\/p>\n\n\n\n<p>*Las #Consejer\u00edasElectorales no intervenimos en los procesos de contrataci\u00f3n de bienes y servicios del @INEMexico , ni participamos en las decisiones sobre adjudicaciones, proveedores o producci\u00f3n de contenidos.<\/p>\n\n\n\n<p>*Estos procedimientos corresponden a las \u00e1reas t\u00e9cnicas del #INE, particularmente a la Junta General Ejecutiva, la Direcci\u00f3n Ejecutiva de Administraci\u00f3n y el Comit\u00e9 de Adquisiciones, Arrendamientos y Servicios, de acuerdo con lo que establece el Reglamento del INE en Materia de Adquisiciones, Arrendamientos de Bienes Muebles y Servicios.<\/p>\n\n\n\n<p>Dar claridad a la ciudadan\u00eda respecto de las atribuciones de cada una de las \u00e1reas del #INE, as\u00ed como la #Transparencia, #Legalidad y #Rendici\u00f3nDeCuentas, son claves para fortalecer la confianza institucional\u201d.<\/p>\n\n\n\n<figure class=\"wp-block-embed is-type-rich is-provider-twitter wp-block-embed-twitter\"><div class=\"wp-block-embed__wrapper\">\n<div class=\"oceanwp-oembed-wrap clr\"><div class=\"embed-twitter\"><blockquote class=\"twitter-tweet\" data-width=\"550\" data-dnt=\"true\"><p lang=\"es\" dir=\"ltr\">Como Consejera Electoral me deslindo completamente de la idea y de la contrataci\u00f3n de la mini serie sobre la elecci\u00f3n judicial, cuando, en su caso el propio <a href=\"https:\/\/twitter.com\/INEMexico?ref_src=twsrc%5Etfw\">@INEMexico<\/a> podr\u00eda haberla realizado la \u201cmini serie\u201d que contendr\u00e1 elementos gr\u00e1ficos, en su gran mayor\u00eda, de la autoridad\u2026 <a href=\"https:\/\/t.co\/4iJ5CWJZ1G\">pic.twitter.com\/4iJ5CWJZ1G<\/a><\/p>&mdash; Carla Humphrey (@C_Humphrey_J) <a href=\"https:\/\/twitter.com\/C_Humphrey_J\/status\/2015850101365743938?ref_src=twsrc%5Etfw\">January 26, 2026<\/a><\/blockquote><script async src=\"https:\/\/platform.twitter.com\/widgets.js\" charset=\"utf-8\"><\/script><\/div><\/div>\n<\/div><\/figure>\n","protected":false},"excerpt":{"rendered":"<p>(Redacci\u00f3n) Las consejeras Carla Humphrey y Dania Ravel, emitieron su postura en donde se deslindaron completamente tanto de la idea como de la contrataci\u00f3n de la miniserie Ciudad de M\u00e9xico 27 de enero de 2026.-EL Instituto Nacional Electoral (INE) est\u00e1 envuelto en la pol\u00e9mica tras revelarse una adjudicaci\u00f3n directa de $1.1 millones de pesos para [&hellip;]<\/p>\n","protected":false},"author":6,"featured_media":252422,"comment_status":"open","ping_status":"open","sticky":false,"template":"","format":"standard","meta":{"footnotes":""},"categories":[8],"tags":[],"class_list":["post-252421","post","type-post","status-publish","format-standard","has-post-thumbnail","hentry","category-pais","entry","has-media"],"jetpack_featured_media_url":"http:\/\/vertienteglobal.com\/wp-content\/uploads\/2026\/01\/1000947960.jpg","_links":{"self":[{"href":"http:\/\/vertienteglobal.com\/index.php?rest_route=\/wp\/v2\/posts\/252421","targetHints":{"allow":["GET"]}}],"collection":[{"href":"http:\/\/vertienteglobal.com\/index.php?rest_route=\/wp\/v2\/posts"}],"about":[{"href":"http:\/\/vertienteglobal.com\/index.php?rest_route=\/wp\/v2\/types\/post"}],"author":[{"embeddable":true,"href":"http:\/\/vertienteglobal.com\/index.php?rest_route=\/wp\/v2\/users\/6"}],"replies":[{"embeddable":true,"href":"http:\/\/vertienteglobal.com\/index.php?rest_route=%2Fwp%2Fv2%2Fcomments&post=252421"}],"version-history":[{"count":2,"href":"http:\/\/vertienteglobal.com\/index.php?rest_route=\/wp\/v2\/posts\/252421\/revisions"}],"predecessor-version":[{"id":252602,"href":"http:\/\/vertienteglobal.com\/index.php?rest_route=\/wp\/v2\/posts\/252421\/revisions\/252602"}],"wp:featuredmedia":[{"embeddable":true,"href":"http:\/\/vertienteglobal.com\/index.php?rest_route=\/wp\/v2\/media\/252422"}],"wp:attachment":[{"href":"http:\/\/vertienteglobal.com\/index.php?rest_route=%2Fwp%2Fv2%2Fmedia&parent=252421"}],"wp:term":[{"taxonomy":"category","embeddable":true,"href":"http:\/\/vertienteglobal.com\/index.php?rest_route=%2Fwp%2Fv2%2Fcategories&post=252421"},{"taxonomy":"post_tag","embeddable":true,"href":"http:\/\/vertienteglobal.com\/index.php?rest_route=%2Fwp%2Fv2%2Ftags&post=252421"}],"curies":[{"name":"wp","href":"https:\/\/api.w.org\/{rel}","templated":true}]}}