{"id":252391,"date":"2026-01-27T20:58:00","date_gmt":"2026-01-28T02:58:00","guid":{"rendered":"http:\/\/vertienteglobal.com\/?p=252391"},"modified":"2026-01-27T23:35:42","modified_gmt":"2026-01-28T05:35:42","slug":"morena-permitira-la-reeleccion-en-2027-para-frenar-disputas-internas","status":"publish","type":"post","link":"http:\/\/vertienteglobal.com\/?p=252391","title":{"rendered":"Morena permitir\u00e1 la reelecci\u00f3n en 2027 para frenar disputas internas"},"content":{"rendered":"\n<div class=\"twitterbutton\" style=\"float: right; padding-left: 5px;\"><a href=\"http:\/\/twitter.com\/share\" class=\"twitter-share-button\" data-count=\"horizontal\" data-text=\"Morena permitir\u00e1 la reelecci\u00f3n en 2027 para frenar disputas internas\" data-via=\"https:\/\/twitter.com\/VertienteGloba1\" data-url=\"http:\/\/vertienteglobal.com\/?p=252391\" data-lang=\"es\" data-related=\"Informaci\u00f3n general:S\u00edguenos para que est\u00e9ss informado\"><\/a><\/div>\n<figure class=\"wp-block-image size-full\"><img loading=\"lazy\" decoding=\"async\" width=\"614\" height=\"409\" src=\"http:\/\/vertienteglobal.com\/wp-content\/uploads\/2026\/01\/1000947905.jpg\" alt=\"\" class=\"wp-image-252392\" srcset=\"http:\/\/vertienteglobal.com\/wp-content\/uploads\/2026\/01\/1000947905.jpg 614w, http:\/\/vertienteglobal.com\/wp-content\/uploads\/2026\/01\/1000947905-300x200.jpg 300w, http:\/\/vertienteglobal.com\/wp-content\/uploads\/2026\/01\/1000947905-150x100.jpg 150w\" sizes=\"auto, (max-width: 614px) 100vw, 614px\" \/><\/figure>\n\n\n\n<p>(Redacci\u00f3n)<\/p>\n\n\n\n<p>Esta propuesta de permitir la reelecci\u00f3n se enmarca en un contexto de ajustes internos rumbo a 2027<\/p>\n\n\n\n<p>Ciudad de M\u00e9xico 27 de enero de 2026.- El Partido, Morena permitir\u00e1 la reelecci\u00f3n para todos los cargos de elecci\u00f3n popular en el proceso electoral de 2027, de acuerdo con fuentes del partido. La decisi\u00f3n busca ordenar la competencia interna y reducir las disputas entre grupos del oficialismo.<\/p>\n\n\n\n<p>Y es que la presidenta nacional de Morena, Luisa Mar\u00eda Alcalde, planteo esta medida el pasado fin de semana durante los trabajos de la Escuela Municipalista realizados en Oaxtepec, Morelos. En ese encuentro, se expuso la necesidad de establecer reglas claras rumbo a los pr\u00f3ximos comicios, con el fin de evitar conflictos internos y fortalecer la organizaci\u00f3n partidista.<\/p>\n\n\n\n<p>Seg\u00fan con lo planteado, la reelecci\u00f3n no ser\u00e1 autom\u00e1tica. Morena mantendr\u00e1 la prohibici\u00f3n del nepotismo, una directriz ya definida por su Consejo Nacional, y las candidaturas se determinar\u00e1n mediante encuestas internas, mecanismo que el partido ha utilizado en procesos anteriores para definir a sus abanderados.<\/p>\n\n\n\n<p>Se detall\u00f3 que con este esquema, incluso quienes busquen reelegirse deber\u00e1n someterse al mismo m\u00e9todo de selecci\u00f3n que el resto de los aspirantes. La dirigencia considera que este modelo permitir\u00e1 medir de manera objetiva el respaldo ciudadano y garantizar que las postulaciones respondan a la preferencia de la militancia y simpatizantes.<\/p>\n\n\n\n<p>Esta propuesta de permitir la reelecci\u00f3n se enmarca en un contexto de ajustes internos rumbo a 2027, en el que Morena busca evitar confrontaciones entre corrientes y establecer condiciones de competencia que, seg\u00fan el partido, sean equitativas y transparentes.<\/p>\n\n\n\n<p>Al momento, la dirigencia nacional no ha detallado los plazos ni los criterios espec\u00edficos que se aplicar\u00e1n en las encuestas para los distintos cargos, aunque se reiter\u00f3 que la prohibici\u00f3n del nepotismo seguir\u00e1 siendo un principio obligatorio en todos los niveles.(Fuente:ABC\/XEVA)<\/p>\n","protected":false},"excerpt":{"rendered":"<p>(Redacci\u00f3n) Esta propuesta de permitir la reelecci\u00f3n se enmarca en un contexto de ajustes internos rumbo a 2027 Ciudad de M\u00e9xico 27 de enero de 2026.- El Partido, Morena permitir\u00e1 la reelecci\u00f3n para todos los cargos de elecci\u00f3n popular en el proceso electoral de 2027, de acuerdo con fuentes del partido. La decisi\u00f3n busca ordenar [&hellip;]<\/p>\n","protected":false},"author":6,"featured_media":252392,"comment_status":"open","ping_status":"open","sticky":false,"template":"","format":"standard","meta":{"footnotes":""},"categories":[8],"tags":[],"class_list":["post-252391","post","type-post","status-publish","format-standard","has-post-thumbnail","hentry","category-pais","entry","has-media"],"jetpack_featured_media_url":"http:\/\/vertienteglobal.com\/wp-content\/uploads\/2026\/01\/1000947905.jpg","_links":{"self":[{"href":"http:\/\/vertienteglobal.com\/index.php?rest_route=\/wp\/v2\/posts\/252391","targetHints":{"allow":["GET"]}}],"collection":[{"href":"http:\/\/vertienteglobal.com\/index.php?rest_route=\/wp\/v2\/posts"}],"about":[{"href":"http:\/\/vertienteglobal.com\/index.php?rest_route=\/wp\/v2\/types\/post"}],"author":[{"embeddable":true,"href":"http:\/\/vertienteglobal.com\/index.php?rest_route=\/wp\/v2\/users\/6"}],"replies":[{"embeddable":true,"href":"http:\/\/vertienteglobal.com\/index.php?rest_route=%2Fwp%2Fv2%2Fcomments&post=252391"}],"version-history":[{"count":1,"href":"http:\/\/vertienteglobal.com\/index.php?rest_route=\/wp\/v2\/posts\/252391\/revisions"}],"predecessor-version":[{"id":252393,"href":"http:\/\/vertienteglobal.com\/index.php?rest_route=\/wp\/v2\/posts\/252391\/revisions\/252393"}],"wp:featuredmedia":[{"embeddable":true,"href":"http:\/\/vertienteglobal.com\/index.php?rest_route=\/wp\/v2\/media\/252392"}],"wp:attachment":[{"href":"http:\/\/vertienteglobal.com\/index.php?rest_route=%2Fwp%2Fv2%2Fmedia&parent=252391"}],"wp:term":[{"taxonomy":"category","embeddable":true,"href":"http:\/\/vertienteglobal.com\/index.php?rest_route=%2Fwp%2Fv2%2Fcategories&post=252391"},{"taxonomy":"post_tag","embeddable":true,"href":"http:\/\/vertienteglobal.com\/index.php?rest_route=%2Fwp%2Fv2%2Ftags&post=252391"}],"curies":[{"name":"wp","href":"https:\/\/api.w.org\/{rel}","templated":true}]}}