{"id":252358,"date":"2026-01-23T10:58:00","date_gmt":"2026-01-23T16:58:00","guid":{"rendered":"http:\/\/vertienteglobal.com\/?p=252358"},"modified":"2026-01-27T23:05:27","modified_gmt":"2026-01-28T05:05:27","slug":"presidenta-claudia-sheinbaum-informa-hallazgo-de-la-tumba-10-de-huitzo-en-oaxaca","status":"publish","type":"post","link":"http:\/\/vertienteglobal.com\/?p=252358","title":{"rendered":"Presidenta Claudia Sheinbaum informa hallazgo de la Tumba 10 de Huitzo en Oaxaca"},"content":{"rendered":"\n<div class=\"twitterbutton\" style=\"float: right; padding-left: 5px;\"><a href=\"http:\/\/twitter.com\/share\" class=\"twitter-share-button\" data-count=\"horizontal\" data-text=\"Presidenta Claudia Sheinbaum informa hallazgo de la Tumba 10 de Huitzo en Oaxaca\" data-via=\"https:\/\/twitter.com\/VertienteGloba1\" data-url=\"http:\/\/vertienteglobal.com\/?p=252358\" data-lang=\"es\" data-related=\"Informaci\u00f3n general:S\u00edguenos para que est\u00e9ss informado\"><\/a><\/div>\n<figure class=\"wp-block-image size-full\"><img loading=\"lazy\" decoding=\"async\" width=\"650\" height=\"380\" src=\"http:\/\/vertienteglobal.com\/wp-content\/uploads\/2026\/01\/1000947842.jpg\" alt=\"\" class=\"wp-image-252359\" srcset=\"http:\/\/vertienteglobal.com\/wp-content\/uploads\/2026\/01\/1000947842.jpg 650w, http:\/\/vertienteglobal.com\/wp-content\/uploads\/2026\/01\/1000947842-300x175.jpg 300w, http:\/\/vertienteglobal.com\/wp-content\/uploads\/2026\/01\/1000947842-150x88.jpg 150w\" sizes=\"auto, (max-width: 650px) 100vw, 650px\" \/><\/figure>\n\n\n\n<p>(Redacci\u00f3n)<\/p>\n\n\n\n<p>\u201cEs el descubrimiento arqueol\u00f3gico m\u00e1s relevante de la \u00faltima d\u00e9cada en M\u00e9xico. Es algo extraordinario, orgullo de los mexicanos, grandeza de M\u00e9xico\u201d, resalt\u00f3 la Jefa del Ejecutivo Federal<\/p>\n\n\n\n<p>Veracruz, Veracruz, 23 de enero de 2026.-La Presidenta de M\u00e9xico, Claudia Sheinbaum Pardo, inform\u00f3 del hallazgo de la Tumba 10 de Huitzo en los Valles Centrales de Oaxaca, lo que representa el descubrimiento arqueol\u00f3gico m\u00e1s relevante de la \u00faltima d\u00e9cada en el pa\u00eds.<\/p>\n\n\n\n<p>\u201cEs el descubrimiento arqueol\u00f3gico m\u00e1s relevante de la \u00faltima d\u00e9cada en M\u00e9xico por el nivel de conservaci\u00f3n e informaci\u00f3n que aporta. Es una tumba zapoteca del cl\u00e1sico tard\u00edo, 600 a\u00f1os de nuestra era y destaca por su arquitectura monumental. Es algo extraordinario, orgullo de los mexicanos, grandeza de M\u00e9xico\u201d, coment\u00f3 en la conferencia matutina \u201cLas ma\u00f1aneras del pueblo\u201d en la Base Aeronaval de Veracruz.<\/p>\n\n\n\n<p>Destac\u00f3 que, de acuerdo con la Secretar\u00eda de Cultura y el Instituto Nacional de Antropolog\u00eda e Historia (INAH), este hallazgo fue posible gracias a una denuncia an\u00f3nima por saqueo realizada en 2025.<\/p>\n\n\n\n<p>La Tumba 10 de Huitzo est\u00e1 decorada en su entrada con un b\u00faho, que en la cultura zapoteca simboliza la noche y la muerte, en tanto que su pico cubre el rostro estucado y pintado de un se\u00f1or zapoteca, posible retrato del antepasado al que estuvo dedicado y al que sus descendientes recurr\u00edan como intercesor con las divinidades.<\/p>\n\n\n\n<p>Bajo el resguardo del Gobierno de M\u00e9xico y de un equipo interdisciplinario del Centro INAH en Oaxaca, la tumba es atendida, registrada y restaurada por expertos de distintas disciplinas para su conservaci\u00f3n. Adem\u00e1s, se realizan estudios arqueol\u00f3gicos, epigr\u00e1ficos y de antropolog\u00eda f\u00edsica de algunos fragmentos de huesos localizados.<\/p>\n","protected":false},"excerpt":{"rendered":"<p>(Redacci\u00f3n) \u201cEs el descubrimiento arqueol\u00f3gico m\u00e1s relevante de la \u00faltima d\u00e9cada en M\u00e9xico. Es algo extraordinario, orgullo de los mexicanos, grandeza de M\u00e9xico\u201d, resalt\u00f3 la Jefa del Ejecutivo Federal Veracruz, Veracruz, 23 de enero de 2026.-La Presidenta de M\u00e9xico, Claudia Sheinbaum Pardo, inform\u00f3 del hallazgo de la Tumba 10 de Huitzo en los Valles Centrales [&hellip;]<\/p>\n","protected":false},"author":6,"featured_media":252359,"comment_status":"open","ping_status":"open","sticky":false,"template":"","format":"standard","meta":{"footnotes":""},"categories":[8,7],"tags":[],"class_list":["post-252358","post","type-post","status-publish","format-standard","has-post-thumbnail","hentry","category-pais","category-veracruz","entry","has-media"],"jetpack_featured_media_url":"http:\/\/vertienteglobal.com\/wp-content\/uploads\/2026\/01\/1000947842.jpg","_links":{"self":[{"href":"http:\/\/vertienteglobal.com\/index.php?rest_route=\/wp\/v2\/posts\/252358","targetHints":{"allow":["GET"]}}],"collection":[{"href":"http:\/\/vertienteglobal.com\/index.php?rest_route=\/wp\/v2\/posts"}],"about":[{"href":"http:\/\/vertienteglobal.com\/index.php?rest_route=\/wp\/v2\/types\/post"}],"author":[{"embeddable":true,"href":"http:\/\/vertienteglobal.com\/index.php?rest_route=\/wp\/v2\/users\/6"}],"replies":[{"embeddable":true,"href":"http:\/\/vertienteglobal.com\/index.php?rest_route=%2Fwp%2Fv2%2Fcomments&post=252358"}],"version-history":[{"count":1,"href":"http:\/\/vertienteglobal.com\/index.php?rest_route=\/wp\/v2\/posts\/252358\/revisions"}],"predecessor-version":[{"id":252360,"href":"http:\/\/vertienteglobal.com\/index.php?rest_route=\/wp\/v2\/posts\/252358\/revisions\/252360"}],"wp:featuredmedia":[{"embeddable":true,"href":"http:\/\/vertienteglobal.com\/index.php?rest_route=\/wp\/v2\/media\/252359"}],"wp:attachment":[{"href":"http:\/\/vertienteglobal.com\/index.php?rest_route=%2Fwp%2Fv2%2Fmedia&parent=252358"}],"wp:term":[{"taxonomy":"category","embeddable":true,"href":"http:\/\/vertienteglobal.com\/index.php?rest_route=%2Fwp%2Fv2%2Fcategories&post=252358"},{"taxonomy":"post_tag","embeddable":true,"href":"http:\/\/vertienteglobal.com\/index.php?rest_route=%2Fwp%2Fv2%2Ftags&post=252358"}],"curies":[{"name":"wp","href":"https:\/\/api.w.org\/{rel}","templated":true}]}}