{"id":252239,"date":"2026-01-23T22:56:00","date_gmt":"2026-01-24T04:56:00","guid":{"rendered":"http:\/\/vertienteglobal.com\/?p=252239"},"modified":"2026-01-26T00:22:24","modified_gmt":"2026-01-26T06:22:24","slug":"el-gobernador-joaquin-diaz-mena-reitera-compromiso-con-el-oriente-de-yucatan","status":"publish","type":"post","link":"http:\/\/vertienteglobal.com\/?p=252239","title":{"rendered":"El\u00a0Gobernador Joaqu\u00edn D\u00edaz Mena reitera compromiso con el oriente de Yucat\u00e1n"},"content":{"rendered":"\n<div class=\"twitterbutton\" style=\"float: right; padding-left: 5px;\"><a href=\"http:\/\/twitter.com\/share\" class=\"twitter-share-button\" data-count=\"horizontal\" data-text=\"El\u00a0Gobernador Joaqu\u00edn D\u00edaz Mena reitera compromiso con el oriente de Yucat\u00e1n\" data-via=\"https:\/\/twitter.com\/VertienteGloba1\" data-url=\"http:\/\/vertienteglobal.com\/?p=252239\" data-lang=\"es\" data-related=\"Informaci\u00f3n general:S\u00edguenos para que est\u00e9ss informado\"><\/a><\/div>\n<figure class=\"wp-block-image size-full\"><img loading=\"lazy\" decoding=\"async\" width=\"832\" height=\"554\" src=\"http:\/\/vertienteglobal.com\/wp-content\/uploads\/2026\/01\/1000943002.jpg\" alt=\"\" class=\"wp-image-252240\" srcset=\"http:\/\/vertienteglobal.com\/wp-content\/uploads\/2026\/01\/1000943002.jpg 832w, http:\/\/vertienteglobal.com\/wp-content\/uploads\/2026\/01\/1000943002-300x200.jpg 300w, http:\/\/vertienteglobal.com\/wp-content\/uploads\/2026\/01\/1000943002-150x100.jpg 150w, http:\/\/vertienteglobal.com\/wp-content\/uploads\/2026\/01\/1000943002-768x511.jpg 768w\" sizes=\"auto, (max-width: 832px) 100vw, 832px\" \/><\/figure>\n\n\n\n<p>(Redacci\u00f3n)<\/p>\n\n\n\n<p><em>Al presentar su Informe de Gobierno en Valladolid, el mandatario afirm\u00f3 que ning\u00fan pueblo maya quedar\u00e1 atr\u00e1s y anunci\u00f3 la puesta en marcha de un nuevo hospital del IMSS en el municipio<\/em><\/p>\n\n\n\n<p>Valladolid, Yucat\u00e1n, a 23 de enero de 2026.-El Gobernador Joaqu\u00edn D\u00edaz Mena rindi\u00f3 su Primer Informe de Gobierno en Valladolid, donde reiter\u00f3 su compromiso de no abandonar a las comunidades del oriente de Yucat\u00e1n, que durante muchos a\u00f1os esperaron atenci\u00f3n, justicia e inversi\u00f3n social.<br>\u00a0<br>En el \u00faltimo de sus informes regionales y acompa\u00f1ado por la Presidenta Honoraria del DIF Yucat\u00e1n, Mtra. Wendy M\u00e9ndez Naal, el Gobernador detall\u00f3 avances de su administraci\u00f3n ante cientos de vallisoletanas y vallisoletanos.<br>\u00a0<br>D\u00edaz Mena afirm\u00f3 que su administraci\u00f3n decidi\u00f3 no limitar el informe a un acto concentrado \u00fanicamente en M\u00e9rida, sino llevarlo al interior del estado, a municipios, localidades, colonias y comunidades, para dialogar de frente con la ciudadan\u00eda y rendir cuentas directamente donde m\u00e1s importa.<br>\u00a0<br>\u201cHoy cierro esta etapa del Primer Informe en Valladolid, con el coraz\u00f3n en la mano, porque aqu\u00ed late la historia del oriente y habla la ra\u00edz maya. Hoy puedo decirlo con humildad y orgullo: despu\u00e9s de Jos\u00e9 Mar\u00eda Iturralde, el Gran Kanxoc, el oriente vuelve a tener un gobernador nacido en su tierra, que sabe lo que cuesta levantarse, luchar sin rendirse y seguir caminando aun cuando el sue\u00f1o parec\u00eda lejano\u201d, manifest\u00f3.<br>\u00a0<br>El Gobernador se\u00f1al\u00f3 que su trayectoria se forj\u00f3 en los pueblos mayas del oriente, en la tierra que lo form\u00f3 y en la confianza de la gente que crey\u00f3 en \u00e9l desde sus inicios. De igual manera, afirm\u00f3 que mantendr\u00e1 presentes sus ra\u00edces y a las comunidades que lo impulsaron durante m\u00e1s de veinte a\u00f1os de lucha, aprendizaje y esperanza.<br>\u00a0<br>Asimismo, asegur\u00f3 que el Gobierno del Renacimiento Maya mantiene como prioridad al oriente del estado y reiter\u00f3 que, mientras sea Gobernador, ning\u00fan pueblo maya caminar\u00e1 solo, al tratarse de una regi\u00f3n con la que mantiene un v\u00ednculo directo por su origen y su historia.<br>\u00a0<br>\u201cNo los voy a soltar porque ustedes nunca me soltaron a m\u00ed; no pod\u00eda cerrar mi informe sin detenerme un momento, mirar esta tierra y dejar que el coraz\u00f3n hablara m\u00e1s que las palabras\u201d, afirm\u00f3.<br>\u00a0<br>Finalmente, el Gobernador anunci\u00f3 la puesta en marcha de un hospital del IMSS en Valladolid, con el objetivo de ampliar la cobertura m\u00e9dica y brindar atenci\u00f3n de calidad tanto a las y los habitantes de esta ciudad como a los municipios aleda\u00f1os.<br>\u00a0<br>En su intervenci\u00f3n, el alcalde anfitri\u00f3n, Homero Novelo Burgos, agradeci\u00f3 ser testigo del informe de resultados presentado por el Gobernador, y reconoci\u00f3 la responsabilidad que representa para la ciudad ser sede de este ejercicio de rendici\u00f3n de cuentas.<br>\u00a0<br>\u201cNo se trata \u00fanicamente de un informe, sino de una visi\u00f3n distinta de gobernar, descentralizada y cercana a la gente, donde el desarrollo no se concentra en un solo punto, sino que se extiende a cada municipio y cada familia yucateca\u201d, manifest\u00f3.<br>\u00a0<br>Destac\u00f3 que este acto confirma a Valladolid como punta de lanza del Renacimiento Maya, una realidad que avanza con fuerza y que pone al centro a la ciudadan\u00eda, reconociendo sus ra\u00edces y apostando por la justicia social.<br>\u00a0<br>Al acto acudieron representantes de los poderes Judicial y Legislativo, as\u00ed como presidentas y presidentes municipales de Tizim\u00edn, Ticul, Cantamayec, Chichimil\u00e1, Chikindzonot, Cuncunul, Espita, Peto, Quintana Roo, R\u00edo Lagartos, Temoz\u00f3n, Tinum, Tixcacalcupul, Uayma, Yaxcab\u00e1, Uc\u00fa y Chacsink\u00edn.<\/p>\n\n\n\n<figure class=\"wp-block-image size-full\"><img loading=\"lazy\" decoding=\"async\" width=\"832\" height=\"554\" src=\"http:\/\/vertienteglobal.com\/wp-content\/uploads\/2026\/01\/1000943003.jpg\" alt=\"\" class=\"wp-image-252241\" srcset=\"http:\/\/vertienteglobal.com\/wp-content\/uploads\/2026\/01\/1000943003.jpg 832w, http:\/\/vertienteglobal.com\/wp-content\/uploads\/2026\/01\/1000943003-300x200.jpg 300w, http:\/\/vertienteglobal.com\/wp-content\/uploads\/2026\/01\/1000943003-150x100.jpg 150w, http:\/\/vertienteglobal.com\/wp-content\/uploads\/2026\/01\/1000943003-768x511.jpg 768w\" sizes=\"auto, (max-width: 832px) 100vw, 832px\" \/><\/figure>\n\n\n\n<figure class=\"wp-block-image size-full\"><img loading=\"lazy\" decoding=\"async\" width=\"832\" height=\"554\" src=\"http:\/\/vertienteglobal.com\/wp-content\/uploads\/2026\/01\/1000943004.jpg\" alt=\"\" class=\"wp-image-252242\" srcset=\"http:\/\/vertienteglobal.com\/wp-content\/uploads\/2026\/01\/1000943004.jpg 832w, http:\/\/vertienteglobal.com\/wp-content\/uploads\/2026\/01\/1000943004-300x200.jpg 300w, http:\/\/vertienteglobal.com\/wp-content\/uploads\/2026\/01\/1000943004-150x100.jpg 150w, http:\/\/vertienteglobal.com\/wp-content\/uploads\/2026\/01\/1000943004-768x511.jpg 768w\" sizes=\"auto, (max-width: 832px) 100vw, 832px\" \/><\/figure>\n\n\n\n<figure class=\"wp-block-image size-full\"><img loading=\"lazy\" decoding=\"async\" width=\"512\" height=\"341\" src=\"http:\/\/vertienteglobal.com\/wp-content\/uploads\/2026\/01\/1000943008.jpg\" alt=\"\" class=\"wp-image-252244\" srcset=\"http:\/\/vertienteglobal.com\/wp-content\/uploads\/2026\/01\/1000943008.jpg 512w, http:\/\/vertienteglobal.com\/wp-content\/uploads\/2026\/01\/1000943008-300x200.jpg 300w, http:\/\/vertienteglobal.com\/wp-content\/uploads\/2026\/01\/1000943008-150x100.jpg 150w\" sizes=\"auto, (max-width: 512px) 100vw, 512px\" \/><\/figure>\n\n\n\n<figure class=\"wp-block-image size-full\"><img loading=\"lazy\" decoding=\"async\" width=\"832\" height=\"554\" src=\"http:\/\/vertienteglobal.com\/wp-content\/uploads\/2026\/01\/1000943006.jpg\" alt=\"\" class=\"wp-image-252245\" srcset=\"http:\/\/vertienteglobal.com\/wp-content\/uploads\/2026\/01\/1000943006.jpg 832w, http:\/\/vertienteglobal.com\/wp-content\/uploads\/2026\/01\/1000943006-300x200.jpg 300w, http:\/\/vertienteglobal.com\/wp-content\/uploads\/2026\/01\/1000943006-150x100.jpg 150w, http:\/\/vertienteglobal.com\/wp-content\/uploads\/2026\/01\/1000943006-768x511.jpg 768w\" sizes=\"auto, (max-width: 832px) 100vw, 832px\" \/><\/figure>\n\n\n\n<figure class=\"wp-block-image size-full\"><img loading=\"lazy\" decoding=\"async\" width=\"832\" height=\"554\" src=\"http:\/\/vertienteglobal.com\/wp-content\/uploads\/2026\/01\/1000943007.jpg\" alt=\"\" class=\"wp-image-252246\" srcset=\"http:\/\/vertienteglobal.com\/wp-content\/uploads\/2026\/01\/1000943007.jpg 832w, http:\/\/vertienteglobal.com\/wp-content\/uploads\/2026\/01\/1000943007-300x200.jpg 300w, http:\/\/vertienteglobal.com\/wp-content\/uploads\/2026\/01\/1000943007-150x100.jpg 150w, http:\/\/vertienteglobal.com\/wp-content\/uploads\/2026\/01\/1000943007-768x511.jpg 768w\" sizes=\"auto, (max-width: 832px) 100vw, 832px\" \/><\/figure>\n","protected":false},"excerpt":{"rendered":"<p>(Redacci\u00f3n) Al presentar su Informe de Gobierno en Valladolid, el mandatario afirm\u00f3 que ning\u00fan pueblo maya quedar\u00e1 atr\u00e1s y anunci\u00f3 la puesta en marcha de un nuevo hospital del IMSS en el municipio Valladolid, Yucat\u00e1n, a 23 de enero de 2026.-El Gobernador Joaqu\u00edn D\u00edaz Mena rindi\u00f3 su Primer Informe de Gobierno en Valladolid, donde reiter\u00f3 [&hellip;]<\/p>\n","protected":false},"author":6,"featured_media":252240,"comment_status":"open","ping_status":"open","sticky":false,"template":"","format":"standard","meta":{"footnotes":""},"categories":[2],"tags":[],"class_list":["post-252239","post","type-post","status-publish","format-standard","has-post-thumbnail","hentry","category-yucatan","entry","has-media"],"jetpack_featured_media_url":"http:\/\/vertienteglobal.com\/wp-content\/uploads\/2026\/01\/1000943002.jpg","_links":{"self":[{"href":"http:\/\/vertienteglobal.com\/index.php?rest_route=\/wp\/v2\/posts\/252239","targetHints":{"allow":["GET"]}}],"collection":[{"href":"http:\/\/vertienteglobal.com\/index.php?rest_route=\/wp\/v2\/posts"}],"about":[{"href":"http:\/\/vertienteglobal.com\/index.php?rest_route=\/wp\/v2\/types\/post"}],"author":[{"embeddable":true,"href":"http:\/\/vertienteglobal.com\/index.php?rest_route=\/wp\/v2\/users\/6"}],"replies":[{"embeddable":true,"href":"http:\/\/vertienteglobal.com\/index.php?rest_route=%2Fwp%2Fv2%2Fcomments&post=252239"}],"version-history":[{"count":1,"href":"http:\/\/vertienteglobal.com\/index.php?rest_route=\/wp\/v2\/posts\/252239\/revisions"}],"predecessor-version":[{"id":252247,"href":"http:\/\/vertienteglobal.com\/index.php?rest_route=\/wp\/v2\/posts\/252239\/revisions\/252247"}],"wp:featuredmedia":[{"embeddable":true,"href":"http:\/\/vertienteglobal.com\/index.php?rest_route=\/wp\/v2\/media\/252240"}],"wp:attachment":[{"href":"http:\/\/vertienteglobal.com\/index.php?rest_route=%2Fwp%2Fv2%2Fmedia&parent=252239"}],"wp:term":[{"taxonomy":"category","embeddable":true,"href":"http:\/\/vertienteglobal.com\/index.php?rest_route=%2Fwp%2Fv2%2Fcategories&post=252239"},{"taxonomy":"post_tag","embeddable":true,"href":"http:\/\/vertienteglobal.com\/index.php?rest_route=%2Fwp%2Fv2%2Ftags&post=252239"}],"curies":[{"name":"wp","href":"https:\/\/api.w.org\/{rel}","templated":true}]}}