{"id":252235,"date":"2026-01-24T13:19:00","date_gmt":"2026-01-24T19:19:00","guid":{"rendered":"http:\/\/vertienteglobal.com\/?p=252235"},"modified":"2026-01-26T00:16:30","modified_gmt":"2026-01-26T06:16:30","slug":"yucatan-entra-en-la-guia-de-astroturismo-de-onu-turismo","status":"publish","type":"post","link":"http:\/\/vertienteglobal.com\/?p=252235","title":{"rendered":"\u00a0Yucat\u00e1n entra en la Gu\u00eda de Astroturismo de ONU Turismo\u00a0"},"content":{"rendered":"\n<div class=\"twitterbutton\" style=\"float: right; padding-left: 5px;\"><a href=\"http:\/\/twitter.com\/share\" class=\"twitter-share-button\" data-count=\"horizontal\" data-text=\"\u00a0Yucat\u00e1n entra en la Gu\u00eda de Astroturismo de ONU Turismo\u00a0\" data-via=\"https:\/\/twitter.com\/VertienteGloba1\" data-url=\"http:\/\/vertienteglobal.com\/?p=252235\" data-lang=\"es\" data-related=\"Informaci\u00f3n general:S\u00edguenos para que est\u00e9ss informado\"><\/a><\/div>\n<figure class=\"wp-block-image size-full\"><img loading=\"lazy\" decoding=\"async\" width=\"640\" height=\"426\" src=\"http:\/\/vertienteglobal.com\/wp-content\/uploads\/2026\/01\/1000942993.jpg\" alt=\"\" class=\"wp-image-252236\" srcset=\"http:\/\/vertienteglobal.com\/wp-content\/uploads\/2026\/01\/1000942993.jpg 640w, http:\/\/vertienteglobal.com\/wp-content\/uploads\/2026\/01\/1000942993-300x200.jpg 300w, http:\/\/vertienteglobal.com\/wp-content\/uploads\/2026\/01\/1000942993-150x100.jpg 150w\" sizes=\"auto, (max-width: 640px) 100vw, 640px\" \/><\/figure>\n\n\n\n<p>(Redacci\u00f3n)<\/p>\n\n\n\n<p><em>La arqueoastronom\u00eda maya, la costa yucateca, y sus productos tur\u00edsticos para la observaci\u00f3n de la b\u00f3veda celeste destacan en la Feria Internacional de Turismo que se realiza en Madrid, Espa\u00f1a<\/em><\/p>\n\n\n\n<p>Madrid, Espa\u00f1a, a 24 de enero de 2026.-El estado de Yucat\u00e1n contin\u00faa obteniendo resultados en la Feria Internacional de Turismo (Fitur) 2026, que se realiza en Madrid, Espa\u00f1a, al ser reconocido como uno de los destinos emblem\u00e1ticos en la Gu\u00eda para el Desarrollo del Astroturismo, publicada por ONU Turismo y la Fundaci\u00f3n Starlight, una distinci\u00f3n que fortalece la proyecci\u00f3n internacional del estado.<br>\u00a0<br>La Gu\u00eda re\u00fane ejemplos de astroturismo en los cinco continentes y destaca el patrimonio arqueoastron\u00f3mico de M\u00e9xico, representado por zonas arqueol\u00f3gicas de la pen\u00ednsula de Yucat\u00e1n como Chich\u00e9n Itz\u00e1, Uxmal y Dzibilchalt\u00fan, donde se registran alineaciones con equinoccios, solsticios y el planeta Venus, como evidencia del conocimiento cient\u00edfico de la civilizaci\u00f3n maya.<br>\u00a0<br>El documento tambi\u00e9n reconoce que el potencial de Yucat\u00e1n va m\u00e1s all\u00e1 de sus sitios arqueol\u00f3gicos. Se\u00f1ala que la costa yucateca \u2014con destinos como Las Coloradas, El Cuyo, San Felipe, Sisal y R\u00edo Lagartos\u2014 ofrece cielos privilegiados para la observaci\u00f3n astron\u00f3mica, en experiencias vinculadas a la tradici\u00f3n maya y al turismo de naturaleza, que pueden incluir actividades como fotograf\u00eda nocturna y kayak bajo la luna.<br>\u00a0<br>La Gu\u00eda incluye otros casos internacionales que reflejan el conocimiento astron\u00f3mico de civilizaciones antiguas y su potencial para generar experiencias tur\u00edsticas diferenciadas, como los D\u00f3lmenes de Antequera (Espa\u00f1a), Caral (Per\u00fa), Karnak (Egipto), las ciudades nabateas de Petra y Hegra (Jordania y Arabia Saudita) y la isla de Rapa Nui (Chile).<br>\u00a0<br>La inclusi\u00f3n de Yucat\u00e1n en esta publicaci\u00f3n internacional responde a la visi\u00f3n del Renacimiento Maya que encabeza el Gobernador Joaqu\u00edn D\u00edaz Mena, orientada a diversificar la oferta tur\u00edstica, fortalecer la sostenibilidad y proyectar al estado en mercados globales mediante segmentos de alto valor como el astroturismo.<br>\u00a0<br>Durante la presentaci\u00f3n en la Fitur se realiz\u00f3 una mesa panel con la participaci\u00f3n de destinos l\u00edderes en protecci\u00f3n del cielo oscuro y turismo sostenible.<br>\u00a0<br>Yucat\u00e1n estuvo representado por el subsecretario de Desarrollo Tur\u00edstico Sustentable de la Sefotur, Ra\u00fal Paz Noriega, quien comparti\u00f3 la experiencia del estado en la integraci\u00f3n del patrimonio cultural, la conservaci\u00f3n ambiental y el desarrollo tur\u00edstico. El lanzamiento de la Gu\u00eda ocurre ante una demanda global creciente por experiencias vinculadas a la observaci\u00f3n del cielo.<br>\u00a0<br>De acuerdo con el reporte Tripadvisor Trendcast 2025, las reservas en destinos de cielos oscuros y experiencias de observaci\u00f3n de estrellas crecieron 320% desde 2022, mientras que Booking.com, en su informe Travel Predictions 2025, se\u00f1ala que 58% de las y los viajeros est\u00e1 interesado en viajes centrados en eventos celestes.<br>\u00a0<br>El astroturismo se perfila como un segmento estrat\u00e9gico al promover la reducci\u00f3n de la contaminaci\u00f3n lum\u00ednica, apoyar la descarbonizaci\u00f3n, mejorar la salud de los ecosistemas y fortalecer la econom\u00eda rural, adem\u00e1s de contribuir a evitar el desplazamiento de comunidades, principios alineados con la pol\u00edtica tur\u00edstica sostenible impulsada por la actual administraci\u00f3n estatal.<br>\u00a0<br>La Gu\u00eda est\u00e1 disponible para descarga gratuita y puede consultarse en el siguiente enlace: https:\/\/www.e-unwto.org\/doi\/10.18111\/9789284427154.<\/p>\n\n\n\n<figure class=\"wp-block-image size-full\"><img loading=\"lazy\" decoding=\"async\" width=\"640\" height=\"426\" src=\"http:\/\/vertienteglobal.com\/wp-content\/uploads\/2026\/01\/1000942995.jpg\" alt=\"\" class=\"wp-image-252237\" srcset=\"http:\/\/vertienteglobal.com\/wp-content\/uploads\/2026\/01\/1000942995.jpg 640w, http:\/\/vertienteglobal.com\/wp-content\/uploads\/2026\/01\/1000942995-300x200.jpg 300w, http:\/\/vertienteglobal.com\/wp-content\/uploads\/2026\/01\/1000942995-150x100.jpg 150w\" sizes=\"auto, (max-width: 640px) 100vw, 640px\" \/><\/figure>\n\n\n\n<p><br>\u00a0<br>&#8212;<\/p>\n","protected":false},"excerpt":{"rendered":"<p>(Redacci\u00f3n) La arqueoastronom\u00eda maya, la costa yucateca, y sus productos tur\u00edsticos para la observaci\u00f3n de la b\u00f3veda celeste destacan en la Feria Internacional de Turismo que se realiza en Madrid, Espa\u00f1a Madrid, Espa\u00f1a, a 24 de enero de 2026.-El estado de Yucat\u00e1n contin\u00faa obteniendo resultados en la Feria Internacional de Turismo (Fitur) 2026, que se [&hellip;]<\/p>\n","protected":false},"author":6,"featured_media":252236,"comment_status":"open","ping_status":"open","sticky":false,"template":"","format":"standard","meta":{"footnotes":""},"categories":[2],"tags":[],"class_list":["post-252235","post","type-post","status-publish","format-standard","has-post-thumbnail","hentry","category-yucatan","entry","has-media"],"jetpack_featured_media_url":"http:\/\/vertienteglobal.com\/wp-content\/uploads\/2026\/01\/1000942993.jpg","_links":{"self":[{"href":"http:\/\/vertienteglobal.com\/index.php?rest_route=\/wp\/v2\/posts\/252235","targetHints":{"allow":["GET"]}}],"collection":[{"href":"http:\/\/vertienteglobal.com\/index.php?rest_route=\/wp\/v2\/posts"}],"about":[{"href":"http:\/\/vertienteglobal.com\/index.php?rest_route=\/wp\/v2\/types\/post"}],"author":[{"embeddable":true,"href":"http:\/\/vertienteglobal.com\/index.php?rest_route=\/wp\/v2\/users\/6"}],"replies":[{"embeddable":true,"href":"http:\/\/vertienteglobal.com\/index.php?rest_route=%2Fwp%2Fv2%2Fcomments&post=252235"}],"version-history":[{"count":1,"href":"http:\/\/vertienteglobal.com\/index.php?rest_route=\/wp\/v2\/posts\/252235\/revisions"}],"predecessor-version":[{"id":252238,"href":"http:\/\/vertienteglobal.com\/index.php?rest_route=\/wp\/v2\/posts\/252235\/revisions\/252238"}],"wp:featuredmedia":[{"embeddable":true,"href":"http:\/\/vertienteglobal.com\/index.php?rest_route=\/wp\/v2\/media\/252236"}],"wp:attachment":[{"href":"http:\/\/vertienteglobal.com\/index.php?rest_route=%2Fwp%2Fv2%2Fmedia&parent=252235"}],"wp:term":[{"taxonomy":"category","embeddable":true,"href":"http:\/\/vertienteglobal.com\/index.php?rest_route=%2Fwp%2Fv2%2Fcategories&post=252235"},{"taxonomy":"post_tag","embeddable":true,"href":"http:\/\/vertienteglobal.com\/index.php?rest_route=%2Fwp%2Fv2%2Ftags&post=252235"}],"curies":[{"name":"wp","href":"https:\/\/api.w.org\/{rel}","templated":true}]}}