{"id":252103,"date":"2026-01-19T14:58:00","date_gmt":"2026-01-19T20:58:00","guid":{"rendered":"http:\/\/vertienteglobal.com\/?p=252103"},"modified":"2026-01-24T12:01:07","modified_gmt":"2026-01-24T18:01:07","slug":"yucatan-fortalece-su-promocion-turistica-en-la-antesala-de-fitur-2026","status":"publish","type":"post","link":"http:\/\/vertienteglobal.com\/?p=252103","title":{"rendered":"Yucat\u00e1n fortalece su promoci\u00f3n tur\u00edstica en la antesala de Fitur 2026"},"content":{"rendered":"\n<div class=\"twitterbutton\" style=\"float: right; padding-left: 5px;\"><a href=\"http:\/\/twitter.com\/share\" class=\"twitter-share-button\" data-count=\"horizontal\" data-text=\"Yucat\u00e1n fortalece su promoci\u00f3n tur\u00edstica en la antesala de Fitur 2026\" data-via=\"https:\/\/twitter.com\/VertienteGloba1\" data-url=\"http:\/\/vertienteglobal.com\/?p=252103\" data-lang=\"es\" data-related=\"Informaci\u00f3n general:S\u00edguenos para que est\u00e9ss informado\"><\/a><\/div>\n<figure class=\"wp-block-image size-full\"><img loading=\"lazy\" decoding=\"async\" width=\"512\" height=\"318\" src=\"http:\/\/vertienteglobal.com\/wp-content\/uploads\/2026\/01\/1000939151.jpg\" alt=\"\" class=\"wp-image-252104\" srcset=\"http:\/\/vertienteglobal.com\/wp-content\/uploads\/2026\/01\/1000939151.jpg 512w, http:\/\/vertienteglobal.com\/wp-content\/uploads\/2026\/01\/1000939151-300x186.jpg 300w, http:\/\/vertienteglobal.com\/wp-content\/uploads\/2026\/01\/1000939151-150x93.jpg 150w\" sizes=\"auto, (max-width: 512px) 100vw, 512px\" \/><\/figure>\n\n\n\n<p>(Redacci\u00f3n)<\/p>\n\n\n\n<p><em>En una mesa panel previo a la Feria Internacional de Turismo, se destac\u00f3 el liderazgo de Chich\u00e9n Itz\u00e1, los Pueblos M\u00e1gicos y la vocaci\u00f3n cultural del estado<\/em><\/p>\n\n\n\n<p>Madrid, Espa\u00f1a, a 20 de enero de 2026.-El liderazgo de Chich\u00e9n Itz\u00e1 como zona arqueol\u00f3gica m\u00e1s visitada de M\u00e9xico, as\u00ed como los atractivos de los Pueblos M\u00e1gicos, fueron parte de la presentaci\u00f3n de Yucat\u00e1n en la antesala del arranque de la Feria Internacional de Turismo (Fitur) 2026, en Madrid, Espa\u00f1a.<br>\u00a0<br>En representaci\u00f3n del Gobierno del Estado, el secretario de Fomento Tur\u00edstico, Dar\u00edo Flota Ocampo, particip\u00f3 en la mesa panel M\u00e9xico\u2013Espa\u00f1a: \u201cLa puesta en valor de la infraestructura cultural para el turismo\u201d, realizada con motivo de la 46\u00aa edici\u00f3n de Fitur 2026, uno de los encuentros m\u00e1s relevantes del sector a nivel global.<br>\u00a0<br>La actividad, organizada por la Fundaci\u00f3n Monumental M\u00e9xico y el Colegio Oficial de Arquitectos de Madrid (COAM), se efectu\u00f3 en la sede de dicha organizaci\u00f3n en la capital espa\u00f1ola.<br>\u00a0<br>Durante su intervenci\u00f3n, el titular de Sefotur destac\u00f3 el liderazgo de Chich\u00e9n Itz\u00e1 como la zona arqueol\u00f3gica m\u00e1s visitada del pa\u00eds, ya que de acuerdo con datos del Instituto Nacional de Antropolog\u00eda e Historia (INAH), m\u00e1s de dos millones de personas disfrutaron de esta maravilla del mundo en 2025.<br>\u00a0<br>Flota Ocampo afirm\u00f3 que la cultura maya es un patrimonio vivo que late en los sabores de la cocina yucateca, en los sitios hist\u00f3ricos y en la vida cotidiana de las comunidades.<br>\u00a0<br>De igual manera, present\u00f3 las riquezas culturales de los Pueblos M\u00e1gicos y de la capital yucateca, que tambi\u00e9n se ha consolidado como un polo de atracci\u00f3n para producciones cinematogr\u00e1ficas, como ocurri\u00f3 con la pel\u00edcula internacional Pedro Pan, filmada en m\u00e1s de 30 locaciones de la entidad para recrear la \u00e9poca de la Cuba postrevolucionaria.<br>\u00a0<br>En este espacio de an\u00e1lisis y di\u00e1logo, el titular de Sefotur comparti\u00f3 el foro con la secretaria de Turismo de la Ciudad de M\u00e9xico, Alejandra Frausto Guerrero; el presidente de la Asociaci\u00f3n de Ciudades Mexicanas Patrimonio Mundial, Jorge Ortega Gonz\u00e1lez; la representante del Consejo Internacional de Monumentos y Sitios (Icomos) Iberoam\u00e9rica, Mar\u00eda Isabel Sard\u00f3n de Taboada; y el experto Javier Puente.<br>\u00a0<br>Durante el encuentro, las y los ponentes abordaron las principales tendencias del viajero cultural y las estrategias para poner en valor el patrimonio edificado, como v\u00eda para fortalecer una oferta tur\u00edstica m\u00e1s atractiva, sostenible y con identidad en M\u00e9xico y Espa\u00f1a.<br>\u00a0<br>De igual manera, plantearon la relevancia de la protecci\u00f3n, conservaci\u00f3n, restauraci\u00f3n y difusi\u00f3n de los tesoros culturales de ciudades y estados de ambos pa\u00edses.<br>\u00a0<br>Como parte de la agenda de trabajo en Fitur, este martes 20 de enero, la comitiva de Sefotur particip\u00f3 en las actividades del foro \u201cAvanzamos por M\u00e9xico\u201d, organizado por BBVA, con especialistas del \u00e1mbito econ\u00f3mico y tur\u00edstico de los sectores p\u00fablico y privado.<br>\u00a0<br>Ma\u00f1ana, 21 de enero, inicia oficialmente la Fitur y, en esta primera jornada, tendr\u00e1 lugar la inauguraci\u00f3n del Pabell\u00f3n M\u00e9xico y el stand de Yucat\u00e1n.<br>\u00a0<br>Al d\u00eda siguiente ser\u00e1 la ceremonia oficial con la participaci\u00f3n de los Reyes de Espa\u00f1a, y el 23 de enero el estado formar\u00e1 parte del panel de presentaci\u00f3n de la Gu\u00eda para el Desarrollo del Astroturismo, impulsada por ONU Turismo.<br>\u00a0<br>Ese mismo d\u00eda, Yucat\u00e1n ser\u00e1 uno de los exponentes de la muestra de bordado y tejidos m\u00e1s grande del mundo, un r\u00e9cord Guinness que reunir\u00e1 a las 32 entidades del pa\u00eds.<br>\u00a0<br>Adem\u00e1s, durante estos d\u00edas se desarrollar\u00e1 una agenda de citas de negocios. El 24 y 25 de enero, la feria abre sus puertas al p\u00fablico en general para conocer la oferta tur\u00edstica mundial, as\u00ed como participar en las activaciones organizadas por las secretar\u00edas de Turismo de las entidades de M\u00e9xico, en calidad de pa\u00eds invitado.<br>\u00a0<br>Con esta agenda, Yucat\u00e1n refrenda su compromiso con la promoci\u00f3n integral del destino, la generaci\u00f3n de alianzas estrat\u00e9gicas y el fortalecimiento de su proyecci\u00f3n internacional, como parte de la visi\u00f3n de desarrollo tur\u00edstico, cultural y sostenible impulsada por el Gobernador Joaqu\u00edn D\u00edaz Mena.<\/p>\n\n\n\n<figure class=\"wp-block-image size-full\"><img loading=\"lazy\" decoding=\"async\" width=\"614\" height=\"460\" src=\"http:\/\/vertienteglobal.com\/wp-content\/uploads\/2026\/01\/1000939154.jpg\" alt=\"\" class=\"wp-image-252106\" srcset=\"http:\/\/vertienteglobal.com\/wp-content\/uploads\/2026\/01\/1000939154.jpg 614w, http:\/\/vertienteglobal.com\/wp-content\/uploads\/2026\/01\/1000939154-300x225.jpg 300w, http:\/\/vertienteglobal.com\/wp-content\/uploads\/2026\/01\/1000939154-150x112.jpg 150w\" sizes=\"auto, (max-width: 614px) 100vw, 614px\" \/><\/figure>\n\n\n\n<figure class=\"wp-block-image size-full\"><img loading=\"lazy\" decoding=\"async\" width=\"409\" height=\"307\" src=\"http:\/\/vertienteglobal.com\/wp-content\/uploads\/2026\/01\/1000939153-1.jpg\" alt=\"\" class=\"wp-image-252107\" srcset=\"http:\/\/vertienteglobal.com\/wp-content\/uploads\/2026\/01\/1000939153-1.jpg 409w, http:\/\/vertienteglobal.com\/wp-content\/uploads\/2026\/01\/1000939153-1-300x225.jpg 300w, http:\/\/vertienteglobal.com\/wp-content\/uploads\/2026\/01\/1000939153-1-150x113.jpg 150w\" sizes=\"auto, (max-width: 409px) 100vw, 409px\" \/><\/figure>\n\n\n\n<figure class=\"wp-block-image size-full\"><img loading=\"lazy\" decoding=\"async\" width=\"960\" height=\"720\" src=\"http:\/\/vertienteglobal.com\/wp-content\/uploads\/2026\/01\/1000939155.jpg\" alt=\"\" class=\"wp-image-252108\" srcset=\"http:\/\/vertienteglobal.com\/wp-content\/uploads\/2026\/01\/1000939155.jpg 960w, http:\/\/vertienteglobal.com\/wp-content\/uploads\/2026\/01\/1000939155-300x225.jpg 300w, http:\/\/vertienteglobal.com\/wp-content\/uploads\/2026\/01\/1000939155-150x113.jpg 150w, http:\/\/vertienteglobal.com\/wp-content\/uploads\/2026\/01\/1000939155-768x576.jpg 768w\" sizes=\"auto, (max-width: 960px) 100vw, 960px\" \/><\/figure>\n","protected":false},"excerpt":{"rendered":"<p>(Redacci\u00f3n) En una mesa panel previo a la Feria Internacional de Turismo, se destac\u00f3 el liderazgo de Chich\u00e9n Itz\u00e1, los Pueblos M\u00e1gicos y la vocaci\u00f3n cultural del estado Madrid, Espa\u00f1a, a 20 de enero de 2026.-El liderazgo de Chich\u00e9n Itz\u00e1 como zona arqueol\u00f3gica m\u00e1s visitada de M\u00e9xico, as\u00ed como los atractivos de los Pueblos M\u00e1gicos, [&hellip;]<\/p>\n","protected":false},"author":6,"featured_media":252104,"comment_status":"open","ping_status":"open","sticky":false,"template":"","format":"standard","meta":{"footnotes":""},"categories":[2],"tags":[],"class_list":["post-252103","post","type-post","status-publish","format-standard","has-post-thumbnail","hentry","category-yucatan","entry","has-media"],"jetpack_featured_media_url":"http:\/\/vertienteglobal.com\/wp-content\/uploads\/2026\/01\/1000939151.jpg","_links":{"self":[{"href":"http:\/\/vertienteglobal.com\/index.php?rest_route=\/wp\/v2\/posts\/252103","targetHints":{"allow":["GET"]}}],"collection":[{"href":"http:\/\/vertienteglobal.com\/index.php?rest_route=\/wp\/v2\/posts"}],"about":[{"href":"http:\/\/vertienteglobal.com\/index.php?rest_route=\/wp\/v2\/types\/post"}],"author":[{"embeddable":true,"href":"http:\/\/vertienteglobal.com\/index.php?rest_route=\/wp\/v2\/users\/6"}],"replies":[{"embeddable":true,"href":"http:\/\/vertienteglobal.com\/index.php?rest_route=%2Fwp%2Fv2%2Fcomments&post=252103"}],"version-history":[{"count":1,"href":"http:\/\/vertienteglobal.com\/index.php?rest_route=\/wp\/v2\/posts\/252103\/revisions"}],"predecessor-version":[{"id":252109,"href":"http:\/\/vertienteglobal.com\/index.php?rest_route=\/wp\/v2\/posts\/252103\/revisions\/252109"}],"wp:featuredmedia":[{"embeddable":true,"href":"http:\/\/vertienteglobal.com\/index.php?rest_route=\/wp\/v2\/media\/252104"}],"wp:attachment":[{"href":"http:\/\/vertienteglobal.com\/index.php?rest_route=%2Fwp%2Fv2%2Fmedia&parent=252103"}],"wp:term":[{"taxonomy":"category","embeddable":true,"href":"http:\/\/vertienteglobal.com\/index.php?rest_route=%2Fwp%2Fv2%2Fcategories&post=252103"},{"taxonomy":"post_tag","embeddable":true,"href":"http:\/\/vertienteglobal.com\/index.php?rest_route=%2Fwp%2Fv2%2Ftags&post=252103"}],"curies":[{"name":"wp","href":"https:\/\/api.w.org\/{rel}","templated":true}]}}