{"id":252045,"date":"2026-01-21T15:21:00","date_gmt":"2026-01-21T21:21:00","guid":{"rendered":"http:\/\/vertienteglobal.com\/?p=252045"},"modified":"2026-01-24T07:15:24","modified_gmt":"2026-01-24T13:15:24","slug":"mexico-asume-la-presidencia-del-mundo-maya-y-reconocen-a-quintana-roo-por-su-turismo-comunitario-en-fitur","status":"publish","type":"post","link":"http:\/\/vertienteglobal.com\/?p=252045","title":{"rendered":"M\u00e9xico asume la presidencia del Mundo Maya y reconocen a Quintana Roo por su turismo comunitario en FITUR"},"content":{"rendered":"\n<div class=\"twitterbutton\" style=\"float: right; padding-left: 5px;\"><a href=\"http:\/\/twitter.com\/share\" class=\"twitter-share-button\" data-count=\"horizontal\" data-text=\"M\u00e9xico asume la presidencia del Mundo Maya y reconocen a Quintana Roo por su tu...\" data-via=\"https:\/\/twitter.com\/VertienteGloba1\" data-url=\"http:\/\/vertienteglobal.com\/?p=252045\" data-lang=\"es\" data-related=\"Informaci\u00f3n general:S\u00edguenos para que est\u00e9ss informado\"><\/a><\/div>\n<figure class=\"wp-block-image size-large\"><img loading=\"lazy\" decoding=\"async\" width=\"1024\" height=\"683\" src=\"http:\/\/vertienteglobal.com\/wp-content\/uploads\/2026\/01\/1000938405-1024x683.jpg\" alt=\"\" class=\"wp-image-252046\" srcset=\"http:\/\/vertienteglobal.com\/wp-content\/uploads\/2026\/01\/1000938405-1024x683.jpg 1024w, http:\/\/vertienteglobal.com\/wp-content\/uploads\/2026\/01\/1000938405-300x200.jpg 300w, http:\/\/vertienteglobal.com\/wp-content\/uploads\/2026\/01\/1000938405-150x100.jpg 150w, http:\/\/vertienteglobal.com\/wp-content\/uploads\/2026\/01\/1000938405-768x512.jpg 768w, http:\/\/vertienteglobal.com\/wp-content\/uploads\/2026\/01\/1000938405-1536x1024.jpg 1536w, http:\/\/vertienteglobal.com\/wp-content\/uploads\/2026\/01\/1000938405-2048x1366.jpg 2048w\" sizes=\"auto, (max-width: 1024px) 100vw, 1024px\" \/><\/figure>\n\n\n\n<p>(Redacci\u00f3n)<\/p>\n\n\n\n<p>En el marco de la Feria Internacional de Turismo (FITUR), M\u00e9xico recibi\u00f3 de Belice la presidencia de la Organizaci\u00f3n Mundo Maya, acto en el que Quintana Roo fue distinguido por su modelo de turismo comunitario, con Maya Ka\u00b4an como referente nacional e internacional.<\/p>\n\n\n\n<p>Madrid, Espa\u00f1a, 21 de enero de 2026.- En el pabell\u00f3n de M\u00e9xico y en la Feria Internacional de Turismo (FITUR) 2026, se llev\u00f3 a cabo el acto oficial de traslado de la presidencia de la Organizaci\u00f3n Mundo Maya, que pas\u00f3 de Belice a M\u00e9xico, consolidando el liderazgo del pa\u00eds en la promoci\u00f3n del patrimonio cultural y tur\u00edstico de la regi\u00f3n mesoamericana.<\/p>\n\n\n\n<p>El evento cont\u00f3 con la presencia de la secretaria federal de Turismo, Josefina Rodr\u00edguez Zamora, y de la gobernadora del estado de Quintana Roo, Mara Lezama Espinosa, quien fue reconocida por su destacada labor en turismo comunitario, un modelo que fortalece la identidad de la zona maya y genera bienestar directo y prosperidad compartida en las comunidades ind\u00edgenas.<\/p>\n\n\n\n<p>El reconocimiento a Quintana Roo subraya el papel del estado como referente de turismo con enfoque social dentro del Caribe Mexicano, Capital Mundial de las Vacaciones.<\/p>\n\n\n\n<p>Uno de los principales ejemplos es Maya Ka\u00b4an, proyecto considerado modelo nacional de turismo rural y comunitario, que integra 90 experiencias tur\u00edsticas operadas por 17 cooperativas, de las cuales seis cuentan con aval de la UNESCO. Estas cooperativas son hoy protagonistas de una nueva experiencia tur\u00edstica basada en la preservaci\u00f3n cultural, la sostenibilidad y la participaci\u00f3n comunitaria.<\/p>\n\n\n\n<p>El impulso a la identidad de la zona maya se enlaza con la fortaleza del Caribe Mexicano como Capital Mundial de las Vacaciones, demostrando que el destino no solo ofrece sol y playa, sino tambi\u00e9n experiencias aut\u00e9nticas que conectan al visitante con la cultura viva de los pueblos originarios.<\/p>\n\n\n\n<p>La Organizaci\u00f3n Mundo Maya est\u00e1 integrada por M\u00e9xico, Belice, Guatemala, El Salvador y Honduras, pa\u00edses que comparten una herencia cultural milenaria y trabajan de manera conjunta para impulsar el desarrollo tur\u00edstico sostenible de sus comunidades originarias.<\/p>\n\n\n\n<figure class=\"wp-block-embed is-type-video is-provider-youtube wp-block-embed-youtube wp-embed-aspect-16-9 wp-has-aspect-ratio\"><div class=\"wp-block-embed__wrapper\">\n<div class=\"oceanwp-oembed-wrap clr\"><iframe loading=\"lazy\" title=\"M\u00e9xico asume la presidencia del Mundo Maya y reconocen a Quintana Roo por su turismo comunitario\" width=\"1200\" height=\"675\" src=\"https:\/\/www.youtube.com\/embed\/rlh7q7Gv464?feature=oembed\" frameborder=\"0\" allow=\"accelerometer; autoplay; clipboard-write; encrypted-media; gyroscope; picture-in-picture; web-share\" referrerpolicy=\"strict-origin-when-cross-origin\" allowfullscreen><\/iframe><\/div>\n<\/div><\/figure>\n","protected":false},"excerpt":{"rendered":"<p>(Redacci\u00f3n) En el marco de la Feria Internacional de Turismo (FITUR), M\u00e9xico recibi\u00f3 de Belice la presidencia de la Organizaci\u00f3n Mundo Maya, acto en el que Quintana Roo fue distinguido por su modelo de turismo comunitario, con Maya Ka\u00b4an como referente nacional e internacional. Madrid, Espa\u00f1a, 21 de enero de 2026.- En el pabell\u00f3n de [&hellip;]<\/p>\n","protected":false},"author":6,"featured_media":252046,"comment_status":"open","ping_status":"open","sticky":false,"template":"","format":"standard","meta":{"footnotes":""},"categories":[3],"tags":[],"class_list":["post-252045","post","type-post","status-publish","format-standard","has-post-thumbnail","hentry","category-quintana-roo","entry","has-media"],"jetpack_featured_media_url":"http:\/\/vertienteglobal.com\/wp-content\/uploads\/2026\/01\/1000938405.jpg","_links":{"self":[{"href":"http:\/\/vertienteglobal.com\/index.php?rest_route=\/wp\/v2\/posts\/252045","targetHints":{"allow":["GET"]}}],"collection":[{"href":"http:\/\/vertienteglobal.com\/index.php?rest_route=\/wp\/v2\/posts"}],"about":[{"href":"http:\/\/vertienteglobal.com\/index.php?rest_route=\/wp\/v2\/types\/post"}],"author":[{"embeddable":true,"href":"http:\/\/vertienteglobal.com\/index.php?rest_route=\/wp\/v2\/users\/6"}],"replies":[{"embeddable":true,"href":"http:\/\/vertienteglobal.com\/index.php?rest_route=%2Fwp%2Fv2%2Fcomments&post=252045"}],"version-history":[{"count":1,"href":"http:\/\/vertienteglobal.com\/index.php?rest_route=\/wp\/v2\/posts\/252045\/revisions"}],"predecessor-version":[{"id":252047,"href":"http:\/\/vertienteglobal.com\/index.php?rest_route=\/wp\/v2\/posts\/252045\/revisions\/252047"}],"wp:featuredmedia":[{"embeddable":true,"href":"http:\/\/vertienteglobal.com\/index.php?rest_route=\/wp\/v2\/media\/252046"}],"wp:attachment":[{"href":"http:\/\/vertienteglobal.com\/index.php?rest_route=%2Fwp%2Fv2%2Fmedia&parent=252045"}],"wp:term":[{"taxonomy":"category","embeddable":true,"href":"http:\/\/vertienteglobal.com\/index.php?rest_route=%2Fwp%2Fv2%2Fcategories&post=252045"},{"taxonomy":"post_tag","embeddable":true,"href":"http:\/\/vertienteglobal.com\/index.php?rest_route=%2Fwp%2Fv2%2Ftags&post=252045"}],"curies":[{"name":"wp","href":"https:\/\/api.w.org\/{rel}","templated":true}]}}