{"id":252031,"date":"2026-01-22T12:58:00","date_gmt":"2026-01-22T18:58:00","guid":{"rendered":"http:\/\/vertienteglobal.com\/?p=252031"},"modified":"2026-01-24T07:02:29","modified_gmt":"2026-01-24T13:02:29","slug":"mara-lezama-fortalece-alianza-con-world2meet-para-impulsar-el-turismo-en-el-caribe-mexicano-capital-mundial-de-las-vacaciones","status":"publish","type":"post","link":"http:\/\/vertienteglobal.com\/?p=252031","title":{"rendered":"Mara Lezama fortalece alianza con World2Meet para impulsar el turismo en el Caribe Mexicano, Capital Mundial de las Vacaciones"},"content":{"rendered":"\n<div class=\"twitterbutton\" style=\"float: right; padding-left: 5px;\"><a href=\"http:\/\/twitter.com\/share\" class=\"twitter-share-button\" data-count=\"horizontal\" data-text=\"Mara Lezama fortalece alianza con World2Meet para impulsar el turismo en el Cari...\" data-via=\"https:\/\/twitter.com\/VertienteGloba1\" data-url=\"http:\/\/vertienteglobal.com\/?p=252031\" data-lang=\"es\" data-related=\"Informaci\u00f3n general:S\u00edguenos para que est\u00e9ss informado\"><\/a><\/div>\n<figure class=\"wp-block-image size-large\"><img loading=\"lazy\" decoding=\"async\" width=\"1024\" height=\"683\" src=\"http:\/\/vertienteglobal.com\/wp-content\/uploads\/2026\/01\/1000938384-1024x683.jpg\" alt=\"\" class=\"wp-image-252032\" srcset=\"http:\/\/vertienteglobal.com\/wp-content\/uploads\/2026\/01\/1000938384-1024x683.jpg 1024w, http:\/\/vertienteglobal.com\/wp-content\/uploads\/2026\/01\/1000938384-300x200.jpg 300w, http:\/\/vertienteglobal.com\/wp-content\/uploads\/2026\/01\/1000938384-150x100.jpg 150w, http:\/\/vertienteglobal.com\/wp-content\/uploads\/2026\/01\/1000938384-768x512.jpg 768w, http:\/\/vertienteglobal.com\/wp-content\/uploads\/2026\/01\/1000938384-1536x1024.jpg 1536w, http:\/\/vertienteglobal.com\/wp-content\/uploads\/2026\/01\/1000938384-2048x1366.jpg 2048w\" sizes=\"auto, (max-width: 1024px) 100vw, 1024px\" \/><\/figure>\n\n\n\n<p>(Redacci\u00f3n)<\/p>\n\n\n\n<p>La Gobernadora de Quintana Roo destac\u00f3 la importancia de esta colaboraci\u00f3n estrat\u00e9gica en un a\u00f1o mundialista, con \u00e9nfasis en sostenibilidad, conectividad y prosperidad compartida<\/p>\n\n\n\n<p>Madrid, Espa\u00f1a, 22 de enero de 2026.- En el marco de la Feria Internacional de Turismo (FITUR) 2026, que se celebra en IFEMA, la Gobernadora Mara Lezama Espinosa sostuvo una reuni\u00f3n de trabajo con directivos de World2Meet, grupo tur\u00edstico que integra a World2Fly, Iberostar y su divisi\u00f3n de transporte, consolidando una alianza clave para la promoci\u00f3n y fortalecimiento del Caribe Mexicano.<\/p>\n\n\n\n<p>Durante el encuentro, la gobernadora subray\u00f3 que World2Meet es uno de los principales socios comerciales del destino, al movilizar a m\u00e1s de un mill\u00f3n de turistas al a\u00f1o hacia Quintana Roo, cifra que \u2014dijo\u2014 seguir\u00e1 creciendo en un contexto estrat\u00e9gico como lo ser\u00e1 el Mundial de F\u00fatbol 2026.<\/p>\n\n\n\n<p>\u201cEstamos aqu\u00ed para seguir estrechando lazos, crecer juntos y seguir trabajando de la mano en temas fundamentales como la sostenibilidad, la sustentabilidad y la prosperidad compartida\u201d, expres\u00f3 Mara Lezama, al destacar que este ser\u00e1 un gran a\u00f1o para el turismo del Caribe Mexicano.<\/p>\n\n\n\n<p>La gobernadora tambi\u00e9n reconoci\u00f3 las buenas pr\u00e1cticas del grupo, particularmente en materia de movilidad sustentable, al contar con veh\u00edculos el\u00e9ctricos en su operaci\u00f3n de transporte, as\u00ed como el impulso al empoderamiento femenino, al resaltar que la mayor\u00eda de las personas conductoras son mujeres y que la transportadora es encabezada por una mujer, lo cual calific\u00f3 como un ejemplo positivo para el sector.<\/p>\n\n\n\n<p>Por su parte, directivos de World2Meet reafirmaron su compromiso de largo plazo con Quintana Roo, al se\u00f1alar que el Caribe Mexicano se mantiene en el centro de su estrategia global, gracias a la calidad del destino y a las inversiones constantes para mejorar la experiencia de los visitantes. \u201cSeguiremos apostando por este destino, porque es uno de los mejores que podemos ofrecer a nuestros clientes\u201d, se\u00f1alaron.<\/p>\n\n\n\n<figure class=\"wp-block-image size-full\"><img loading=\"lazy\" decoding=\"async\" width=\"585\" height=\"390\" src=\"http:\/\/vertienteglobal.com\/wp-content\/uploads\/2026\/01\/1000938385.jpg\" alt=\"\" class=\"wp-image-252033\" srcset=\"http:\/\/vertienteglobal.com\/wp-content\/uploads\/2026\/01\/1000938385.jpg 585w, http:\/\/vertienteglobal.com\/wp-content\/uploads\/2026\/01\/1000938385-300x200.jpg 300w, http:\/\/vertienteglobal.com\/wp-content\/uploads\/2026\/01\/1000938385-150x100.jpg 150w\" sizes=\"auto, (max-width: 585px) 100vw, 585px\" \/><\/figure>\n\n\n\n<figure class=\"wp-block-image size-full\"><img loading=\"lazy\" decoding=\"async\" width=\"585\" height=\"267\" src=\"http:\/\/vertienteglobal.com\/wp-content\/uploads\/2026\/01\/1000938386.jpg\" alt=\"\" class=\"wp-image-252034\" srcset=\"http:\/\/vertienteglobal.com\/wp-content\/uploads\/2026\/01\/1000938386.jpg 585w, http:\/\/vertienteglobal.com\/wp-content\/uploads\/2026\/01\/1000938386-300x137.jpg 300w, http:\/\/vertienteglobal.com\/wp-content\/uploads\/2026\/01\/1000938386-150x68.jpg 150w\" sizes=\"auto, (max-width: 585px) 100vw, 585px\" \/><\/figure>\n","protected":false},"excerpt":{"rendered":"<p>(Redacci\u00f3n) La Gobernadora de Quintana Roo destac\u00f3 la importancia de esta colaboraci\u00f3n estrat\u00e9gica en un a\u00f1o mundialista, con \u00e9nfasis en sostenibilidad, conectividad y prosperidad compartida Madrid, Espa\u00f1a, 22 de enero de 2026.- En el marco de la Feria Internacional de Turismo (FITUR) 2026, que se celebra en IFEMA, la Gobernadora Mara Lezama Espinosa sostuvo una [&hellip;]<\/p>\n","protected":false},"author":6,"featured_media":252032,"comment_status":"open","ping_status":"open","sticky":false,"template":"","format":"standard","meta":{"footnotes":""},"categories":[3],"tags":[],"class_list":["post-252031","post","type-post","status-publish","format-standard","has-post-thumbnail","hentry","category-quintana-roo","entry","has-media"],"jetpack_featured_media_url":"http:\/\/vertienteglobal.com\/wp-content\/uploads\/2026\/01\/1000938384.jpg","_links":{"self":[{"href":"http:\/\/vertienteglobal.com\/index.php?rest_route=\/wp\/v2\/posts\/252031","targetHints":{"allow":["GET"]}}],"collection":[{"href":"http:\/\/vertienteglobal.com\/index.php?rest_route=\/wp\/v2\/posts"}],"about":[{"href":"http:\/\/vertienteglobal.com\/index.php?rest_route=\/wp\/v2\/types\/post"}],"author":[{"embeddable":true,"href":"http:\/\/vertienteglobal.com\/index.php?rest_route=\/wp\/v2\/users\/6"}],"replies":[{"embeddable":true,"href":"http:\/\/vertienteglobal.com\/index.php?rest_route=%2Fwp%2Fv2%2Fcomments&post=252031"}],"version-history":[{"count":1,"href":"http:\/\/vertienteglobal.com\/index.php?rest_route=\/wp\/v2\/posts\/252031\/revisions"}],"predecessor-version":[{"id":252035,"href":"http:\/\/vertienteglobal.com\/index.php?rest_route=\/wp\/v2\/posts\/252031\/revisions\/252035"}],"wp:featuredmedia":[{"embeddable":true,"href":"http:\/\/vertienteglobal.com\/index.php?rest_route=\/wp\/v2\/media\/252032"}],"wp:attachment":[{"href":"http:\/\/vertienteglobal.com\/index.php?rest_route=%2Fwp%2Fv2%2Fmedia&parent=252031"}],"wp:term":[{"taxonomy":"category","embeddable":true,"href":"http:\/\/vertienteglobal.com\/index.php?rest_route=%2Fwp%2Fv2%2Fcategories&post=252031"},{"taxonomy":"post_tag","embeddable":true,"href":"http:\/\/vertienteglobal.com\/index.php?rest_route=%2Fwp%2Fv2%2Ftags&post=252031"}],"curies":[{"name":"wp","href":"https:\/\/api.w.org\/{rel}","templated":true}]}}