{"id":251985,"date":"2026-01-22T12:24:00","date_gmt":"2026-01-22T18:24:00","guid":{"rendered":"http:\/\/vertienteglobal.com\/?p=251985"},"modified":"2026-01-24T06:19:41","modified_gmt":"2026-01-24T12:19:41","slug":"inauguracion-de-la-46a-edicion-de-la-feria-internacional-de-turismo-fitur","status":"publish","type":"post","link":"http:\/\/vertienteglobal.com\/?p=251985","title":{"rendered":"Inauguraci\u00f3n de la 46\u00aa Edici\u00f3n de la Feria Internacional de Turismo-FITUR"},"content":{"rendered":"\n<div class=\"twitterbutton\" style=\"float: right; padding-left: 5px;\"><a href=\"http:\/\/twitter.com\/share\" class=\"twitter-share-button\" data-count=\"horizontal\" data-text=\"Inauguraci\u00f3n de la 46\u00aa Edici\u00f3n de la Feria Internacional de Turismo-FITUR\" data-via=\"https:\/\/twitter.com\/VertienteGloba1\" data-url=\"http:\/\/vertienteglobal.com\/?p=251985\" data-lang=\"es\" data-related=\"Informaci\u00f3n general:S\u00edguenos para que est\u00e9ss informado\"><\/a><\/div>\n<figure class=\"wp-block-image size-full\"><img loading=\"lazy\" decoding=\"async\" width=\"819\" height=\"552\" src=\"http:\/\/vertienteglobal.com\/wp-content\/uploads\/2026\/01\/1000938328.jpg\" alt=\"\" class=\"wp-image-251986\" srcset=\"http:\/\/vertienteglobal.com\/wp-content\/uploads\/2026\/01\/1000938328.jpg 819w, http:\/\/vertienteglobal.com\/wp-content\/uploads\/2026\/01\/1000938328-300x202.jpg 300w, http:\/\/vertienteglobal.com\/wp-content\/uploads\/2026\/01\/1000938328-150x101.jpg 150w, http:\/\/vertienteglobal.com\/wp-content\/uploads\/2026\/01\/1000938328-768x518.jpg 768w\" sizes=\"auto, (max-width: 819px) 100vw, 819px\" \/><\/figure>\n\n\n\n<p>(Redacci\u00f3n)<\/p>\n\n\n\n<p>Sus Majestades los Reyes inauguraron la 46\u00aa edici\u00f3n de la Feria Internacional del Turismo (FITUR), el principal punto de encuentro global para los profesionales del sector tur\u00edstico y la feria de referencia para los mercados receptivos y emisores de Iberoam\u00e9rica, que en esta edici\u00f3n cont\u00f3 con M\u00e9xico como pa\u00eds invitado<\/p>\n\n\n\n<p>Madrid Espa\u00f1a 22 de enero de 2026.-La inauguraci\u00f3n de FITUR 2026 estuvo marcada por el luto oficial decretado tras el accidente ferroviario ocurrido el pasado domingo en Adamuz (C\u00f3rdoba), circunstancia que condicion\u00f3 el desarrollo del acto, que se celebr\u00f3 de forma m\u00e1s contenida y que tuvo lugar excepcionalmente el segundo d\u00eda de feria.<\/p>\n\n\n\n<p>Don Felipe y Do\u00f1a Letizia realizaron una visita a FITUR, certamen que se desarrolla durante cinco jornadas y que re\u00fane en un mismo espacio a profesionales del turismo, representantes institucionales, empresas del sector y p\u00fablico general interesado en conocer las \u00faltimas tendencias y destinos tur\u00edsticos. La edici\u00f3n de 2026 volvi\u00f3 a consolidar a FITUR como la feria m\u00e1s influyente del sector a nivel internacional.<\/p>\n\n\n\n<p>A su llegada al Pabell\u00f3n 10, Sus Majestades los Reyes fueron recibidos por el vicepresidente ejecutivo de IFEMA Madrid, Daniel Mart\u00ednez. En el interior del pabell\u00f3n saludaron a la presidenta de la Comunidad de Madrid, Isabel D\u00edaz Ayuso; al ministro de Industria y Turismo, Jordi Hereu; a la secretaria de Turismo de los Estados Unidos Mexicanos, Josefina Rodr\u00edguez Zamora; al presidente de la Xunta de Galicia, Alfonso Rueda; al presidente de la Comunidad Aut\u00f3noma de La Rioja, Gonzalo Capell\u00e1n; al presidente de la Regi\u00f3n de Murcia, Fernando L\u00f3pez Miras; al presidente de Canarias, Fernando Clavijo; a la presidenta de la Comunidad Foral de Navarra, Mar\u00eda Victoria Chivite; a la presidenta en funciones de la Junta de Extremadura, Mar\u00eda Guardiola; a la presidenta de las Illes Balears, Margalida Prohens; y al presidente de la Ciudad de Melilla, Juan Jos\u00e9 Imbroda.<\/p>\n\n\n\n<p>Asimismo, recibieron el saludo de la secretaria general de Turismo de la Organizaci\u00f3n de las Naciones Unidas, Shaikha Al Nowais; del presidente de la Asamblea de Madrid, Enrique Ossorio; del delegado del Gobierno en la Comunidad de Madrid, Francisco Mart\u00edn; del alcalde de Madrid, Jos\u00e9 Luis Mart\u00ednez-Almeida; de la secretaria de Estado de Turismo, Rosario S\u00e1nchez; del presidente de la C\u00e1mara de Comercio de Madrid y vicepresidente de la junta rectora de IFEMA Madrid, \u00c1ngel Asensio; del presidente del Comit\u00e9 Organizador de FITUR y presidente ejecutivo de Iberia, Marco Sansavini; del presidente de la Fundaci\u00f3n Montemadrid, Jes\u00fas N\u00fa\u00f1ez; de la consejera delegada del World Travel &amp; Tourism Council, Gloria Guevara; de la directora general de Negocio Ferial y Congresos de IFEMA Madrid, Arancha Priede; y de la directora de FITUR, Mar\u00eda Valcarce.<\/p>\n\n\n\n<p>Durante su recorrido por el Pabell\u00f3n 10, Sus Majestades los Reyes visitaron los espacios de Globales Hoteles, donde fueron recibidos por la consejera delegada, Susana Carrillo, y por el adjunto a la direcci\u00f3n general, Stratos Diamantopoulos; e Iberostar World2Meet, con motivo de su 70\u00ba aniversario, donde saludaron a la vicepresidenta y consejera delegada, Sabina Flux\u00e1; al consejero delegado de Iberostar Hotels &amp; Resorts, Phil Aveety; y al consejero delegado de World2Meet, Gabriel Sub\u00edas. Posteriormente, mantuvieron un saludo con los miembros del Comit\u00e9 Organizador de FITUR y los \u00f3rganos rectores de IFEMA Madrid.<\/p>\n\n\n\n<p>La visita continu\u00f3 en los espacios de Meli\u00e1, tambi\u00e9n en su 70\u00ba aniversario, donde fueron recibidos por el presidente y consejero delegado, Gabriel Escarrer, junto a su equipo directivo; Iberia, como transportista oficial y presidencia del Comit\u00e9 Organizador; y F\u00f3rmula 1, con representaci\u00f3n de su direcci\u00f3n general, adjunta y de comunicaci\u00f3n.<\/p>\n\n\n\n<p>En el Pabell\u00f3n 9, Don Felipe y Do\u00f1a Letizia visitaron el stand de Turespa\u00f1a, donde fueron recibidos por la secretaria de Estado de Turismo y el director general del organismo, Miguel \u00c1ngel Sanz, y saludaron a los consejeros de Turismo de las Comunidades Aut\u00f3nomas asistentes. Posteriormente, recorrieron los espacios de la Comunidad y el Ayuntamiento de Madrid; Canarias; Pa\u00eds Vasco; y Navarra, con la presencia de responsables auton\u00f3micos, insulares y municipales del \u00e1mbito tur\u00edstico.<\/p>\n\n\n\n<p>En el Pabell\u00f3n 7, visitaron el stand de Extremadura, donde fueron recibidos por la presidenta en funciones de la Junta de Extremadura y por responsables de la consejer\u00eda y de la direcci\u00f3n general de Turismo, y fueron saludados por el secretario general Iberoamericano, Andr\u00e9s Allamand, y mantuvieron un encuentro con ministros y viceministros de Turismo internacionales, con quienes se realiz\u00f3 una fotograf\u00eda de grupo. Posteriormente, recibieron el saludo de la gobernadora del Estado Libre Asociado de Puerto Rico, Jenniffer Gonz\u00e1lez Col\u00f3n, y del alcalde de San Juan de Puerto Rico, Miguel Romero.<\/p>\n\n\n\n<p>En el Pabell\u00f3n 12, Sus Majestades los Reyes, dedicado al conocimiento y la innovaci\u00f3n, visitaron los espacios de FITUR Know How, Travelgate y Amadeus, donde conocieron proyectos vinculados a la transformaci\u00f3n digital, la sostenibilidad y las nuevas tecnolog\u00edas aplicadas al turismo.<\/p>\n\n\n\n<p>El recorrido continu\u00f3 en el Pabell\u00f3n 4 con la visita a los stands de Italia y Portugal, con representaci\u00f3n institucional y diplom\u00e1tica de ambos pa\u00edses. Seguidamente en el Pabell\u00f3n 3 en el espacio de M\u00e9xico, pa\u00eds invitado de FITUR 2026. All\u00ed, Don Felipe y Do\u00f1a Letizia fueron recibidos por la secretaria de Turismo de los Estados Unidos Mexicanos, el embajador de M\u00e9xico en Espa\u00f1a y una amplia representaci\u00f3n institucional federal, estatal y de pueblos originarios.<\/p>\n\n\n\n<p>M\u00e9xico cuenta con un espacio innovador, inmersivo e interactivo donde presentan sus regiones tur\u00edsticas, los Pueblos M\u00e1gicos y una oferta diversificada que va desde destinos consolidados -como sus 35 sitios inscritos en la Lista del Patrimonio Mundial de la UNESCO o celebraciones emblem\u00e1ticas como el D\u00eda de Muertos y el Carnaval de Veracruz- hasta joyas por descubrir.<\/p>\n\n\n\n<p>Posteriormente, tras visitar el expositor de M\u00e9xico, Sus Majestades los Reyes acudieron al stand de Andaluc\u00eda, donde firmaron en el libro de condolencias con motivo del accidente ferroviario ocurrido el pasado domingo en Adamuz (C\u00f3rdoba), en el que dejaron el siguiente mensaje:<\/p>\n\n\n\n<p>\u00abAl visitar el pabell\u00f3n de Andaluc\u00eda de la 46\u00aa edici\u00f3n de FITUR queremos dejar testimonio, en el libro de firmas, de nuestro dolor compartido con todos los espa\u00f1oles y visitantes a la feria ante la tragedia ferroviaria ocurrida en Adamuz, C\u00f3rdoba. Con todo nuestro afecto\u00bb.<\/p>\n\n\n\n<p>\u200bLa 46\u00aa edici\u00f3n de FITUR cont\u00f3 con la participaci\u00f3n de 10.000 empresas de 161 pa\u00edses, 111 de ellos con representaci\u00f3n oficial, y 967 expositores titulares distribuidos en nueve pabellones. M\u00e9xico dispuso de un espacio innovador, inmersivo e interactivo desde el que present\u00f3 su riqueza cultural, natural y gastron\u00f3mica, as\u00ed como destinos consolidados y emergentes, reforzando su posicionamiento como potencia tur\u00edstica global.<\/p>\n\n\n\n<p>Entre las principales novedades de esta edici\u00f3n destac\u00f3 el Pabell\u00f3n del Conocimiento, que reuni\u00f3 a m\u00e1s de 190 empresas y acogi\u00f3 m\u00e1s de 200 sesiones centradas en innovaci\u00f3n, formaci\u00f3n y tendencias del sector, as\u00ed como FITUR Experience y la celebraci\u00f3n de la I Cumbre Internacional de Comunicaci\u00f3n y Turismo. La feria volvi\u00f3 a consolidarse como una plataforma estrat\u00e9gica de apoyo a la industria tur\u00edstica, de impulso econ\u00f3mico y de proyecci\u00f3n internacional.<\/p>\n\n\n\n<p>Se incorporan 18 pa\u00edses a FITUR 2026, procedentes sobre todo de \u00c1frica y Asia-Pac\u00edfico.<\/p>\n\n\n\n<figure class=\"wp-block-image size-full\"><img loading=\"lazy\" decoding=\"async\" width=\"819\" height=\"566\" src=\"http:\/\/vertienteglobal.com\/wp-content\/uploads\/2026\/01\/1000938329.jpg\" alt=\"\" class=\"wp-image-251987\" srcset=\"http:\/\/vertienteglobal.com\/wp-content\/uploads\/2026\/01\/1000938329.jpg 819w, http:\/\/vertienteglobal.com\/wp-content\/uploads\/2026\/01\/1000938329-300x207.jpg 300w, http:\/\/vertienteglobal.com\/wp-content\/uploads\/2026\/01\/1000938329-150x104.jpg 150w, http:\/\/vertienteglobal.com\/wp-content\/uploads\/2026\/01\/1000938329-768x531.jpg 768w\" sizes=\"auto, (max-width: 819px) 100vw, 819px\" \/><\/figure>\n\n\n\n<figure class=\"wp-block-image size-full\"><img loading=\"lazy\" decoding=\"async\" width=\"819\" height=\"546\" src=\"http:\/\/vertienteglobal.com\/wp-content\/uploads\/2026\/01\/1000938331.jpg\" alt=\"\" class=\"wp-image-251988\" srcset=\"http:\/\/vertienteglobal.com\/wp-content\/uploads\/2026\/01\/1000938331.jpg 819w, http:\/\/vertienteglobal.com\/wp-content\/uploads\/2026\/01\/1000938331-300x200.jpg 300w, http:\/\/vertienteglobal.com\/wp-content\/uploads\/2026\/01\/1000938331-150x100.jpg 150w, http:\/\/vertienteglobal.com\/wp-content\/uploads\/2026\/01\/1000938331-768x512.jpg 768w\" sizes=\"auto, (max-width: 819px) 100vw, 819px\" \/><\/figure>\n\n\n\n<figure class=\"wp-block-image size-full\"><img loading=\"lazy\" decoding=\"async\" width=\"819\" height=\"546\" src=\"http:\/\/vertienteglobal.com\/wp-content\/uploads\/2026\/01\/1000938332.jpg\" alt=\"\" class=\"wp-image-251989\" srcset=\"http:\/\/vertienteglobal.com\/wp-content\/uploads\/2026\/01\/1000938332.jpg 819w, http:\/\/vertienteglobal.com\/wp-content\/uploads\/2026\/01\/1000938332-300x200.jpg 300w, http:\/\/vertienteglobal.com\/wp-content\/uploads\/2026\/01\/1000938332-150x100.jpg 150w, http:\/\/vertienteglobal.com\/wp-content\/uploads\/2026\/01\/1000938332-768x512.jpg 768w\" sizes=\"auto, (max-width: 819px) 100vw, 819px\" \/><\/figure>\n\n\n\n<figure class=\"wp-block-image size-full\"><img loading=\"lazy\" decoding=\"async\" width=\"819\" height=\"546\" src=\"http:\/\/vertienteglobal.com\/wp-content\/uploads\/2026\/01\/1000938333.jpg\" alt=\"\" class=\"wp-image-251990\" srcset=\"http:\/\/vertienteglobal.com\/wp-content\/uploads\/2026\/01\/1000938333.jpg 819w, http:\/\/vertienteglobal.com\/wp-content\/uploads\/2026\/01\/1000938333-300x200.jpg 300w, http:\/\/vertienteglobal.com\/wp-content\/uploads\/2026\/01\/1000938333-150x100.jpg 150w, http:\/\/vertienteglobal.com\/wp-content\/uploads\/2026\/01\/1000938333-768x512.jpg 768w\" sizes=\"auto, (max-width: 819px) 100vw, 819px\" \/><\/figure>\n\n\n\n<figure class=\"wp-block-image size-full\"><img loading=\"lazy\" decoding=\"async\" width=\"819\" height=\"546\" src=\"http:\/\/vertienteglobal.com\/wp-content\/uploads\/2026\/01\/1000938330.jpg\" alt=\"\" class=\"wp-image-251991\" srcset=\"http:\/\/vertienteglobal.com\/wp-content\/uploads\/2026\/01\/1000938330.jpg 819w, http:\/\/vertienteglobal.com\/wp-content\/uploads\/2026\/01\/1000938330-300x200.jpg 300w, http:\/\/vertienteglobal.com\/wp-content\/uploads\/2026\/01\/1000938330-150x100.jpg 150w, http:\/\/vertienteglobal.com\/wp-content\/uploads\/2026\/01\/1000938330-768x512.jpg 768w\" sizes=\"auto, (max-width: 819px) 100vw, 819px\" \/><\/figure>\n","protected":false},"excerpt":{"rendered":"<p>(Redacci\u00f3n) Sus Majestades los Reyes inauguraron la 46\u00aa edici\u00f3n de la Feria Internacional del Turismo (FITUR), el principal punto de encuentro global para los profesionales del sector tur\u00edstico y la feria de referencia para los mercados receptivos y emisores de Iberoam\u00e9rica, que en esta edici\u00f3n cont\u00f3 con M\u00e9xico como pa\u00eds invitado Madrid Espa\u00f1a 22 de [&hellip;]<\/p>\n","protected":false},"author":6,"featured_media":251986,"comment_status":"open","ping_status":"open","sticky":false,"template":"","format":"standard","meta":{"footnotes":""},"categories":[8],"tags":[],"class_list":["post-251985","post","type-post","status-publish","format-standard","has-post-thumbnail","hentry","category-pais","entry","has-media"],"jetpack_featured_media_url":"http:\/\/vertienteglobal.com\/wp-content\/uploads\/2026\/01\/1000938328.jpg","_links":{"self":[{"href":"http:\/\/vertienteglobal.com\/index.php?rest_route=\/wp\/v2\/posts\/251985","targetHints":{"allow":["GET"]}}],"collection":[{"href":"http:\/\/vertienteglobal.com\/index.php?rest_route=\/wp\/v2\/posts"}],"about":[{"href":"http:\/\/vertienteglobal.com\/index.php?rest_route=\/wp\/v2\/types\/post"}],"author":[{"embeddable":true,"href":"http:\/\/vertienteglobal.com\/index.php?rest_route=\/wp\/v2\/users\/6"}],"replies":[{"embeddable":true,"href":"http:\/\/vertienteglobal.com\/index.php?rest_route=%2Fwp%2Fv2%2Fcomments&post=251985"}],"version-history":[{"count":1,"href":"http:\/\/vertienteglobal.com\/index.php?rest_route=\/wp\/v2\/posts\/251985\/revisions"}],"predecessor-version":[{"id":251992,"href":"http:\/\/vertienteglobal.com\/index.php?rest_route=\/wp\/v2\/posts\/251985\/revisions\/251992"}],"wp:featuredmedia":[{"embeddable":true,"href":"http:\/\/vertienteglobal.com\/index.php?rest_route=\/wp\/v2\/media\/251986"}],"wp:attachment":[{"href":"http:\/\/vertienteglobal.com\/index.php?rest_route=%2Fwp%2Fv2%2Fmedia&parent=251985"}],"wp:term":[{"taxonomy":"category","embeddable":true,"href":"http:\/\/vertienteglobal.com\/index.php?rest_route=%2Fwp%2Fv2%2Fcategories&post=251985"},{"taxonomy":"post_tag","embeddable":true,"href":"http:\/\/vertienteglobal.com\/index.php?rest_route=%2Fwp%2Fv2%2Ftags&post=251985"}],"curies":[{"name":"wp","href":"https:\/\/api.w.org\/{rel}","templated":true}]}}