{"id":251956,"date":"2026-01-18T20:39:00","date_gmt":"2026-01-19T02:39:00","guid":{"rendered":"http:\/\/vertienteglobal.com\/?p=251956"},"modified":"2026-01-19T07:42:09","modified_gmt":"2026-01-19T13:42:09","slug":"avion-hercules-de-eu-llego-a-aeropuerto-de-toluca-por-actividades-de-capacitacion-gabinete-de-seguridad","status":"publish","type":"post","link":"http:\/\/vertienteglobal.com\/?p=251956","title":{"rendered":"Avi\u00f3n &#8216;H\u00e9rcules&#8217; de EU lleg\u00f3 a aeropuerto de Toluca por actividades de capacitaci\u00f3n: Gabinete de Seguridad"},"content":{"rendered":"\n<div class=\"twitterbutton\" style=\"float: right; padding-left: 5px;\"><a href=\"http:\/\/twitter.com\/share\" class=\"twitter-share-button\" data-count=\"horizontal\" data-text=\"Avi\u00f3n &#8216;H\u00e9rcules&#8217; de EU lleg\u00f3 a aeropuerto de Toluca por actividad...\" data-via=\"https:\/\/twitter.com\/VertienteGloba1\" data-url=\"http:\/\/vertienteglobal.com\/?p=251956\" data-lang=\"es\" data-related=\"Informaci\u00f3n general:S\u00edguenos para que est\u00e9ss informado\"><\/a><\/div>\n<figure class=\"wp-block-image size-full\"><img loading=\"lazy\" decoding=\"async\" width=\"614\" height=\"300\" src=\"http:\/\/vertienteglobal.com\/wp-content\/uploads\/2026\/01\/1000924428.jpg\" alt=\"\" class=\"wp-image-251957\" srcset=\"http:\/\/vertienteglobal.com\/wp-content\/uploads\/2026\/01\/1000924428.jpg 614w, http:\/\/vertienteglobal.com\/wp-content\/uploads\/2026\/01\/1000924428-300x147.jpg 300w, http:\/\/vertienteglobal.com\/wp-content\/uploads\/2026\/01\/1000924428-150x73.jpg 150w\" sizes=\"auto, (max-width: 614px) 100vw, 614px\" \/><\/figure>\n\n\n\n<p>(Redacci\u00f3n)<\/p>\n\n\n\n<p>Luego de usuarios de redes sociales compartieran im\u00e1genes de una aeronave militar de Estados Unidos en el Aeropuerto Internacional de Toluca, el Gabinete de Seguridad infirm\u00f3 que su presencia est\u00e1 relacionada con \u201cactividades de capacitaci\u00f3n\u201d.<\/p>\n\n\n\n<p>A trav\u00e9s de las redes sociales del Gabinete, las autoridades federales escribieron: \u00abRespecto a las im\u00e1genes que circulan en redes sociales sobre el reporte de un avi\u00f3n H\u00e9rcules C-130 en el Aeropuerto de Toluca, informamos que su presencia obedece a un vuelo autorizado por autoridades mexicanas, relacionado con actividades de capacitaci\u00f3n\u00bb.<\/p>\n\n\n\n<p>\u00abEstas operaciones se realizan conforme a los protocolos establecidos y en apego a los acuerdos de colaboraci\u00f3n bilateral\u00bb, agrega el breve texto que no brinda mayores detalles.<\/p>\n\n\n\n<p>El H\u00e9rcules C-130 es una aeronave de transporte militar multifunci\u00f3n, robusto y vers\u00e1til de cuatro turboh\u00e9lices, famoso por su capacidad para operar desde pistas no preparadas y realizar misiones de transporte de tropas, carga, evacuaci\u00f3n m\u00e9dica y lanzamiento de paracaidistas, siendo un \u00abcaballo de batalla\u00bb en numerosas fuerzas a\u00e9reas a nivel mundial desde hace d\u00e9cadas.<\/p>\n\n\n\n<p>Cabe mencionar que este es considerado viejo, pues ya existe la versi\u00f3n C-130J, llamado Super H\u00e9rcules, m\u00e1s moderno y en producci\u00f3n continua, esencial para log\u00edstica y misiones humanitarias y de combate.<\/p>\n\n\n\n<figure class=\"wp-block-embed is-type-rich is-provider-twitter wp-block-embed-twitter\"><div class=\"wp-block-embed__wrapper\">\n<div class=\"oceanwp-oembed-wrap clr\"><div class=\"embed-twitter\"><blockquote class=\"twitter-tweet\" data-width=\"550\" data-dnt=\"true\"><p lang=\"es\" dir=\"ltr\">Respecto a las im\u00e1genes que circulan en redes sociales sobre el reporte de un avi\u00f3n H\u00e9rcules C-130 en el Aeropuerto de Toluca, informamos que su presencia obedece a un vuelo autorizado por autoridades mexicanas, relacionado con actividades de capacitaci\u00f3n.<br><br>Estas operaciones se\u2026<\/p>&mdash; Gabinete de Seguridad de M\u00e9xico (@GabSeguridadMX) <a href=\"https:\/\/twitter.com\/GabSeguridadMX\/status\/2013074688113549636?ref_src=twsrc%5Etfw\">January 19, 2026<\/a><\/blockquote><script async src=\"https:\/\/platform.twitter.com\/widgets.js\" charset=\"utf-8\"><\/script><\/div><\/div>\n<\/div><\/figure>\n","protected":false},"excerpt":{"rendered":"<p>(Redacci\u00f3n) Luego de usuarios de redes sociales compartieran im\u00e1genes de una aeronave militar de Estados Unidos en el Aeropuerto Internacional de Toluca, el Gabinete de Seguridad infirm\u00f3 que su presencia est\u00e1 relacionada con \u201cactividades de capacitaci\u00f3n\u201d. A trav\u00e9s de las redes sociales del Gabinete, las autoridades federales escribieron: \u00abRespecto a las im\u00e1genes que circulan en [&hellip;]<\/p>\n","protected":false},"author":6,"featured_media":251957,"comment_status":"open","ping_status":"open","sticky":false,"template":"","format":"standard","meta":{"footnotes":""},"categories":[8],"tags":[],"class_list":["post-251956","post","type-post","status-publish","format-standard","has-post-thumbnail","hentry","category-pais","entry","has-media"],"jetpack_featured_media_url":"http:\/\/vertienteglobal.com\/wp-content\/uploads\/2026\/01\/1000924428.jpg","_links":{"self":[{"href":"http:\/\/vertienteglobal.com\/index.php?rest_route=\/wp\/v2\/posts\/251956","targetHints":{"allow":["GET"]}}],"collection":[{"href":"http:\/\/vertienteglobal.com\/index.php?rest_route=\/wp\/v2\/posts"}],"about":[{"href":"http:\/\/vertienteglobal.com\/index.php?rest_route=\/wp\/v2\/types\/post"}],"author":[{"embeddable":true,"href":"http:\/\/vertienteglobal.com\/index.php?rest_route=\/wp\/v2\/users\/6"}],"replies":[{"embeddable":true,"href":"http:\/\/vertienteglobal.com\/index.php?rest_route=%2Fwp%2Fv2%2Fcomments&post=251956"}],"version-history":[{"count":1,"href":"http:\/\/vertienteglobal.com\/index.php?rest_route=\/wp\/v2\/posts\/251956\/revisions"}],"predecessor-version":[{"id":251958,"href":"http:\/\/vertienteglobal.com\/index.php?rest_route=\/wp\/v2\/posts\/251956\/revisions\/251958"}],"wp:featuredmedia":[{"embeddable":true,"href":"http:\/\/vertienteglobal.com\/index.php?rest_route=\/wp\/v2\/media\/251957"}],"wp:attachment":[{"href":"http:\/\/vertienteglobal.com\/index.php?rest_route=%2Fwp%2Fv2%2Fmedia&parent=251956"}],"wp:term":[{"taxonomy":"category","embeddable":true,"href":"http:\/\/vertienteglobal.com\/index.php?rest_route=%2Fwp%2Fv2%2Fcategories&post=251956"},{"taxonomy":"post_tag","embeddable":true,"href":"http:\/\/vertienteglobal.com\/index.php?rest_route=%2Fwp%2Fv2%2Ftags&post=251956"}],"curies":[{"name":"wp","href":"https:\/\/api.w.org\/{rel}","templated":true}]}}