{"id":251889,"date":"2026-01-09T07:24:00","date_gmt":"2026-01-09T13:24:00","guid":{"rendered":"http:\/\/vertienteglobal.com\/?p=251889"},"modified":"2026-01-18T07:29:58","modified_gmt":"2026-01-18T13:29:58","slug":"jorge-sanen-impulsa-la-educacion-basica-del-pueblo-de-cancun-desde-la-casa-de-la-justicia-social","status":"publish","type":"post","link":"http:\/\/vertienteglobal.com\/?p=251889","title":{"rendered":"Jorge San\u00e9n impulsa la educaci\u00f3n b\u00e1sica del Pueblo de Canc\u00fan desde la Casa de la Justicia Social"},"content":{"rendered":"\n<div class=\"twitterbutton\" style=\"float: right; padding-left: 5px;\"><a href=\"http:\/\/twitter.com\/share\" class=\"twitter-share-button\" data-count=\"horizontal\" data-text=\"Jorge San\u00e9n impulsa la educaci\u00f3n b\u00e1sica del Pueblo de Canc\u00fan desde la Casa d...\" data-via=\"https:\/\/twitter.com\/VertienteGloba1\" data-url=\"http:\/\/vertienteglobal.com\/?p=251889\" data-lang=\"es\" data-related=\"Informaci\u00f3n general:S\u00edguenos para que est\u00e9ss informado\"><\/a><\/div>\n<figure class=\"wp-block-image size-full\"><img loading=\"lazy\" decoding=\"async\" width=\"640\" height=\"480\" src=\"http:\/\/vertienteglobal.com\/wp-content\/uploads\/2026\/01\/1000922020.jpg\" alt=\"\" class=\"wp-image-251890\" srcset=\"http:\/\/vertienteglobal.com\/wp-content\/uploads\/2026\/01\/1000922020.jpg 640w, http:\/\/vertienteglobal.com\/wp-content\/uploads\/2026\/01\/1000922020-300x225.jpg 300w, http:\/\/vertienteglobal.com\/wp-content\/uploads\/2026\/01\/1000922020-150x113.jpg 150w\" sizes=\"auto, (max-width: 640px) 100vw, 640px\" \/><\/figure>\n\n\n\n<p>(Redacci\u00f3n)<\/p>\n\n\n\n<p>Jorge San\u00e9n se\u00f1al\u00f3 que este esfuerzo representa el esp\u00edritu de la Cuarta Transformaci\u00f3n: un gobierno y un movimiento que no esperan a que la gente vaya a las instituciones<\/p>\n\n\n\n<p>Canc\u00fan, Quintana Roo, a  09 de enero  de 2026.-Con el firme compromiso de acercar derechos y oportunidades a quienes m\u00e1s lo necesitan, Jorge San\u00e9n, Diputado de la Transformaci\u00f3n, firm\u00f3 un convenio de colaboraci\u00f3n con el Instituto Estatal para la Educaci\u00f3n de J\u00f3venes y Adultos de Quintana Roo (IEEJA), marcando un paso hist\u00f3rico en la Casa de la Justicia Social en Canc\u00fan.<\/p>\n\n\n\n<p>Como resultado de este acuerdo, se dar\u00e1 inicio a las clases de regularizaci\u00f3n de primaria y secundaria para j\u00f3venes y personas adultas, dirigidas a cancunenses de 15 a\u00f1os o m\u00e1s que, por diversas circunstancias, no lograron concluir sus estudios de educaci\u00f3n b\u00e1sica y hoy decidieron retomar su camino educativo.<\/p>\n\n\n\n<p>Durante el arranque de actividades, Jorge San\u00e9n destac\u00f3 que la educaci\u00f3n es un derecho fundamental y una herramienta clave para la justicia social, subrayando que la Casa de la Justicia Social naci\u00f3 precisamente para convertirse en un espacio de oportunidades reales, donde el pueblo encuentre acompa\u00f1amiento, formaci\u00f3n y respaldo institucional.<\/p>\n\n\n\n<p>El objeto del convenio establece que, desde este espacio comunitario, se brindar\u00e1n servicios de alfabetizaci\u00f3n y educaci\u00f3n b\u00e1sica a trav\u00e9s del IEEJA Quintana Roo, garantizando un proceso educativo formal y de calidad. Una vez concluido el plan de estudios correspondiente, las y los participantes recibir\u00e1n sus certificados oficiales de primaria o secundaria.<\/p>\n\n\n\n<p>Jorge San\u00e9n se\u00f1al\u00f3 que este esfuerzo representa el esp\u00edritu de la Cuarta Transformaci\u00f3n: un gobierno y un movimiento que no esperan a que la gente vaya a las instituciones, sino que acercan los servicios al territorio, acompa\u00f1ando a las personas en la construcci\u00f3n de un futuro con mayores oportunidades.<\/p>\n\n\n\n<p>Finalmente, reiter\u00f3 que la Casa de la Justicia Social seguir\u00e1 siendo un punto de encuentro para impulsar el bienestar, fortalecer derechos y generar condiciones de igualdad para las familias de Canc\u00fan. \u201cAs\u00ed avanza la transformaci\u00f3n: con educaci\u00f3n, con justicia social y con el pueblo al centro\u201d, afirm\u00f3.<\/p>\n\n\n\n<p>Con esta acci\u00f3n, el Diputado de la Transformaci\u00f3n refrenda su compromiso de seguir trabajando desde el territorio para que nadie se quede atr\u00e1s y para que el acceso a la educaci\u00f3n sea una realidad para todas y todos.<\/p>\n\n\n\n<figure class=\"wp-block-image size-full\"><img loading=\"lazy\" decoding=\"async\" width=\"538\" height=\"471\" src=\"http:\/\/vertienteglobal.com\/wp-content\/uploads\/2026\/01\/1000922021.jpg\" alt=\"\" class=\"wp-image-251891\" srcset=\"http:\/\/vertienteglobal.com\/wp-content\/uploads\/2026\/01\/1000922021.jpg 538w, http:\/\/vertienteglobal.com\/wp-content\/uploads\/2026\/01\/1000922021-300x263.jpg 300w, http:\/\/vertienteglobal.com\/wp-content\/uploads\/2026\/01\/1000922021-150x131.jpg 150w\" sizes=\"auto, (max-width: 538px) 100vw, 538px\" \/><\/figure>\n\n\n\n<figure class=\"wp-block-image size-full\"><img loading=\"lazy\" decoding=\"async\" width=\"640\" height=\"480\" src=\"http:\/\/vertienteglobal.com\/wp-content\/uploads\/2026\/01\/1000922022.jpg\" alt=\"\" class=\"wp-image-251892\" srcset=\"http:\/\/vertienteglobal.com\/wp-content\/uploads\/2026\/01\/1000922022.jpg 640w, http:\/\/vertienteglobal.com\/wp-content\/uploads\/2026\/01\/1000922022-300x225.jpg 300w, http:\/\/vertienteglobal.com\/wp-content\/uploads\/2026\/01\/1000922022-150x113.jpg 150w\" sizes=\"auto, (max-width: 640px) 100vw, 640px\" \/><\/figure>\n","protected":false},"excerpt":{"rendered":"<p>(Redacci\u00f3n) Jorge San\u00e9n se\u00f1al\u00f3 que este esfuerzo representa el esp\u00edritu de la Cuarta Transformaci\u00f3n: un gobierno y un movimiento que no esperan a que la gente vaya a las instituciones Canc\u00fan, Quintana Roo, a 09 de enero de 2026.-Con el firme compromiso de acercar derechos y oportunidades a quienes m\u00e1s lo necesitan, Jorge San\u00e9n, Diputado [&hellip;]<\/p>\n","protected":false},"author":6,"featured_media":251890,"comment_status":"open","ping_status":"open","sticky":false,"template":"","format":"standard","meta":{"footnotes":""},"categories":[3],"tags":[],"class_list":["post-251889","post","type-post","status-publish","format-standard","has-post-thumbnail","hentry","category-quintana-roo","entry","has-media"],"jetpack_featured_media_url":"http:\/\/vertienteglobal.com\/wp-content\/uploads\/2026\/01\/1000922020.jpg","_links":{"self":[{"href":"http:\/\/vertienteglobal.com\/index.php?rest_route=\/wp\/v2\/posts\/251889","targetHints":{"allow":["GET"]}}],"collection":[{"href":"http:\/\/vertienteglobal.com\/index.php?rest_route=\/wp\/v2\/posts"}],"about":[{"href":"http:\/\/vertienteglobal.com\/index.php?rest_route=\/wp\/v2\/types\/post"}],"author":[{"embeddable":true,"href":"http:\/\/vertienteglobal.com\/index.php?rest_route=\/wp\/v2\/users\/6"}],"replies":[{"embeddable":true,"href":"http:\/\/vertienteglobal.com\/index.php?rest_route=%2Fwp%2Fv2%2Fcomments&post=251889"}],"version-history":[{"count":1,"href":"http:\/\/vertienteglobal.com\/index.php?rest_route=\/wp\/v2\/posts\/251889\/revisions"}],"predecessor-version":[{"id":251893,"href":"http:\/\/vertienteglobal.com\/index.php?rest_route=\/wp\/v2\/posts\/251889\/revisions\/251893"}],"wp:featuredmedia":[{"embeddable":true,"href":"http:\/\/vertienteglobal.com\/index.php?rest_route=\/wp\/v2\/media\/251890"}],"wp:attachment":[{"href":"http:\/\/vertienteglobal.com\/index.php?rest_route=%2Fwp%2Fv2%2Fmedia&parent=251889"}],"wp:term":[{"taxonomy":"category","embeddable":true,"href":"http:\/\/vertienteglobal.com\/index.php?rest_route=%2Fwp%2Fv2%2Fcategories&post=251889"},{"taxonomy":"post_tag","embeddable":true,"href":"http:\/\/vertienteglobal.com\/index.php?rest_route=%2Fwp%2Fv2%2Ftags&post=251889"}],"curies":[{"name":"wp","href":"https:\/\/api.w.org\/{rel}","templated":true}]}}