{"id":251823,"date":"2026-01-17T10:19:00","date_gmt":"2026-01-17T16:19:00","guid":{"rendered":"http:\/\/vertienteglobal.com\/?p=251823"},"modified":"2026-01-17T11:50:13","modified_gmt":"2026-01-17T17:50:13","slug":"coordinacion-nacional-de-proteccion-civil-emite-recomendaciones","status":"publish","type":"post","link":"http:\/\/vertienteglobal.com\/?p=251823","title":{"rendered":"Coordinaci\u00f3n Nacional de Protecci\u00f3n Civil emite recomendaciones"},"content":{"rendered":"\n<div class=\"twitterbutton\" style=\"float: right; padding-left: 5px;\"><a href=\"http:\/\/twitter.com\/share\" class=\"twitter-share-button\" data-count=\"horizontal\" data-text=\"Coordinaci\u00f3n Nacional de Protecci\u00f3n Civil emite recomendaciones\" data-via=\"https:\/\/twitter.com\/VertienteGloba1\" data-url=\"http:\/\/vertienteglobal.com\/?p=251823\" data-lang=\"es\" data-related=\"Informaci\u00f3n general:S\u00edguenos para que est\u00e9ss informado\"><\/a><\/div>\n<figure class=\"wp-block-image size-full\"><img loading=\"lazy\" decoding=\"async\" width=\"614\" height=\"375\" src=\"http:\/\/vertienteglobal.com\/wp-content\/uploads\/2026\/01\/1000920815.jpg\" alt=\"\" class=\"wp-image-251824\" srcset=\"http:\/\/vertienteglobal.com\/wp-content\/uploads\/2026\/01\/1000920815.jpg 614w, http:\/\/vertienteglobal.com\/wp-content\/uploads\/2026\/01\/1000920815-300x183.jpg 300w, http:\/\/vertienteglobal.com\/wp-content\/uploads\/2026\/01\/1000920815-150x92.jpg 150w\" sizes=\"auto, (max-width: 614px) 100vw, 614px\" \/><\/figure>\n\n\n\n<p>(Redacci\u00f3n)<\/p>\n\n\n\n<p>Informa que mantiene desplegada una estrategia de respuesta coordinada de los tres \u00f3rdenes de gobierno para hacer frente a los efectos del Frente Fr\u00edo No. 29 y exhorta a la poblaci\u00f3n a no bajar la guardia y a reforzar las acciones de autocuidado, priorizando el uso de vestimenta en capas para conservar mejor el calor corporal<\/p>\n\n\n\n<p>Xalapa, Veracruz, 17 de enero de 2026.-La Coordinaci\u00f3n Nacional de Protecci\u00f3n Civil exhort\u00f3 a la poblaci\u00f3n a reforzar las acciones de autocuidado, priorizando el uso de vestimenta en capas para conservar mejor el calor corporal.<\/p>\n\n\n\n<p>Asimismo, recomend\u00f3 vigilar el bienestar de los grupos m\u00e1s vulnerables, como son ni\u00f1as, ni\u00f1os, personas adultas mayores y pacientes con enfermedades cr\u00f3nicas, para que se mantengan en todo momento bien abrigados e hidratados.<\/p>\n\n\n\n<p>Informa que mantiene desplegada una estrategia de respuesta coordinada de los tres \u00f3rdenes de gobierno para hacer frente a los efectos del Frente Fr\u00edo No. 29 y exhorta a la poblaci\u00f3n a no bajar la guardia y a reforzar las acciones de autocuidado, priorizando el uso de vestimenta en capas para conservar mejor el calor corporal.<\/p>\n\n\n\n<p>Asimismo, reitera que es fundamental vigilar el bienestar de los grupos m\u00e1s vulnerables, como ni\u00f1as, ni\u00f1os, personas adultas mayores y pacientes con enfermedades cr\u00f3nicas, para que se mantengan en todo momento bien abrigados e hidratados.<\/p>\n\n\n\n<p>Para quienes habitan en zonas donde se utilizan calentadores de gas, le\u00f1a o braceros, es vital garantizar una ventilaci\u00f3n adecuada en los hogares para evitar intoxicaciones por mon\u00f3xido de carbono y apagarlos totalmente antes de dormir.<\/p>\n\n\n\n<p>En cuanto a la movilidad, se reitera el llamado a los conductores para extremar precauciones en carreteras, debido a que la combinaci\u00f3n de lluvias, bancos de niebla y el posible congelamiento del asfalto, reduce la visibilidad y el control del veh\u00edculo, por lo que es imperativo disminuir la velocidad y encender las luces intermitentes si las condiciones lo requieren.<\/p>\n\n\n\n<p>Tambi\u00e9n sugiere a las personas mantenerse alejadas de estructuras ligeras, endebles, \u00e1rboles o cableado el\u00e9ctrico que pudieran colapsar como consecuencia de las fuertes rachas de viento.<\/p>\n\n\n\n<p>Destaca que de acuerdo con informaci\u00f3n del Servicio Meteorol\u00f3gico Nacional (SMN), este s\u00e1bado y ma\u00f1ana domingo estar\u00e1n marcados por el ingreso de este fen\u00f3meno al pa\u00eds y su interacci\u00f3n con una masa de aire polar. El Frente Fr\u00edo No. 29 provocar\u00e1 un marcado descenso de la temperatura en la mayor parte de la Rep\u00fablica Mexicana, generando un ambiente que ir\u00e1 de muy fr\u00edo a g\u00e9lido.<\/p>\n\n\n\n<p>Informa que este sistema frontal ocasione lluvias de fuertes a intensas, especialmente en los estados de Veracruz, Chiapas y Tabasco, as\u00ed como precipitaciones importantes en el noreste y oriente del pa\u00eds.<\/p>\n\n\n\n<p>De igual forma, existe la probabilidad de ca\u00edda de nieve o aguanieve en las cimas monta\u00f1osas del Pico de Orizaba, Cofre de Perote, Popocat\u00e9petl, Iztacc\u00edhuatl y el Nevado de Toluca.<\/p>\n\n\n\n<p>Adem\u00e1s, destaca el evento de \u201cNorte\u201d con vientos intensos en el litoral del Golfo de M\u00e9xico, condici\u00f3n que se extender\u00e1 hacia el Istmo y Golfo de Tehuantepec, pronosticado a partir de la tarde de este s\u00e1bado 17 de enero.(XEU)<\/p>\n","protected":false},"excerpt":{"rendered":"<p>(Redacci\u00f3n) Informa que mantiene desplegada una estrategia de respuesta coordinada de los tres \u00f3rdenes de gobierno para hacer frente a los efectos del Frente Fr\u00edo No. 29 y exhorta a la poblaci\u00f3n a no bajar la guardia y a reforzar las acciones de autocuidado, priorizando el uso de vestimenta en capas para conservar mejor el [&hellip;]<\/p>\n","protected":false},"author":6,"featured_media":251824,"comment_status":"open","ping_status":"open","sticky":false,"template":"","format":"standard","meta":{"footnotes":""},"categories":[7],"tags":[],"class_list":["post-251823","post","type-post","status-publish","format-standard","has-post-thumbnail","hentry","category-veracruz","entry","has-media"],"jetpack_featured_media_url":"http:\/\/vertienteglobal.com\/wp-content\/uploads\/2026\/01\/1000920815.jpg","_links":{"self":[{"href":"http:\/\/vertienteglobal.com\/index.php?rest_route=\/wp\/v2\/posts\/251823","targetHints":{"allow":["GET"]}}],"collection":[{"href":"http:\/\/vertienteglobal.com\/index.php?rest_route=\/wp\/v2\/posts"}],"about":[{"href":"http:\/\/vertienteglobal.com\/index.php?rest_route=\/wp\/v2\/types\/post"}],"author":[{"embeddable":true,"href":"http:\/\/vertienteglobal.com\/index.php?rest_route=\/wp\/v2\/users\/6"}],"replies":[{"embeddable":true,"href":"http:\/\/vertienteglobal.com\/index.php?rest_route=%2Fwp%2Fv2%2Fcomments&post=251823"}],"version-history":[{"count":1,"href":"http:\/\/vertienteglobal.com\/index.php?rest_route=\/wp\/v2\/posts\/251823\/revisions"}],"predecessor-version":[{"id":251825,"href":"http:\/\/vertienteglobal.com\/index.php?rest_route=\/wp\/v2\/posts\/251823\/revisions\/251825"}],"wp:featuredmedia":[{"embeddable":true,"href":"http:\/\/vertienteglobal.com\/index.php?rest_route=\/wp\/v2\/media\/251824"}],"wp:attachment":[{"href":"http:\/\/vertienteglobal.com\/index.php?rest_route=%2Fwp%2Fv2%2Fmedia&parent=251823"}],"wp:term":[{"taxonomy":"category","embeddable":true,"href":"http:\/\/vertienteglobal.com\/index.php?rest_route=%2Fwp%2Fv2%2Fcategories&post=251823"},{"taxonomy":"post_tag","embeddable":true,"href":"http:\/\/vertienteglobal.com\/index.php?rest_route=%2Fwp%2Fv2%2Ftags&post=251823"}],"curies":[{"name":"wp","href":"https:\/\/api.w.org\/{rel}","templated":true}]}}