{"id":251644,"date":"2026-01-11T20:53:00","date_gmt":"2026-01-12T02:53:00","guid":{"rendered":"http:\/\/vertienteglobal.com\/?p=251644"},"modified":"2026-01-13T11:56:59","modified_gmt":"2026-01-13T17:56:59","slug":"centro-estatal-de-atencion-al-autismo-prioridad-del-gobierno-del-estado-para-2026","status":"publish","type":"post","link":"http:\/\/vertienteglobal.com\/?p=251644","title":{"rendered":"Centro Estatal de Atenci\u00f3n al Autismo, prioridad del Gobierno del Estado para 2026\u00a0"},"content":{"rendered":"\n<div class=\"twitterbutton\" style=\"float: right; padding-left: 5px;\"><a href=\"http:\/\/twitter.com\/share\" class=\"twitter-share-button\" data-count=\"horizontal\" data-text=\"Centro Estatal de Atenci\u00f3n al Autismo, prioridad del Gobierno del Estado para 2...\" data-via=\"https:\/\/twitter.com\/VertienteGloba1\" data-url=\"http:\/\/vertienteglobal.com\/?p=251644\" data-lang=\"es\" data-related=\"Informaci\u00f3n general:S\u00edguenos para que est\u00e9ss informado\"><\/a><\/div>\n<figure class=\"wp-block-image size-full\"><img loading=\"lazy\" decoding=\"async\" width=\"832\" height=\"554\" src=\"http:\/\/vertienteglobal.com\/wp-content\/uploads\/2026\/01\/1000911761.jpg\" alt=\"\" class=\"wp-image-251645\" srcset=\"http:\/\/vertienteglobal.com\/wp-content\/uploads\/2026\/01\/1000911761.jpg 832w, http:\/\/vertienteglobal.com\/wp-content\/uploads\/2026\/01\/1000911761-300x200.jpg 300w, http:\/\/vertienteglobal.com\/wp-content\/uploads\/2026\/01\/1000911761-150x100.jpg 150w, http:\/\/vertienteglobal.com\/wp-content\/uploads\/2026\/01\/1000911761-768x511.jpg 768w\" sizes=\"auto, (max-width: 832px) 100vw, 832px\" \/><\/figure>\n\n\n\n<p>(Redacci\u00f3n)<\/p>\n\n\n\n<p><em>El DIF Yucat\u00e1n fortalecer\u00e1 la atenci\u00f3n integral a ni\u00f1as, ni\u00f1os y adolescentes con esta condici\u00f3n, consolidando al Centro Estatal de Atenci\u00f3n para el Autismo como un eje de la pol\u00edtica social<\/em><\/p>\n\n\n\n<p>M\u00e9rida, Yucat\u00e1n, a 11 de enero de 2026.-El Gobierno del Estado defini\u00f3 como una de sus prioridades para 2026 el fortalecimiento del Centro Estatal de Atenci\u00f3n para el Autismo, un proyecto que forma parte de la visi\u00f3n social del Renacimiento Maya y que ser\u00e1 impulsado de manera directa por el DIF Yucat\u00e1n, con el respaldo del Gobernador Joaqu\u00edn D\u00edaz Mena.<br>\u00a0<br>La Presidenta Honoraria del DIF Yucat\u00e1n, Mtra. Wendy Yamile M\u00e9ndez Naal, afirm\u00f3 que todos los esfuerzos institucionales de este a\u00f1o estar\u00e1n enfocados en consolidar este Centro, reconociendo el trabajo coordinado que se ha realizado con distintas dependencias estatales para hacer realidad un proyecto que responde a una necesidad social prioritaria.<br>\u00a0<br>M\u00e9ndez Naal destac\u00f3 la colaboraci\u00f3n con la Secretar\u00eda de Infraestructura para el Bienestar (SIB) en el desarrollo de los proyectos ejecutivos, as\u00ed como el avance en la planeaci\u00f3n y presupuestaci\u00f3n en coordinaci\u00f3n con el sector educativo.<br>\u00a0<br>\u201cHoy tenemos proyectos claros, presupuestos definidos y la convicci\u00f3n de que lo que parec\u00eda un sue\u00f1o puede convertirse en una realidad. Yucat\u00e1n es un pueblo generoso, solidario, especialmente con quienes m\u00e1s lo necesitan\u201d, expres\u00f3 la Presidenta Honoraria, al enfatizar que la atenci\u00f3n al autismo ser\u00e1 uno de los pilares del trabajo del DIF Yucat\u00e1n en el pr\u00f3ximo a\u00f1o.<br>\u00a0<br>En 2025, el DIF Yucat\u00e1n fortaleci\u00f3 la atenci\u00f3n a personas con autismo a trav\u00e9s de acciones de diagn\u00f3stico, acompa\u00f1amiento terap\u00e9utico, capacitaci\u00f3n y sensibilizaci\u00f3n, sentando las bases para un modelo de atenci\u00f3n m\u00e1s integral, especializado y con mayor alcance territorial.<br>\u00a0<br>Estos avances permitir\u00e1n que el Centro Estatal de Atenci\u00f3n para el Autismo se consolide como un espacio de referencia en el sureste del pa\u00eds.<br>\u00a0<br>El Gobernador Joaqu\u00edn D\u00edaz Mena ha reiterado que el Renacimiento Maya es una visi\u00f3n de gobierno que pone a las personas en el centro de las decisiones p\u00fablicas, priorizando a quienes hist\u00f3ricamente han enfrentado mayores barreras de acceso a servicios especializados.<br>\u00a0<br>En ese sentido, el fortalecimiento del Centro Estatal de Atenci\u00f3n para el Autismo representa un paso firme hacia un Yucat\u00e1n m\u00e1s incluyente, justo y humano.<br>\u00a0<br>De esta manera, el DIF Yucat\u00e1n refrenda su compromiso de seguir trabajando de manera cercana, sensible y coordinada para garantizar el derecho a la atenci\u00f3n, el desarrollo y la inclusi\u00f3n de ni\u00f1as, ni\u00f1os y adolescentes con autismo, construyendo un futuro con m\u00e1s oportunidades para todas y todos.<\/p>\n\n\n\n<p><\/p>\n","protected":false},"excerpt":{"rendered":"<p>(Redacci\u00f3n) El DIF Yucat\u00e1n fortalecer\u00e1 la atenci\u00f3n integral a ni\u00f1as, ni\u00f1os y adolescentes con esta condici\u00f3n, consolidando al Centro Estatal de Atenci\u00f3n para el Autismo como un eje de la pol\u00edtica social M\u00e9rida, Yucat\u00e1n, a 11 de enero de 2026.-El Gobierno del Estado defini\u00f3 como una de sus prioridades para 2026 el fortalecimiento del Centro [&hellip;]<\/p>\n","protected":false},"author":6,"featured_media":251645,"comment_status":"open","ping_status":"open","sticky":false,"template":"","format":"standard","meta":{"footnotes":""},"categories":[2],"tags":[],"class_list":["post-251644","post","type-post","status-publish","format-standard","has-post-thumbnail","hentry","category-yucatan","entry","has-media"],"jetpack_featured_media_url":"http:\/\/vertienteglobal.com\/wp-content\/uploads\/2026\/01\/1000911761.jpg","_links":{"self":[{"href":"http:\/\/vertienteglobal.com\/index.php?rest_route=\/wp\/v2\/posts\/251644","targetHints":{"allow":["GET"]}}],"collection":[{"href":"http:\/\/vertienteglobal.com\/index.php?rest_route=\/wp\/v2\/posts"}],"about":[{"href":"http:\/\/vertienteglobal.com\/index.php?rest_route=\/wp\/v2\/types\/post"}],"author":[{"embeddable":true,"href":"http:\/\/vertienteglobal.com\/index.php?rest_route=\/wp\/v2\/users\/6"}],"replies":[{"embeddable":true,"href":"http:\/\/vertienteglobal.com\/index.php?rest_route=%2Fwp%2Fv2%2Fcomments&post=251644"}],"version-history":[{"count":1,"href":"http:\/\/vertienteglobal.com\/index.php?rest_route=\/wp\/v2\/posts\/251644\/revisions"}],"predecessor-version":[{"id":251646,"href":"http:\/\/vertienteglobal.com\/index.php?rest_route=\/wp\/v2\/posts\/251644\/revisions\/251646"}],"wp:featuredmedia":[{"embeddable":true,"href":"http:\/\/vertienteglobal.com\/index.php?rest_route=\/wp\/v2\/media\/251645"}],"wp:attachment":[{"href":"http:\/\/vertienteglobal.com\/index.php?rest_route=%2Fwp%2Fv2%2Fmedia&parent=251644"}],"wp:term":[{"taxonomy":"category","embeddable":true,"href":"http:\/\/vertienteglobal.com\/index.php?rest_route=%2Fwp%2Fv2%2Fcategories&post=251644"},{"taxonomy":"post_tag","embeddable":true,"href":"http:\/\/vertienteglobal.com\/index.php?rest_route=%2Fwp%2Fv2%2Ftags&post=251644"}],"curies":[{"name":"wp","href":"https:\/\/api.w.org\/{rel}","templated":true}]}}