{"id":251550,"date":"2026-01-11T15:54:00","date_gmt":"2026-01-11T21:54:00","guid":{"rendered":"http:\/\/vertienteglobal.com\/?p=251550"},"modified":"2026-01-12T11:49:34","modified_gmt":"2026-01-12T17:49:34","slug":"por-primera-vez-quintana-roo-tendra-hospital-de-tercer-nivel-se-transformara-la-historia-de-la-salud-en-el-estado-mara-lezama","status":"publish","type":"post","link":"http:\/\/vertienteglobal.com\/?p=251550","title":{"rendered":"Por primera vez Quintana Roo tendr\u00e1 Hospital de Tercer Nivel; se transformar\u00e1 la historia de la salud en el estado: Mara Lezama"},"content":{"rendered":"\n<div class=\"twitterbutton\" style=\"float: right; padding-left: 5px;\"><a href=\"http:\/\/twitter.com\/share\" class=\"twitter-share-button\" data-count=\"horizontal\" data-text=\"Por primera vez Quintana Roo tendr\u00e1 Hospital de Tercer Nivel; se transformar\u00e1 ...\" data-via=\"https:\/\/twitter.com\/VertienteGloba1\" data-url=\"http:\/\/vertienteglobal.com\/?p=251550\" data-lang=\"es\" data-related=\"Informaci\u00f3n general:S\u00edguenos para que est\u00e9ss informado\"><\/a><\/div>\n<figure class=\"wp-block-image size-large\"><img loading=\"lazy\" decoding=\"async\" width=\"1024\" height=\"683\" src=\"http:\/\/vertienteglobal.com\/wp-content\/uploads\/2026\/01\/1000909262-1024x683.jpg\" alt=\"\" class=\"wp-image-251551\" srcset=\"http:\/\/vertienteglobal.com\/wp-content\/uploads\/2026\/01\/1000909262-1024x683.jpg 1024w, http:\/\/vertienteglobal.com\/wp-content\/uploads\/2026\/01\/1000909262-300x200.jpg 300w, http:\/\/vertienteglobal.com\/wp-content\/uploads\/2026\/01\/1000909262-150x100.jpg 150w, http:\/\/vertienteglobal.com\/wp-content\/uploads\/2026\/01\/1000909262-768x512.jpg 768w, http:\/\/vertienteglobal.com\/wp-content\/uploads\/2026\/01\/1000909262.jpg 1280w\" sizes=\"auto, (max-width: 1024px) 100vw, 1024px\" \/><\/figure>\n\n\n\n<p>(Redacci\u00f3n)<\/p>\n\n\n\n<p>Tras las gestiones de la Gobernadora ante la Federaci\u00f3n, anuncia con Alejandro Svarch la creaci\u00f3n de una torre de especialidades m\u00e9dicas de tercer nivel para saldar una deuda hist\u00f3rica de m\u00e1s de medio siglo en materia de la salud<\/p>\n\n\n\n<p>M\u00e1s de 26 m2, 6 niveles, 36 especialidades, m\u00e1s de 190 camas, hemodi\u00e1lisis, atenci\u00f3n por quemaduras<\/p>\n\n\n\n<p>Canc\u00fan, Quintana  Roo, a 11 de enero de 2026.-Como parte del fortalecimiento del sistema de salud en Quintana Roo, la gobernadora Mara Lezama Espinosa y el director general de IMSS-Bienestar, Alejandro Svarch, recorrieron el terreno donde se contemplar\u00e1 la Torre de Especialidades de Canc\u00fan, proyecto considerado clave para ampliar la atenci\u00f3n m\u00e9dica especializada en la entidad.<\/p>\n\n\n\n<p>La obra se desarrollar\u00e1 en el predio y como anexo del actual Hospital General de Canc\u00fan, y tiene como objetivo ofrecer servicios de mayor complejidad para la atenci\u00f3n de personas adultas, ni\u00f1as y ni\u00f1os que no cuentan con seguridad social, de acuerdo con las pol\u00edticas sociales de este gobierno humanista con coraz\u00f3n feminista.<\/p>\n\n\n\n<p>El titular de IMSS-Bienestar afirm\u00f3 que la Torre de Especialidades permitir\u00e1 fortalecer las subespecialidades m\u00e9dicas y posibilitar\u00e1 servicios de alta complejidad, as\u00ed como auxiliares de diagn\u00f3stico, beneficiando directamente a m\u00e1s de 835 mil personas sin seguridad social, quienes podr\u00e1n recibir atenci\u00f3n especializada sin necesidad de salir del estado.<\/p>\n\n\n\n<p>Por su parte, la gobernadora Mara Lezama se\u00f1al\u00f3 que la obra est\u00e1 proyectada en una reserva territorial de 26 mil metros cuadrados con una superficie de construcci\u00f3n de 15 mil metros cuadrados, 6 niveles, en la que se instalar\u00e1n 36 especialidades, m\u00e1s de 190 camas, adem\u00e1s de servicios estrat\u00e9gicos como hemodi\u00e1lisis, atenci\u00f3n a personas con quemaduras, cl\u00ednica de heridas y manejo de cat\u00e9teres.<\/p>\n\n\n\n<p>Alejandro Svarch explic\u00f3 que el nuevo modelo de atenci\u00f3n deja atr\u00e1s los antiguos esquemas de aislamiento, para dar paso a espacios integrales con una concepci\u00f3n humanista. El complejo contar\u00e1 con \u00e1reas diferenciadas para hombres, mujeres, ni\u00f1as y ni\u00f1os, con especialistas en cada \u00e1rea.<\/p>\n\n\n\n<p>\u201cEs una gran noticia y un gran avance. Forma parte de lo que hacemos en los gobiernos humanistas: escuchar al ser humano, atender su padecimiento desde todas las aristas, considerando no solo al paciente, sino tambi\u00e9n a su entorno familiar\u201d, expres\u00f3 la Gobernadora.<\/p>\n\n\n\n<figure class=\"wp-block-image size-full\"><img loading=\"lazy\" decoding=\"async\" width=\"585\" height=\"390\" src=\"http:\/\/vertienteglobal.com\/wp-content\/uploads\/2026\/01\/1000909264.jpg\" alt=\"\" class=\"wp-image-251552\" srcset=\"http:\/\/vertienteglobal.com\/wp-content\/uploads\/2026\/01\/1000909264.jpg 585w, http:\/\/vertienteglobal.com\/wp-content\/uploads\/2026\/01\/1000909264-300x200.jpg 300w, http:\/\/vertienteglobal.com\/wp-content\/uploads\/2026\/01\/1000909264-150x100.jpg 150w\" sizes=\"auto, (max-width: 585px) 100vw, 585px\" \/><\/figure>\n\n\n\n<figure class=\"wp-block-image size-full\"><img loading=\"lazy\" decoding=\"async\" width=\"585\" height=\"390\" src=\"http:\/\/vertienteglobal.com\/wp-content\/uploads\/2026\/01\/1000909265.jpg\" alt=\"\" class=\"wp-image-251553\" srcset=\"http:\/\/vertienteglobal.com\/wp-content\/uploads\/2026\/01\/1000909265.jpg 585w, http:\/\/vertienteglobal.com\/wp-content\/uploads\/2026\/01\/1000909265-300x200.jpg 300w, http:\/\/vertienteglobal.com\/wp-content\/uploads\/2026\/01\/1000909265-150x100.jpg 150w\" sizes=\"auto, (max-width: 585px) 100vw, 585px\" \/><\/figure>\n","protected":false},"excerpt":{"rendered":"<p>(Redacci\u00f3n) Tras las gestiones de la Gobernadora ante la Federaci\u00f3n, anuncia con Alejandro Svarch la creaci\u00f3n de una torre de especialidades m\u00e9dicas de tercer nivel para saldar una deuda hist\u00f3rica de m\u00e1s de medio siglo en materia de la salud M\u00e1s de 26 m2, 6 niveles, 36 especialidades, m\u00e1s de 190 camas, hemodi\u00e1lisis, atenci\u00f3n por [&hellip;]<\/p>\n","protected":false},"author":6,"featured_media":251551,"comment_status":"open","ping_status":"open","sticky":false,"template":"","format":"standard","meta":{"footnotes":""},"categories":[3],"tags":[],"class_list":["post-251550","post","type-post","status-publish","format-standard","has-post-thumbnail","hentry","category-quintana-roo","entry","has-media"],"jetpack_featured_media_url":"http:\/\/vertienteglobal.com\/wp-content\/uploads\/2026\/01\/1000909262.jpg","_links":{"self":[{"href":"http:\/\/vertienteglobal.com\/index.php?rest_route=\/wp\/v2\/posts\/251550","targetHints":{"allow":["GET"]}}],"collection":[{"href":"http:\/\/vertienteglobal.com\/index.php?rest_route=\/wp\/v2\/posts"}],"about":[{"href":"http:\/\/vertienteglobal.com\/index.php?rest_route=\/wp\/v2\/types\/post"}],"author":[{"embeddable":true,"href":"http:\/\/vertienteglobal.com\/index.php?rest_route=\/wp\/v2\/users\/6"}],"replies":[{"embeddable":true,"href":"http:\/\/vertienteglobal.com\/index.php?rest_route=%2Fwp%2Fv2%2Fcomments&post=251550"}],"version-history":[{"count":1,"href":"http:\/\/vertienteglobal.com\/index.php?rest_route=\/wp\/v2\/posts\/251550\/revisions"}],"predecessor-version":[{"id":251554,"href":"http:\/\/vertienteglobal.com\/index.php?rest_route=\/wp\/v2\/posts\/251550\/revisions\/251554"}],"wp:featuredmedia":[{"embeddable":true,"href":"http:\/\/vertienteglobal.com\/index.php?rest_route=\/wp\/v2\/media\/251551"}],"wp:attachment":[{"href":"http:\/\/vertienteglobal.com\/index.php?rest_route=%2Fwp%2Fv2%2Fmedia&parent=251550"}],"wp:term":[{"taxonomy":"category","embeddable":true,"href":"http:\/\/vertienteglobal.com\/index.php?rest_route=%2Fwp%2Fv2%2Fcategories&post=251550"},{"taxonomy":"post_tag","embeddable":true,"href":"http:\/\/vertienteglobal.com\/index.php?rest_route=%2Fwp%2Fv2%2Ftags&post=251550"}],"curies":[{"name":"wp","href":"https:\/\/api.w.org\/{rel}","templated":true}]}}