{"id":251507,"date":"2026-01-08T19:19:00","date_gmt":"2026-01-09T01:19:00","guid":{"rendered":"http:\/\/vertienteglobal.com\/?p=251507"},"modified":"2026-01-09T09:16:25","modified_gmt":"2026-01-09T15:16:25","slug":"lula-y-sheinbaum-manifiestan-interes-en-seguir-cooperando-por-la-paz-en-venezuela","status":"publish","type":"post","link":"http:\/\/vertienteglobal.com\/?p=251507","title":{"rendered":"Lula y Sheinbaum manifiestan inter\u00e9s en seguir cooperando por la paz en Venezuela"},"content":{"rendered":"\n<div class=\"twitterbutton\" style=\"float: right; padding-left: 5px;\"><a href=\"http:\/\/twitter.com\/share\" class=\"twitter-share-button\" data-count=\"horizontal\" data-text=\"Lula y Sheinbaum manifiestan inter\u00e9s en seguir cooperando por la paz en Venezue...\" data-via=\"https:\/\/twitter.com\/VertienteGloba1\" data-url=\"http:\/\/vertienteglobal.com\/?p=251507\" data-lang=\"es\" data-related=\"Informaci\u00f3n general:S\u00edguenos para que est\u00e9ss informado\"><\/a><\/div>\n<figure class=\"wp-block-image size-full\"><img loading=\"lazy\" decoding=\"async\" width=\"614\" height=\"409\" src=\"http:\/\/vertienteglobal.com\/wp-content\/uploads\/2026\/01\/1000902506.jpg\" alt=\"\" class=\"wp-image-251508\" srcset=\"http:\/\/vertienteglobal.com\/wp-content\/uploads\/2026\/01\/1000902506.jpg 614w, http:\/\/vertienteglobal.com\/wp-content\/uploads\/2026\/01\/1000902506-300x200.jpg 300w, http:\/\/vertienteglobal.com\/wp-content\/uploads\/2026\/01\/1000902506-150x100.jpg 150w\" sizes=\"auto, (max-width: 614px) 100vw, 614px\" \/><\/figure>\n\n\n\n<p>(Redacci\u00f3n)<\/p>\n\n\n\n<p>En la conversaci\u00f3n con Sheinbaum Pardo, en la que repudiaron los ataques contra la soberan\u00eda venezolana, ambos \u00abrechazaron cualquier visi\u00f3n que pueda implicar en la ya superada divisi\u00f3n del mundo en zonas de influencia\u00bb<\/p>\n\n\n\n<p>Ciudad de M\u00e9xico 08 de enero de 2026.-Los presidentes de Brasil, Luiz In\u00e1cio Lula da Silva, y M\u00e9xico, Claudia Sheinbaum, manifestaron este jueves su intenci\u00f3n de seguir cooperando por la paz y la estabilidad en Venezuela y en la regi\u00f3n, en una conversaci\u00f3n telef\u00f3nica en la que \u00abrepudiaron\u00bb los ataques contra la soberan\u00eda venezolana.<\/p>\n\n\n\n<p>\u00abLos dos mandatarios manifestaron inter\u00e9s en seguir cooperando con Venezuela en favor de la paz, del di\u00e1logo y de la estabilidad del pa\u00eds y de la regi\u00f3n\u00bb, asegur\u00f3 la Presidencia brasile\u00f1a en un comunicado en el que inform\u00f3 sobre la conversaci\u00f3n telef\u00f3nica.<\/p>\n\n\n\n<p>Lula tambi\u00e9n abord\u00f3 este jueves la crisis generada por el intervenci\u00f3n de Estados Unidos en Venezuela, en la que militares capturaron al presidente Nicol\u00e1s Maduro y lo condujeron a Nueva York, en conversaciones telef\u00f3nicas con el presidente de Colombia, Gustavo Petro, y con el primer ministro de Canad\u00e1, Mark Carney.<\/p>\n\n\n\n<p>En la conversaci\u00f3n con Sheinbaum Pardo, en la que repudiaron los ataques contra la soberan\u00eda venezolana, ambos \u00abrechazaron cualquier visi\u00f3n que pueda implicar en la ya superada divisi\u00f3n del mundo en zonas de influencia\u00bb.<\/p>\n\n\n\n<p>En ese sentido, los mandatarios de Brasil y M\u00e9xico reiteraron la defensa del multilateralismo, del derecho internacional y del libre comercio, seg\u00fan el comunicado de la Presidencia brasile\u00f1a.<\/p>\n\n\n\n<p>En la conversaci\u00f3n con Petro, los dos l\u00edderes expresaron su \u00abgran preocupaci\u00f3n con el uso de la fuerza contra un pa\u00eds suramericano\u00bb, lo que, aseguraron, supone una \u00abviolaci\u00f3n\u00bb del derecho internacional y de la soberan\u00eda venezolana.<\/p>\n\n\n\n<p>En ese sentido, afirmaron que la situaci\u00f3n del pa\u00eds \u00abtiene que ser resuelta exclusivamente por medios pac\u00edficos, (por medio) de la negociaci\u00f3n y del respeto a la voluntad del pueblo venezolano\u00bb.<\/p>\n\n\n\n<p>Por ello, los presidentes coincidieron en seguir \u00abcooperando\u00bb para lograr la paz en Venezuela, pa\u00eds con el que ambas naciones comparten una larga frontera.<\/p>\n\n\n\n<p>Lula y Petro tambi\u00e9n \u00absaludaron\u00bb el anuncio hecho hoy por el l\u00edder de la Asamblea Nacional de Venezuela, Jorge Rodr\u00edguez, de liberar presos pol\u00edticos venezolanos y extranjeros.<\/p>\n\n\n\n<p>En cuanto a la conversaci\u00f3n con el primer ministro de Canad\u00e1, la Presidencia brasile\u00f1a inform\u00f3 que tambi\u00e9n abordaron la situaci\u00f3n de Venezuela y sus implicaciones en la regi\u00f3n.<\/p>\n\n\n\n<p>\u00abAmbos condenaron el uso de la fuerza sin amparo en la Carta de las Naciones Unidas y en el derecho internacional\u00bb, asegura el comunicado.<\/p>\n\n\n\n<p>De acuerdo con la nota, Lula aprovech\u00f3 la conversaci\u00f3n para destacar que el destino de Venezuela tiene que ser decidido soberanamente por su pueblo y que Sudam\u00e9rica tiene que continuar como una zona de paz.<\/p>\n\n\n\n<p>Los dos gobernantes coincidieron en la necesidad de una reforma en las instituciones de gobernanza global. (Fuente:EFE\/XEVA)<\/p>\n","protected":false},"excerpt":{"rendered":"<p>(Redacci\u00f3n) En la conversaci\u00f3n con Sheinbaum Pardo, en la que repudiaron los ataques contra la soberan\u00eda venezolana, ambos \u00abrechazaron cualquier visi\u00f3n que pueda implicar en la ya superada divisi\u00f3n del mundo en zonas de influencia\u00bb Ciudad de M\u00e9xico 08 de enero de 2026.-Los presidentes de Brasil, Luiz In\u00e1cio Lula da Silva, y M\u00e9xico, Claudia Sheinbaum, [&hellip;]<\/p>\n","protected":false},"author":6,"featured_media":251508,"comment_status":"open","ping_status":"open","sticky":false,"template":"","format":"standard","meta":{"footnotes":""},"categories":[8],"tags":[],"class_list":["post-251507","post","type-post","status-publish","format-standard","has-post-thumbnail","hentry","category-pais","entry","has-media"],"jetpack_featured_media_url":"http:\/\/vertienteglobal.com\/wp-content\/uploads\/2026\/01\/1000902506.jpg","_links":{"self":[{"href":"http:\/\/vertienteglobal.com\/index.php?rest_route=\/wp\/v2\/posts\/251507","targetHints":{"allow":["GET"]}}],"collection":[{"href":"http:\/\/vertienteglobal.com\/index.php?rest_route=\/wp\/v2\/posts"}],"about":[{"href":"http:\/\/vertienteglobal.com\/index.php?rest_route=\/wp\/v2\/types\/post"}],"author":[{"embeddable":true,"href":"http:\/\/vertienteglobal.com\/index.php?rest_route=\/wp\/v2\/users\/6"}],"replies":[{"embeddable":true,"href":"http:\/\/vertienteglobal.com\/index.php?rest_route=%2Fwp%2Fv2%2Fcomments&post=251507"}],"version-history":[{"count":1,"href":"http:\/\/vertienteglobal.com\/index.php?rest_route=\/wp\/v2\/posts\/251507\/revisions"}],"predecessor-version":[{"id":251509,"href":"http:\/\/vertienteglobal.com\/index.php?rest_route=\/wp\/v2\/posts\/251507\/revisions\/251509"}],"wp:featuredmedia":[{"embeddable":true,"href":"http:\/\/vertienteglobal.com\/index.php?rest_route=\/wp\/v2\/media\/251508"}],"wp:attachment":[{"href":"http:\/\/vertienteglobal.com\/index.php?rest_route=%2Fwp%2Fv2%2Fmedia&parent=251507"}],"wp:term":[{"taxonomy":"category","embeddable":true,"href":"http:\/\/vertienteglobal.com\/index.php?rest_route=%2Fwp%2Fv2%2Fcategories&post=251507"},{"taxonomy":"post_tag","embeddable":true,"href":"http:\/\/vertienteglobal.com\/index.php?rest_route=%2Fwp%2Fv2%2Ftags&post=251507"}],"curies":[{"name":"wp","href":"https:\/\/api.w.org\/{rel}","templated":true}]}}