{"id":251189,"date":"2026-01-04T18:24:00","date_gmt":"2026-01-05T00:24:00","guid":{"rendered":"http:\/\/vertienteglobal.com\/?p=251189"},"modified":"2026-01-04T23:07:04","modified_gmt":"2026-01-05T05:07:04","slug":"jorge-sanen-celebra-a-la-ninez-cancunense-en-el-dia-de-reyes-magos","status":"publish","type":"post","link":"http:\/\/vertienteglobal.com\/?p=251189","title":{"rendered":"Jorge San\u00e9n celebra a la ni\u00f1ez cancunense en el D\u00eda de Reyes Magos"},"content":{"rendered":"\n<div class=\"twitterbutton\" style=\"float: right; padding-left: 5px;\"><a href=\"http:\/\/twitter.com\/share\" class=\"twitter-share-button\" data-count=\"horizontal\" data-text=\"Jorge San\u00e9n celebra a la ni\u00f1ez cancunense en el D\u00eda de Reyes Magos\" data-via=\"https:\/\/twitter.com\/VertienteGloba1\" data-url=\"http:\/\/vertienteglobal.com\/?p=251189\" data-lang=\"es\" data-related=\"Informaci\u00f3n general:S\u00edguenos para que est\u00e9ss informado\"><\/a><\/div>\n<figure class=\"wp-block-image size-full\"><img loading=\"lazy\" decoding=\"async\" width=\"640\" height=\"480\" src=\"http:\/\/vertienteglobal.com\/wp-content\/uploads\/2026\/01\/1000893441.jpg\" alt=\"\" class=\"wp-image-251190\" srcset=\"http:\/\/vertienteglobal.com\/wp-content\/uploads\/2026\/01\/1000893441.jpg 640w, http:\/\/vertienteglobal.com\/wp-content\/uploads\/2026\/01\/1000893441-300x225.jpg 300w, http:\/\/vertienteglobal.com\/wp-content\/uploads\/2026\/01\/1000893441-150x113.jpg 150w\" sizes=\"auto, (max-width: 640px) 100vw, 640px\" \/><\/figure>\n\n\n\n<p>(Redacci\u00f3n)<\/p>\n\n\n\n<p>El diputado reafirm\u00f3 su convicci\u00f3n de que la pol\u00edtica tambi\u00e9n se construye desde la cercan\u00eda, el trabajo comunitario y el compromiso permanente con las nuevas generaciones<\/p>\n\n\n\n<p>Canc\u00fan, Quintana Roo, 04 de enero de 2026.-En un ambiente de alegr\u00eda, convivencia familiar y uni\u00f3n comunitaria, el diputado Jorge San\u00e9n celebr\u00f3 el D\u00eda de Reyes Magos junto a ni\u00f1as, ni\u00f1os y familias de Canc\u00fan, en un encuentro realizado en el Domo Deportivo del Parque Los Gemelos, en la Supermanzana 227.<\/p>\n\n\n\n<p>Durante la jornada, se vivi\u00f3 una tarde especial llena de sonrisas, sorpresas y momentos de convivencia, pensada para reconocer a la ni\u00f1ez como el coraz\u00f3n de la comunidad y reafirmar el compromiso social con su bienestar, su felicidad y su desarrollo integral.<\/p>\n\n\n\n<p>Jorge San\u00e9n destac\u00f3 la importancia de generar espacios de encuentro que fortalezcan el tejido social y fomenten la convivencia familiar, subrayando que celebrar a las ni\u00f1as y los ni\u00f1os es una forma de reafirmar que su bienestar y sus derechos deben estar siempre en el centro de las decisiones p\u00fablicas.<\/p>\n\n\n\n<p>\u201cCada sonrisa que vemos hoy nos recuerda por qu\u00e9 es tan importante trabajar por un Canc\u00fan m\u00e1s humano, m\u00e1s solidario y con oportunidades para todas y todos. La ni\u00f1ez es presente y futuro, y cuidarla es una responsabilidad compartida\u201d, expres\u00f3 el diputado.<\/p>\n\n\n\n<p>La celebraci\u00f3n incluy\u00f3 actividades recreativas y din\u00e1micas pensadas para las y los m\u00e1s peque\u00f1os, creando un ambiente de cercan\u00eda entre la ciudadan\u00eda y sus representantes, y fortaleciendo los lazos comunitarios.<\/p>\n\n\n\n<p>Jorge San\u00e9n reiter\u00f3 que, desde su labor legislativa y territorial, continuar\u00e1 impulsando acciones que pongan al centro a las familias cancunenses y que contribuyan a construir una ciudad m\u00e1s justa, m\u00e1s incluyente y con bienestar compartido.<\/p>\n\n\n\n<p>Con este encuentro, el diputado reafirm\u00f3 su convicci\u00f3n de que la pol\u00edtica tambi\u00e9n se construye desde la cercan\u00eda, el trabajo comunitario y el compromiso permanente con las nuevas generaciones.<\/p>\n\n\n\n<figure class=\"wp-block-image size-full\"><img loading=\"lazy\" decoding=\"async\" width=\"640\" height=\"480\" src=\"http:\/\/vertienteglobal.com\/wp-content\/uploads\/2026\/01\/1000893442.jpg\" alt=\"\" class=\"wp-image-251191\" srcset=\"http:\/\/vertienteglobal.com\/wp-content\/uploads\/2026\/01\/1000893442.jpg 640w, http:\/\/vertienteglobal.com\/wp-content\/uploads\/2026\/01\/1000893442-300x225.jpg 300w, http:\/\/vertienteglobal.com\/wp-content\/uploads\/2026\/01\/1000893442-150x113.jpg 150w\" sizes=\"auto, (max-width: 640px) 100vw, 640px\" \/><\/figure>\n\n\n\n<figure class=\"wp-block-image size-full\"><img loading=\"lazy\" decoding=\"async\" width=\"640\" height=\"480\" src=\"http:\/\/vertienteglobal.com\/wp-content\/uploads\/2026\/01\/1000893443.jpg\" alt=\"\" class=\"wp-image-251192\" srcset=\"http:\/\/vertienteglobal.com\/wp-content\/uploads\/2026\/01\/1000893443.jpg 640w, http:\/\/vertienteglobal.com\/wp-content\/uploads\/2026\/01\/1000893443-300x225.jpg 300w, http:\/\/vertienteglobal.com\/wp-content\/uploads\/2026\/01\/1000893443-150x113.jpg 150w\" sizes=\"auto, (max-width: 640px) 100vw, 640px\" \/><\/figure>\n\n\n\n<figure class=\"wp-block-image size-full\"><img loading=\"lazy\" decoding=\"async\" width=\"640\" height=\"360\" src=\"http:\/\/vertienteglobal.com\/wp-content\/uploads\/2026\/01\/1000893444.jpg\" alt=\"\" class=\"wp-image-251193\" srcset=\"http:\/\/vertienteglobal.com\/wp-content\/uploads\/2026\/01\/1000893444.jpg 640w, http:\/\/vertienteglobal.com\/wp-content\/uploads\/2026\/01\/1000893444-300x169.jpg 300w, http:\/\/vertienteglobal.com\/wp-content\/uploads\/2026\/01\/1000893444-150x84.jpg 150w\" sizes=\"auto, (max-width: 640px) 100vw, 640px\" \/><\/figure>\n","protected":false},"excerpt":{"rendered":"<p>(Redacci\u00f3n) El diputado reafirm\u00f3 su convicci\u00f3n de que la pol\u00edtica tambi\u00e9n se construye desde la cercan\u00eda, el trabajo comunitario y el compromiso permanente con las nuevas generaciones Canc\u00fan, Quintana Roo, 04 de enero de 2026.-En un ambiente de alegr\u00eda, convivencia familiar y uni\u00f3n comunitaria, el diputado Jorge San\u00e9n celebr\u00f3 el D\u00eda de Reyes Magos junto [&hellip;]<\/p>\n","protected":false},"author":6,"featured_media":251190,"comment_status":"open","ping_status":"open","sticky":false,"template":"","format":"standard","meta":{"footnotes":""},"categories":[3],"tags":[],"class_list":["post-251189","post","type-post","status-publish","format-standard","has-post-thumbnail","hentry","category-quintana-roo","entry","has-media"],"jetpack_featured_media_url":"http:\/\/vertienteglobal.com\/wp-content\/uploads\/2026\/01\/1000893441.jpg","_links":{"self":[{"href":"http:\/\/vertienteglobal.com\/index.php?rest_route=\/wp\/v2\/posts\/251189","targetHints":{"allow":["GET"]}}],"collection":[{"href":"http:\/\/vertienteglobal.com\/index.php?rest_route=\/wp\/v2\/posts"}],"about":[{"href":"http:\/\/vertienteglobal.com\/index.php?rest_route=\/wp\/v2\/types\/post"}],"author":[{"embeddable":true,"href":"http:\/\/vertienteglobal.com\/index.php?rest_route=\/wp\/v2\/users\/6"}],"replies":[{"embeddable":true,"href":"http:\/\/vertienteglobal.com\/index.php?rest_route=%2Fwp%2Fv2%2Fcomments&post=251189"}],"version-history":[{"count":1,"href":"http:\/\/vertienteglobal.com\/index.php?rest_route=\/wp\/v2\/posts\/251189\/revisions"}],"predecessor-version":[{"id":251194,"href":"http:\/\/vertienteglobal.com\/index.php?rest_route=\/wp\/v2\/posts\/251189\/revisions\/251194"}],"wp:featuredmedia":[{"embeddable":true,"href":"http:\/\/vertienteglobal.com\/index.php?rest_route=\/wp\/v2\/media\/251190"}],"wp:attachment":[{"href":"http:\/\/vertienteglobal.com\/index.php?rest_route=%2Fwp%2Fv2%2Fmedia&parent=251189"}],"wp:term":[{"taxonomy":"category","embeddable":true,"href":"http:\/\/vertienteglobal.com\/index.php?rest_route=%2Fwp%2Fv2%2Fcategories&post=251189"},{"taxonomy":"post_tag","embeddable":true,"href":"http:\/\/vertienteglobal.com\/index.php?rest_route=%2Fwp%2Fv2%2Ftags&post=251189"}],"curies":[{"name":"wp","href":"https:\/\/api.w.org\/{rel}","templated":true}]}}