{"id":250815,"date":"2025-12-29T18:38:00","date_gmt":"2025-12-30T00:38:00","guid":{"rendered":"http:\/\/vertienteglobal.com\/?p=250815"},"modified":"2025-12-29T22:08:53","modified_gmt":"2025-12-30T04:08:53","slug":"encabeza-mara-lezama-sesion-del-fideicomiso-de-seguridad-para-fortalecer-la-paz-social-y-la-infraestructura-en-quintana-roo","status":"publish","type":"post","link":"http:\/\/vertienteglobal.com\/?p=250815","title":{"rendered":"Encabeza Mara Lezama sesi\u00f3n del Fideicomiso de Seguridad para fortalecer la paz social y la infraestructura en Quintana Roo"},"content":{"rendered":"\n<div class=\"twitterbutton\" style=\"float: right; padding-left: 5px;\"><a href=\"http:\/\/twitter.com\/share\" class=\"twitter-share-button\" data-count=\"horizontal\" data-text=\"Encabeza Mara Lezama sesi\u00f3n del Fideicomiso de Seguridad para fortalecer la paz...\" data-via=\"https:\/\/twitter.com\/VertienteGloba1\" data-url=\"http:\/\/vertienteglobal.com\/?p=250815\" data-lang=\"es\" data-related=\"Informaci\u00f3n general:S\u00edguenos para que est\u00e9ss informado\"><\/a><\/div>\n<figure class=\"wp-block-image size-large\"><img loading=\"lazy\" decoding=\"async\" width=\"1024\" height=\"683\" src=\"http:\/\/vertienteglobal.com\/wp-content\/uploads\/2025\/12\/1000881401-1024x683.jpg\" alt=\"\" class=\"wp-image-250816\" srcset=\"http:\/\/vertienteglobal.com\/wp-content\/uploads\/2025\/12\/1000881401-1024x683.jpg 1024w, http:\/\/vertienteglobal.com\/wp-content\/uploads\/2025\/12\/1000881401-300x200.jpg 300w, http:\/\/vertienteglobal.com\/wp-content\/uploads\/2025\/12\/1000881401-150x100.jpg 150w, http:\/\/vertienteglobal.com\/wp-content\/uploads\/2025\/12\/1000881401-768x512.jpg 768w, http:\/\/vertienteglobal.com\/wp-content\/uploads\/2025\/12\/1000881401.jpg 1280w\" sizes=\"auto, (max-width: 1024px) 100vw, 1024px\" \/><\/figure>\n\n\n\n<p>(Redacci\u00f3n)<\/p>\n\n\n\n<p>Este fideicomiso garantiza la transparencia en el uso de los recursos del pueblo destinados a capacitaci\u00f3n, equipamiento, tecnolog\u00eda e inteligencia en materia de seguridad y sistema penitenciario<\/p>\n\n\n\n<p>Canc\u00fan, Quintana Roo 29 de diciembre de 2025.\u2013 Con el objetivo de fortalecer y preservar el orden p\u00fablico, garantizar la paz social y consolidar una mayor infraestructura en materia de seguridad y sistema penitenciario, la gobernadora Mara Lezama Espinosa encabez\u00f3 la Segunda Sesi\u00f3n Extraordinaria 2025 del Fideicomiso para el Fortalecimiento de la Seguridad e Impartici\u00f3n de Justicia del Estado de Quintana Roo.<\/p>\n\n\n\n<p>La titular del Ejecutivo estatal se\u00f1al\u00f3 que el objetivo de su gobierno humanista con coraz\u00f3n feminista es continuar preservando el orden p\u00fablico y garantizar la paz social, en un marco de respeto a los derechos humanos, atendiendo las demandas sociales en materia de seguridad.<\/p>\n\n\n\n<p>Mara Lezama destac\u00f3 que otro de los ejes centrales es mejorar los niveles de percepci\u00f3n de seguridad ciudadana y que, con el apoyo del Fideicomiso para el Fortalecimiento de la Seguridad e Impartici\u00f3n de Justicia del Estado de Quintana Roo, se busca contar con una infraestructura m\u00e1s amplia y eficiente en materia de seguridad p\u00fablica y sistema penitenciario.<\/p>\n\n\n\n<p>La gobernadora de Quintana Roo puntualiz\u00f3 que, dentro del Nuevo Acuerdo por el Bienestar y Desarrollo de Quintana Roo, es prioridad la recuperaci\u00f3n de la paz, el fortalecimiento del tejido social y la reconstrucci\u00f3n de la confianza de la ciudadan\u00eda en los cuerpos de seguridad.<\/p>\n\n\n\n<p>Asimismo, Mara Lezama reconoci\u00f3 que, a trav\u00e9s de este fideicomiso, se garantiza la transparencia en el uso de los recursos del pueblo, destinados a capacitaci\u00f3n, equipamiento, tecnolog\u00eda e inteligencia en materia de seguridad, sistema penitenciario e impartici\u00f3n de justicia.<\/p>\n\n\n\n<p>Durante la sesi\u00f3n, el titular de la Secretar\u00eda de Seguridad Ciudadana (SSC), Julio C\u00e9sar G\u00f3mez Torres, en su calidad de secretario t\u00e9cnico del fideicomiso, dio a conocer los acuerdos alcanzados, entre los que se encuentra la solicitud de refrendo del proyecto de adquisici\u00f3n de bienes, servicios y obras p\u00fablicas aprobado en el ejercicio fiscal 2024, para continuar con su ejecuci\u00f3n durante los ejercicios fiscales 2025 y 2026.<\/p>\n\n\n\n<figure class=\"wp-block-image size-full\"><img loading=\"lazy\" decoding=\"async\" width=\"585\" height=\"390\" src=\"http:\/\/vertienteglobal.com\/wp-content\/uploads\/2025\/12\/1000881402.jpg\" alt=\"\" class=\"wp-image-250817\" srcset=\"http:\/\/vertienteglobal.com\/wp-content\/uploads\/2025\/12\/1000881402.jpg 585w, http:\/\/vertienteglobal.com\/wp-content\/uploads\/2025\/12\/1000881402-300x200.jpg 300w, http:\/\/vertienteglobal.com\/wp-content\/uploads\/2025\/12\/1000881402-150x100.jpg 150w\" sizes=\"auto, (max-width: 585px) 100vw, 585px\" \/><\/figure>\n\n\n\n<figure class=\"wp-block-image size-full\"><img loading=\"lazy\" decoding=\"async\" width=\"585\" height=\"390\" src=\"http:\/\/vertienteglobal.com\/wp-content\/uploads\/2025\/12\/1000881404.jpg\" alt=\"\" class=\"wp-image-250818\" srcset=\"http:\/\/vertienteglobal.com\/wp-content\/uploads\/2025\/12\/1000881404.jpg 585w, http:\/\/vertienteglobal.com\/wp-content\/uploads\/2025\/12\/1000881404-300x200.jpg 300w, http:\/\/vertienteglobal.com\/wp-content\/uploads\/2025\/12\/1000881404-150x100.jpg 150w\" sizes=\"auto, (max-width: 585px) 100vw, 585px\" \/><\/figure>\n\n\n\n<figure class=\"wp-block-image size-full\"><img loading=\"lazy\" decoding=\"async\" width=\"585\" height=\"282\" src=\"http:\/\/vertienteglobal.com\/wp-content\/uploads\/2025\/12\/1000881403.jpg\" alt=\"\" class=\"wp-image-250819\" srcset=\"http:\/\/vertienteglobal.com\/wp-content\/uploads\/2025\/12\/1000881403.jpg 585w, http:\/\/vertienteglobal.com\/wp-content\/uploads\/2025\/12\/1000881403-300x145.jpg 300w, http:\/\/vertienteglobal.com\/wp-content\/uploads\/2025\/12\/1000881403-150x72.jpg 150w\" sizes=\"auto, (max-width: 585px) 100vw, 585px\" \/><\/figure>\n","protected":false},"excerpt":{"rendered":"<p>(Redacci\u00f3n) Este fideicomiso garantiza la transparencia en el uso de los recursos del pueblo destinados a capacitaci\u00f3n, equipamiento, tecnolog\u00eda e inteligencia en materia de seguridad y sistema penitenciario Canc\u00fan, Quintana Roo 29 de diciembre de 2025.\u2013 Con el objetivo de fortalecer y preservar el orden p\u00fablico, garantizar la paz social y consolidar una mayor infraestructura [&hellip;]<\/p>\n","protected":false},"author":6,"featured_media":250816,"comment_status":"open","ping_status":"open","sticky":false,"template":"","format":"standard","meta":{"footnotes":""},"categories":[3],"tags":[],"class_list":["post-250815","post","type-post","status-publish","format-standard","has-post-thumbnail","hentry","category-quintana-roo","entry","has-media"],"jetpack_featured_media_url":"http:\/\/vertienteglobal.com\/wp-content\/uploads\/2025\/12\/1000881401.jpg","_links":{"self":[{"href":"http:\/\/vertienteglobal.com\/index.php?rest_route=\/wp\/v2\/posts\/250815","targetHints":{"allow":["GET"]}}],"collection":[{"href":"http:\/\/vertienteglobal.com\/index.php?rest_route=\/wp\/v2\/posts"}],"about":[{"href":"http:\/\/vertienteglobal.com\/index.php?rest_route=\/wp\/v2\/types\/post"}],"author":[{"embeddable":true,"href":"http:\/\/vertienteglobal.com\/index.php?rest_route=\/wp\/v2\/users\/6"}],"replies":[{"embeddable":true,"href":"http:\/\/vertienteglobal.com\/index.php?rest_route=%2Fwp%2Fv2%2Fcomments&post=250815"}],"version-history":[{"count":1,"href":"http:\/\/vertienteglobal.com\/index.php?rest_route=\/wp\/v2\/posts\/250815\/revisions"}],"predecessor-version":[{"id":250820,"href":"http:\/\/vertienteglobal.com\/index.php?rest_route=\/wp\/v2\/posts\/250815\/revisions\/250820"}],"wp:featuredmedia":[{"embeddable":true,"href":"http:\/\/vertienteglobal.com\/index.php?rest_route=\/wp\/v2\/media\/250816"}],"wp:attachment":[{"href":"http:\/\/vertienteglobal.com\/index.php?rest_route=%2Fwp%2Fv2%2Fmedia&parent=250815"}],"wp:term":[{"taxonomy":"category","embeddable":true,"href":"http:\/\/vertienteglobal.com\/index.php?rest_route=%2Fwp%2Fv2%2Fcategories&post=250815"},{"taxonomy":"post_tag","embeddable":true,"href":"http:\/\/vertienteglobal.com\/index.php?rest_route=%2Fwp%2Fv2%2Ftags&post=250815"}],"curies":[{"name":"wp","href":"https:\/\/api.w.org\/{rel}","templated":true}]}}