{"id":250801,"date":"2025-12-29T16:50:00","date_gmt":"2025-12-29T22:50:00","guid":{"rendered":"http:\/\/vertienteglobal.com\/?p=250801"},"modified":"2025-12-29T22:02:00","modified_gmt":"2025-12-30T04:02:00","slug":"inicia-construccion-de-centro-pilares-renacimiento-maya-en-el-sur-de-merida","status":"publish","type":"post","link":"http:\/\/vertienteglobal.com\/?p=250801","title":{"rendered":"Inicia construcci\u00f3n de Centro Pilares Renacimiento Maya en el sur de M\u00e9rida"},"content":{"rendered":"\n<div class=\"twitterbutton\" style=\"float: right; padding-left: 5px;\"><a href=\"http:\/\/twitter.com\/share\" class=\"twitter-share-button\" data-count=\"horizontal\" data-text=\"Inicia construcci\u00f3n de Centro Pilares Renacimiento Maya en el sur de M\u00e9rida\" data-via=\"https:\/\/twitter.com\/VertienteGloba1\" data-url=\"http:\/\/vertienteglobal.com\/?p=250801\" data-lang=\"es\" data-related=\"Informaci\u00f3n general:S\u00edguenos para que est\u00e9ss informado\"><\/a><\/div>\n<figure class=\"wp-block-image size-full\"><img loading=\"lazy\" decoding=\"async\" width=\"832\" height=\"554\" src=\"http:\/\/vertienteglobal.com\/wp-content\/uploads\/2025\/12\/1000881386.jpg\" alt=\"\" class=\"wp-image-250802\" srcset=\"http:\/\/vertienteglobal.com\/wp-content\/uploads\/2025\/12\/1000881386.jpg 832w, http:\/\/vertienteglobal.com\/wp-content\/uploads\/2025\/12\/1000881386-300x200.jpg 300w, http:\/\/vertienteglobal.com\/wp-content\/uploads\/2025\/12\/1000881386-150x100.jpg 150w, http:\/\/vertienteglobal.com\/wp-content\/uploads\/2025\/12\/1000881386-768x511.jpg 768w\" sizes=\"auto, (max-width: 832px) 100vw, 832px\" \/><\/figure>\n\n\n\n<p>(Redacci\u00f3n)<\/p>\n\n\n\n<p><em>El Gobernador Joaqu\u00edn D\u00edaz Mena, acompa\u00f1ado de la Presidenta Honoraria del DIF Yucat\u00e1n, Mtra. Wendy M\u00e9ndez Naal, encabez\u00f3 el comienzo de la construcci\u00f3n del primer Centro Pilares Renacimiento Maya<\/em><\/p>\n\n\n\n<p><em>Con una inversi\u00f3n de 88 millones de pesos, fortalecer\u00e1 el tejido social y brindar\u00e1 educaci\u00f3n, deporte, cultura y atenci\u00f3n integral a las familias del sur de M\u00e9rida<\/em><\/p>\n\n\n\n<p>M\u00e9rida, Yucat\u00e1n, 29 de diciembre de 2025.-El Gobernador Joaqu\u00edn D\u00edaz Mena dio inicio a la construcci\u00f3n del primer Centro Pilares Renacimiento Maya, en el sur de la ciudad de M\u00e9rida, espacio que, con una inversi\u00f3n de 88 millones de pesos, contribuir\u00e1 a atender las causas de la desigualdad, fortalecer el tejido social y ofrecer alternativas reales a quienes m\u00e1s lo necesitan, a trav\u00e9s de la capacitaci\u00f3n, el deporte, la cultura y el arte.<br>\u00a0<br>Asentado en el Parque Ecol\u00f3gico Metropolitano del Sur Yumtsil, este espacio convertir\u00e1 a Yucat\u00e1n en el primer estado en adaptar a la realidad local, con identidad maya, respeto a su cultura y visi\u00f3n de futuro, este modelo inspirado en experiencias exitosas impulsadas por la Presidenta de M\u00e9xico, Claudia Sheinbaum Pardo, durante su gesti\u00f3n como Jefa de Gobierno de la Ciudad de M\u00e9xico.<br>\u00a0<br>Acompa\u00f1ado de la Presidenta Honoraria del Sistema para el Desarrollo Integral de la Familia (DIF) Yucat\u00e1n, Mtra. Wendy M\u00e9ndez Naal, el mandatario estatal coloc\u00f3 la primera piedra de esta obra, como parte de la estrategia Aliados por la Vida, la cual abrir\u00e1 sus puertas el pr\u00f3ximo a\u00f1o.<br>\u00a0<br>D\u00edaz Mena afirm\u00f3 que este proyecto del Renacimiento Maya inicia en el sur de M\u00e9rida, pero pr\u00f3ximamente comenzar\u00e1 tambi\u00e9n en los municipios de Izamal y Temoz\u00f3n.<br>\u00a0<br>\u00abHoy venimos a esta zona de la ciudad de M\u00e9rida a decirles que no solamente iniciamos la construcci\u00f3n de una obra, sino que sembramos esperanza con un espacio pensado para la vida, el encuentro y el bienestar de nuestra gente. Aqu\u00ed, en el sur, donde por muchos a\u00f1os la gente ha sido olvidada, levantamos un lugar para la cultura, para el deporte y la recreaci\u00f3n de nuestras ni\u00f1as, ni\u00f1os y j\u00f3venes\u00bb, afirm\u00f3 el Gobernador.<br>\u00a0<br>En ese contexto, el mandatario estatal indic\u00f3 que Pilares significa puntos de innovaci\u00f3n, libertad, arte, educaci\u00f3n y saberes, por lo que con este inicio de obra comienza este proyecto de su administraci\u00f3n, que contempla la construcci\u00f3n de otros centros en M\u00e9rida y al menos en 35 municipios.<br>\u00a0<br>Tambi\u00e9n, el Gobernador se\u00f1al\u00f3 que el Parque Ecol\u00f3gico Metropolitano del Sur Yumtsil es un pulm\u00f3n verde de M\u00e9rida que durante mucho tiempo ha sido visto como un terreno olvidado y con un enorme potencial desaprovechado, pero que este d\u00eda se pone al servicio del pueblo y se transforma en el coraz\u00f3n de un proyecto que une medio ambiente, comunidad y justicia social.<br>\u00a0<br>\u00abEl sur de la ciudad de M\u00e9rida ha cargado por muchos a\u00f1os con carencias en servicios, y esto es resultado de decisiones que dejaron fuera a muchos. Por eso nuestro Gobierno cambia esta l\u00f3gica para ser un gobierno cercano, un proyecto que cree en el bienestar y que empieza el d\u00eda de hoy a construirlo\u00bb, afirm\u00f3 el titular del Ejecutivo estatal.<br>\u00a0<br>Finalmente, D\u00edaz Mena reiter\u00f3 que su Gobierno busca alejar a las ni\u00f1as, los ni\u00f1os y los j\u00f3venes de los vicios y las drogas con espacios como este y con alternativas que llenen su mente, su coraz\u00f3n y su tiempo, demostrando que el Renacimiento no es una promesa, sino una acci\u00f3n que se concreta con obras como esta. \u00abHoy estamos cumpliendo el compromiso de acabar con las desigualdades y poner primero a quienes siempre fueron los \u00faltimos\u00bb, sostuvo.<br>\u00a0<br>En su turno, la Presidenta Honoraria del Sistema para el Desarrollo Integral de la Familia (DIF) Yucat\u00e1n, Wendy M\u00e9ndez Naal, se\u00f1al\u00f3 que este Centro Pilares Renacimiento ser\u00e1 un lugar que transformar\u00e1 la vida de las familias de esta comunidad, ya que est\u00e1 pensado para que las y los yucatecos se sientan seguros, escuchados y acompa\u00f1ados a trav\u00e9s del aprendizaje, el deporte y el arte.<br>\u00a0<br>Detall\u00f3 que en \u00e9l se construir\u00e1 un espacio cercano a la gente y pensado para j\u00f3venes, adolescentes, ni\u00f1as y ni\u00f1os, as\u00ed como para personas mayores o que requieran cuidados especiales, pues encontrar\u00e1n herramientas para crecer, aprender y formarse un futuro mejor.<br>\u00a0<br>M\u00e9ndez Naal se\u00f1al\u00f3 que este a\u00f1o ha sido de mucho trabajo en el DIF Yucat\u00e1n y adelant\u00f3 que este 2026 los esfuerzos de esta instituci\u00f3n estar\u00e1n encaminados a consolidar el Centro Estatal de Autismo.<br>\u00a0<br>El titular de la Secretar\u00eda de Educaci\u00f3n del Estado (Segey), Juan Balam V\u00e1rguez, explic\u00f3 que los Pilares Renacimiento Maya ser\u00e1n espacios de educaci\u00f3n y convivencia comunitaria donde se aprender\u00e1 para la vida y con la esencia muy clara de regenerar el tejido social a trav\u00e9s del acceso gratuito al conocimiento, a la cultura y a oportunidades reales de desarrollo.<br>\u00a0<br>\u00abEl inicio de los Pilares Renacimiento representa espacios materializados de inclusi\u00f3n y justicia social; refleja la decisi\u00f3n pol\u00edtica clara de poner a la gente en el centro, atender las causas y construir bienestar desde el territorio, no desde la distancia\u00bb, agreg\u00f3.<br>\u00a0<br>En representaci\u00f3n de la comunidad del sur de M\u00e9rida, el estudiante del Colegio de Bachilleres de Yucat\u00e1n, plantel Santa Rosa, El\u00edas Alcocer Jim\u00e9nez, se\u00f1al\u00f3 que, para las y los j\u00f3venes que, como \u00e9l, viven en contextos complicados y luchan cada d\u00eda por ser mejores personas, estos Centros representan esperanza, posibilidades y el mensaje claro de que s\u00ed importan.<br>\u00a0<br>\u00abEn estos Centros podremos convertir nuestros sue\u00f1os en realidad y construir proyectos de vida que nos permitan realizarnos y contribuir al bienestar de nuestras familias y de Yucat\u00e1n\u00bb, destac\u00f3.<br>\u00a0<br>Los Pilares Renacimiento Maya ser\u00e1n espacios dise\u00f1ados para transformar la vida de las comunidades, ya que ser\u00e1n un centro de bienestar integral donde se brindar\u00e1 atenci\u00f3n social y psicol\u00f3gica, educaci\u00f3n digital, actividades deportivas y talleres de arte, m\u00fasica y oficios, los cuales tendr\u00e1n el reconocimiento y validaci\u00f3n de la Segey.<br>\u00a0<br>Tambi\u00e9n, se ofrecer\u00e1n alternativas y servicios de cuidado para ni\u00f1as y ni\u00f1os, personas adultas mayores y personas con discapacidad. En el evento estuvieron la beneficiaria de Aliados por la Vida, Isis Carolina G\u00f3mez Chan; la representante de la poblaci\u00f3n con discapacidad, Lilia del Carmen Manrique; y la vecina del sur, Mar\u00eda Acosta Cen.<\/p>\n\n\n\n<figure class=\"wp-block-image size-full\"><img loading=\"lazy\" decoding=\"async\" width=\"832\" height=\"554\" src=\"http:\/\/vertienteglobal.com\/wp-content\/uploads\/2025\/12\/1000881391.jpg\" alt=\"\" class=\"wp-image-250803\" srcset=\"http:\/\/vertienteglobal.com\/wp-content\/uploads\/2025\/12\/1000881391.jpg 832w, http:\/\/vertienteglobal.com\/wp-content\/uploads\/2025\/12\/1000881391-300x200.jpg 300w, http:\/\/vertienteglobal.com\/wp-content\/uploads\/2025\/12\/1000881391-150x100.jpg 150w, http:\/\/vertienteglobal.com\/wp-content\/uploads\/2025\/12\/1000881391-768x511.jpg 768w\" sizes=\"auto, (max-width: 832px) 100vw, 832px\" \/><\/figure>\n\n\n\n<figure class=\"wp-block-image size-full\"><img loading=\"lazy\" decoding=\"async\" width=\"832\" height=\"554\" src=\"http:\/\/vertienteglobal.com\/wp-content\/uploads\/2025\/12\/1000881392.jpg\" alt=\"\" class=\"wp-image-250804\" srcset=\"http:\/\/vertienteglobal.com\/wp-content\/uploads\/2025\/12\/1000881392.jpg 832w, http:\/\/vertienteglobal.com\/wp-content\/uploads\/2025\/12\/1000881392-300x200.jpg 300w, http:\/\/vertienteglobal.com\/wp-content\/uploads\/2025\/12\/1000881392-150x100.jpg 150w, http:\/\/vertienteglobal.com\/wp-content\/uploads\/2025\/12\/1000881392-768x511.jpg 768w\" sizes=\"auto, (max-width: 832px) 100vw, 832px\" \/><\/figure>\n\n\n\n<figure class=\"wp-block-image size-full\"><img loading=\"lazy\" decoding=\"async\" width=\"832\" height=\"554\" src=\"http:\/\/vertienteglobal.com\/wp-content\/uploads\/2025\/12\/1000881393.jpg\" alt=\"\" class=\"wp-image-250805\" srcset=\"http:\/\/vertienteglobal.com\/wp-content\/uploads\/2025\/12\/1000881393.jpg 832w, http:\/\/vertienteglobal.com\/wp-content\/uploads\/2025\/12\/1000881393-300x200.jpg 300w, http:\/\/vertienteglobal.com\/wp-content\/uploads\/2025\/12\/1000881393-150x100.jpg 150w, http:\/\/vertienteglobal.com\/wp-content\/uploads\/2025\/12\/1000881393-768x511.jpg 768w\" sizes=\"auto, (max-width: 832px) 100vw, 832px\" \/><\/figure>\n\n\n\n<figure class=\"wp-block-image size-full\"><img loading=\"lazy\" decoding=\"async\" width=\"832\" height=\"554\" src=\"http:\/\/vertienteglobal.com\/wp-content\/uploads\/2025\/12\/1000881395.jpg\" alt=\"\" class=\"wp-image-250806\" srcset=\"http:\/\/vertienteglobal.com\/wp-content\/uploads\/2025\/12\/1000881395.jpg 832w, http:\/\/vertienteglobal.com\/wp-content\/uploads\/2025\/12\/1000881395-300x200.jpg 300w, http:\/\/vertienteglobal.com\/wp-content\/uploads\/2025\/12\/1000881395-150x100.jpg 150w, http:\/\/vertienteglobal.com\/wp-content\/uploads\/2025\/12\/1000881395-768x511.jpg 768w\" sizes=\"auto, (max-width: 832px) 100vw, 832px\" \/><\/figure>\n\n\n\n<figure class=\"wp-block-image size-full\"><img loading=\"lazy\" decoding=\"async\" width=\"512\" height=\"341\" src=\"http:\/\/vertienteglobal.com\/wp-content\/uploads\/2025\/12\/1000881394.jpg\" alt=\"\" class=\"wp-image-250807\" srcset=\"http:\/\/vertienteglobal.com\/wp-content\/uploads\/2025\/12\/1000881394.jpg 512w, http:\/\/vertienteglobal.com\/wp-content\/uploads\/2025\/12\/1000881394-300x200.jpg 300w, http:\/\/vertienteglobal.com\/wp-content\/uploads\/2025\/12\/1000881394-150x100.jpg 150w\" sizes=\"auto, (max-width: 512px) 100vw, 512px\" \/><\/figure>\n","protected":false},"excerpt":{"rendered":"<p>(Redacci\u00f3n) El Gobernador Joaqu\u00edn D\u00edaz Mena, acompa\u00f1ado de la Presidenta Honoraria del DIF Yucat\u00e1n, Mtra. Wendy M\u00e9ndez Naal, encabez\u00f3 el comienzo de la construcci\u00f3n del primer Centro Pilares Renacimiento Maya Con una inversi\u00f3n de 88 millones de pesos, fortalecer\u00e1 el tejido social y brindar\u00e1 educaci\u00f3n, deporte, cultura y atenci\u00f3n integral a las familias del sur [&hellip;]<\/p>\n","protected":false},"author":6,"featured_media":250802,"comment_status":"open","ping_status":"open","sticky":false,"template":"","format":"standard","meta":{"footnotes":""},"categories":[2],"tags":[],"class_list":["post-250801","post","type-post","status-publish","format-standard","has-post-thumbnail","hentry","category-yucatan","entry","has-media"],"jetpack_featured_media_url":"http:\/\/vertienteglobal.com\/wp-content\/uploads\/2025\/12\/1000881386.jpg","_links":{"self":[{"href":"http:\/\/vertienteglobal.com\/index.php?rest_route=\/wp\/v2\/posts\/250801","targetHints":{"allow":["GET"]}}],"collection":[{"href":"http:\/\/vertienteglobal.com\/index.php?rest_route=\/wp\/v2\/posts"}],"about":[{"href":"http:\/\/vertienteglobal.com\/index.php?rest_route=\/wp\/v2\/types\/post"}],"author":[{"embeddable":true,"href":"http:\/\/vertienteglobal.com\/index.php?rest_route=\/wp\/v2\/users\/6"}],"replies":[{"embeddable":true,"href":"http:\/\/vertienteglobal.com\/index.php?rest_route=%2Fwp%2Fv2%2Fcomments&post=250801"}],"version-history":[{"count":1,"href":"http:\/\/vertienteglobal.com\/index.php?rest_route=\/wp\/v2\/posts\/250801\/revisions"}],"predecessor-version":[{"id":250808,"href":"http:\/\/vertienteglobal.com\/index.php?rest_route=\/wp\/v2\/posts\/250801\/revisions\/250808"}],"wp:featuredmedia":[{"embeddable":true,"href":"http:\/\/vertienteglobal.com\/index.php?rest_route=\/wp\/v2\/media\/250802"}],"wp:attachment":[{"href":"http:\/\/vertienteglobal.com\/index.php?rest_route=%2Fwp%2Fv2%2Fmedia&parent=250801"}],"wp:term":[{"taxonomy":"category","embeddable":true,"href":"http:\/\/vertienteglobal.com\/index.php?rest_route=%2Fwp%2Fv2%2Fcategories&post=250801"},{"taxonomy":"post_tag","embeddable":true,"href":"http:\/\/vertienteglobal.com\/index.php?rest_route=%2Fwp%2Fv2%2Ftags&post=250801"}],"curies":[{"name":"wp","href":"https:\/\/api.w.org\/{rel}","templated":true}]}}