{"id":250786,"date":"2025-12-29T10:58:00","date_gmt":"2025-12-29T16:58:00","guid":{"rendered":"http:\/\/vertienteglobal.com\/?p=250786"},"modified":"2025-12-29T21:02:36","modified_gmt":"2025-12-30T03:02:36","slug":"miguel-torruco-sera-subsecretario-de-prevencion-de-la-sspc-anuncia-la-presidenta-claudia-sheinbaum-pardo","status":"publish","type":"post","link":"http:\/\/vertienteglobal.com\/?p=250786","title":{"rendered":"Miguel Torruco ser\u00e1 subsecretario de Prevenci\u00f3n de la SSPC, anuncia la Presidenta Claudia Sheinbaum Pardo"},"content":{"rendered":"\n<div class=\"twitterbutton\" style=\"float: right; padding-left: 5px;\"><a href=\"http:\/\/twitter.com\/share\" class=\"twitter-share-button\" data-count=\"horizontal\" data-text=\"Miguel Torruco ser\u00e1 subsecretario de Prevenci\u00f3n de la SSPC, anuncia la Preside...\" data-via=\"https:\/\/twitter.com\/VertienteGloba1\" data-url=\"http:\/\/vertienteglobal.com\/?p=250786\" data-lang=\"es\" data-related=\"Informaci\u00f3n general:S\u00edguenos para que est\u00e9ss informado\"><\/a><\/div>\n<figure class=\"wp-block-image size-full\"><img loading=\"lazy\" decoding=\"async\" width=\"612\" height=\"361\" src=\"http:\/\/vertienteglobal.com\/wp-content\/uploads\/2025\/12\/1000881290.jpg\" alt=\"\" class=\"wp-image-250787\" srcset=\"http:\/\/vertienteglobal.com\/wp-content\/uploads\/2025\/12\/1000881290.jpg 612w, http:\/\/vertienteglobal.com\/wp-content\/uploads\/2025\/12\/1000881290-300x177.jpg 300w, http:\/\/vertienteglobal.com\/wp-content\/uploads\/2025\/12\/1000881290-150x88.jpg 150w\" sizes=\"auto, (max-width: 612px) 100vw, 612px\" \/><\/figure>\n\n\n\n<p>(Redacci\u00f3n)<\/p>\n\n\n\n<p>Sheinbaum Pardo, coment\u00f3 que el exdiputado \u201cse va a encargar de una parte de la prevenci\u00f3n vinculada con deporte y cultura\u00bb<\/p>\n\n\n\n<p> Ciudad de M\u00e9xico 29 diciembre 2025.-La presidenta Claudia Sheinbaum anunci\u00f3 este lunes que incorporar\u00e1 de nuevo a Miguel Torruco Garza, exdiputado federal por Morena, a su gabinete a partir del pr\u00f3ximo a\u00f1o, para asumir la Subsecretar\u00eda de Prevenci\u00f3n de las Violencias de la Secretar\u00eda de Seguridad y Protecci\u00f3n Ciudadana (SSPC).<\/p>\n\n\n\n<p>Torruco Garza entrar\u00e1 al cargo en enero de 2026 en lugar de Esthela Dami\u00e1n, quien dej\u00f3 el puesto y actualmente es Consejera Jur\u00eddica del Ejecutivo Federal. Sheinbaum Pardo, coment\u00f3 que el exdiputado \u201cse va a encargar de una parte de la prevenci\u00f3n vinculada con deporte y cultura\u00bb.<\/p>\n\n\n\n<p>Cabe recordar que Esthela Dami\u00e1n pas\u00f3 a ser consejera jur\u00eddica tras la salida de Ernestina Godoy, quien asumi\u00f3 la titularidad de la Fiscal\u00eda General de la Rep\u00fablica, despu\u00e9s de la renuncia de Alejandro Gertz Manero a ese cargo.<\/p>\n","protected":false},"excerpt":{"rendered":"<p>(Redacci\u00f3n) Sheinbaum Pardo, coment\u00f3 que el exdiputado \u201cse va a encargar de una parte de la prevenci\u00f3n vinculada con deporte y cultura\u00bb Ciudad de M\u00e9xico 29 diciembre 2025.-La presidenta Claudia Sheinbaum anunci\u00f3 este lunes que incorporar\u00e1 de nuevo a Miguel Torruco Garza, exdiputado federal por Morena, a su gabinete a partir del pr\u00f3ximo a\u00f1o, para [&hellip;]<\/p>\n","protected":false},"author":6,"featured_media":250787,"comment_status":"open","ping_status":"open","sticky":false,"template":"","format":"standard","meta":{"footnotes":""},"categories":[8],"tags":[],"class_list":["post-250786","post","type-post","status-publish","format-standard","has-post-thumbnail","hentry","category-pais","entry","has-media"],"jetpack_featured_media_url":"http:\/\/vertienteglobal.com\/wp-content\/uploads\/2025\/12\/1000881290.jpg","_links":{"self":[{"href":"http:\/\/vertienteglobal.com\/index.php?rest_route=\/wp\/v2\/posts\/250786","targetHints":{"allow":["GET"]}}],"collection":[{"href":"http:\/\/vertienteglobal.com\/index.php?rest_route=\/wp\/v2\/posts"}],"about":[{"href":"http:\/\/vertienteglobal.com\/index.php?rest_route=\/wp\/v2\/types\/post"}],"author":[{"embeddable":true,"href":"http:\/\/vertienteglobal.com\/index.php?rest_route=\/wp\/v2\/users\/6"}],"replies":[{"embeddable":true,"href":"http:\/\/vertienteglobal.com\/index.php?rest_route=%2Fwp%2Fv2%2Fcomments&post=250786"}],"version-history":[{"count":1,"href":"http:\/\/vertienteglobal.com\/index.php?rest_route=\/wp\/v2\/posts\/250786\/revisions"}],"predecessor-version":[{"id":250788,"href":"http:\/\/vertienteglobal.com\/index.php?rest_route=\/wp\/v2\/posts\/250786\/revisions\/250788"}],"wp:featuredmedia":[{"embeddable":true,"href":"http:\/\/vertienteglobal.com\/index.php?rest_route=\/wp\/v2\/media\/250787"}],"wp:attachment":[{"href":"http:\/\/vertienteglobal.com\/index.php?rest_route=%2Fwp%2Fv2%2Fmedia&parent=250786"}],"wp:term":[{"taxonomy":"category","embeddable":true,"href":"http:\/\/vertienteglobal.com\/index.php?rest_route=%2Fwp%2Fv2%2Fcategories&post=250786"},{"taxonomy":"post_tag","embeddable":true,"href":"http:\/\/vertienteglobal.com\/index.php?rest_route=%2Fwp%2Fv2%2Ftags&post=250786"}],"curies":[{"name":"wp","href":"https:\/\/api.w.org\/{rel}","templated":true}]}}