{"id":250774,"date":"2025-12-29T08:44:00","date_gmt":"2025-12-29T14:44:00","guid":{"rendered":"http:\/\/vertienteglobal.com\/?p=250774"},"modified":"2025-12-29T20:38:22","modified_gmt":"2025-12-30T02:38:22","slug":"la-presidenta-claudia-sheinbaum-pardo-viajara-a-oaxaca-para-atender-a-victimas-de-descarrilamiento-del-tren-interoceanico","status":"publish","type":"post","link":"http:\/\/vertienteglobal.com\/?p=250774","title":{"rendered":"La Presidenta Claudia Sheinbaum Pardo, viajar\u00e1 a Oaxaca para atender a v\u00edctimas de descarrilamiento del Tren Interoc\u00e9anico"},"content":{"rendered":"\n<div class=\"twitterbutton\" style=\"float: right; padding-left: 5px;\"><a href=\"http:\/\/twitter.com\/share\" class=\"twitter-share-button\" data-count=\"horizontal\" data-text=\"La Presidenta Claudia Sheinbaum Pardo, viajar\u00e1 a Oaxaca para atender a v\u00edctima...\" data-via=\"https:\/\/twitter.com\/VertienteGloba1\" data-url=\"http:\/\/vertienteglobal.com\/?p=250774\" data-lang=\"es\" data-related=\"Informaci\u00f3n general:S\u00edguenos para que est\u00e9ss informado\"><\/a><\/div>\n<figure class=\"wp-block-image size-full\"><img loading=\"lazy\" decoding=\"async\" width=\"819\" height=\"546\" src=\"http:\/\/vertienteglobal.com\/wp-content\/uploads\/2025\/12\/1000881248.jpg\" alt=\"\" class=\"wp-image-250775\" srcset=\"http:\/\/vertienteglobal.com\/wp-content\/uploads\/2025\/12\/1000881248.jpg 819w, http:\/\/vertienteglobal.com\/wp-content\/uploads\/2025\/12\/1000881248-300x200.jpg 300w, http:\/\/vertienteglobal.com\/wp-content\/uploads\/2025\/12\/1000881248-150x100.jpg 150w, http:\/\/vertienteglobal.com\/wp-content\/uploads\/2025\/12\/1000881248-768x512.jpg 768w\" sizes=\"auto, (max-width: 819px) 100vw, 819px\" \/><\/figure>\n\n\n\n<p>(Redacci\u00f3n)<\/p>\n\n\n\n<p>Afirm\u00f3 que se mantendr\u00e1 informando conforme avancen las investigaciones y anunci\u00f3 que m\u00e1s tarde se trasladar\u00e1 a Oaxaca para hablar con las familias de las v\u00edctimas<\/p>\n\n\n\n<p>Ciudad de M\u00e9xico 29 de diciembre de 2025.-La presidenta Claudia Sheinbaum envi\u00f3 su p\u00e9same a las familias de los fallecidos y anunci\u00f3 tres acciones prioritarias para atender la emergencia.<\/p>\n\n\n\n<p>\u201cN\u00famero uno la atenci\u00f3n a las v\u00edctimas y a sus familiares\u201d, en segundo lugar \u201cesclarecer con mucho rigor qu\u00e9 fue lo que ocurri\u00f3\u201d y, tercero, \u201cgarantizar la seguridad del tren interoce\u00e1nico\u201d.<\/p>\n\n\n\n<p>A\u00f1adi\u00f3 que se mantendr\u00e1 informando conforme avancen las investigaciones y anunci\u00f3 que m\u00e1s tarde se trasladar\u00e1 a Oaxaca para hablar con las familias de las v\u00edctimas.<\/p>\n\n\n\n<p>El Gobierno de M\u00e9xico inici\u00f3 este lunes las investigaciones para determinar las causas del descarrilamiento del tren del Corredor Interoce\u00e1nico del Istmo de Tehuantepec ocurrido este domingo en Oaxaca (sur) y que dej\u00f3 al menos 13 muertos, entre ellos una menor de edad, mientras contin\u00faan las labores para localizar a una persona que permanece desaparecida.<\/p>\n\n\n\n<p>Por su parte, el almirante Raymundo Pedro Morales \u00c1ngeles, titular de la Secretar\u00eda de Marina, detall\u00f3 que la Agencia de Transporte Ferroviario har\u00e1 la evaluaci\u00f3n de los hechos en conjunto con la Fiscal\u00eda General de la Rep\u00fablica (FGR) y la Fiscal\u00eda estatal.<\/p>\n\n\n\n<p>\u201cSe encuentra todo bajo cadena de custodia, incluyendo el registrador electr\u00f3nico conocido por su marca como Pulset\u201d, explic\u00f3, al detallar que funciona como una \u201ccaja negra ferroviaria\u201d.<\/p>\n\n\n\n<p>Asimismo, confirm\u00f3 que 13 personas perdieron la vida en el accidente que ocurri\u00f3 a las 09:28 hora local (15:28 GMT) sobre la l\u00ednea Z del tren \u201cIstme\u00f1o\u201d, entre las poblaciones de Nizanda y Chivela, en la ruta Salina Cruz\u2013Coatzacoalcos, en el sure\u00f1o estado de Oaxaca.<\/p>\n\n\n\n<p>\u201cSe descarril\u00f3 una de las locomotoras del tren Interoce\u00e1nico lo que conllev\u00f3 a que los cuatro vagones salieran de las v\u00edas\u201d, explic\u00f3.<\/p>\n\n\n\n<p>Detall\u00f3, asimismo, que el primer vag\u00f3n se desliz\u00f3 sobre el talud a 6,5 metros de profundidad, mientras que el segundo vag\u00f3n qued\u00f3 parcialmente suspendido y los otros dos vagones quedaron sin da\u00f1os graves. A bordo, precis\u00f3, viajaban unas 250 personas.<\/p>\n\n\n\n<p>De acuerdo con el almirante, nueve personas fueron atendidas en sitio, 109 atendidas en hospital, de los cuales 44 se mantienen hospitalizadas y confirm\u00f3 el fallecimiento de 13 personas.<\/p>\n\n\n\n<p>\u201cDe esas 13 personas hemos localizado 12 y una contin\u00faa en labores de rescate\u201d, asever\u00f3.<\/p>\n\n\n\n<p>Morales \u00c1ngeles indic\u00f3 que desde el primer momento se activaron los protocolos de emergencia y que participaron la Secretar\u00eda de Marina, la Cruz Roja, la Secretar\u00eda de la Defensa Nacional, Protecci\u00f3n Civil y el Grupo Ferroviario del Sureste.<\/p>\n\n\n\n<p>Asimismo, se\u00f1al\u00f3 que antes del accidente se realiz\u00f3 la inspecci\u00f3n habitual de la v\u00eda con un veh\u00edculo explorador.<\/p>\n\n\n\n<p>\u201cEn esta ocasi\u00f3n, el explorador inform\u00f3 que las v\u00edas se encontraban en buenas condiciones operativas para circular el tren\u201d, afirm\u00f3.<\/p>\n\n\n\n<p>Por su parte, el director del Instituto Mexicano del Seguro Social (IMSS), Zo\u00e9 Robledo, inform\u00f3 que no hay pacientes en riesgo de muerte.<\/p>\n\n\n\n<p>\u201cNo hay en este momento ning\u00fan paciente que tenga riesgo de vida\u201d, dijo, y detall\u00f3 que 16 personas permanecen hospitalizadas en Salina Cruz, algunas con fracturas que ser\u00e1n intervenidas quir\u00fargicamente.<\/p>\n\n\n\n<p>En el mismo sentido, el director del IMSS-Bienestar, Alejandro Svarch P\u00e9rez, asegur\u00f3 que \u201cla atenci\u00f3n est\u00e1 garantizada\u201d y que todos los pacientes cuentan con seguimiento m\u00e9dico permanente.(Fuente:XEU)<\/p>\n","protected":false},"excerpt":{"rendered":"<p>(Redacci\u00f3n) Afirm\u00f3 que se mantendr\u00e1 informando conforme avancen las investigaciones y anunci\u00f3 que m\u00e1s tarde se trasladar\u00e1 a Oaxaca para hablar con las familias de las v\u00edctimas Ciudad de M\u00e9xico 29 de diciembre de 2025.-La presidenta Claudia Sheinbaum envi\u00f3 su p\u00e9same a las familias de los fallecidos y anunci\u00f3 tres acciones prioritarias para atender la [&hellip;]<\/p>\n","protected":false},"author":6,"featured_media":250775,"comment_status":"open","ping_status":"open","sticky":false,"template":"","format":"standard","meta":{"footnotes":""},"categories":[8],"tags":[],"class_list":["post-250774","post","type-post","status-publish","format-standard","has-post-thumbnail","hentry","category-pais","entry","has-media"],"jetpack_featured_media_url":"http:\/\/vertienteglobal.com\/wp-content\/uploads\/2025\/12\/1000881248.jpg","_links":{"self":[{"href":"http:\/\/vertienteglobal.com\/index.php?rest_route=\/wp\/v2\/posts\/250774","targetHints":{"allow":["GET"]}}],"collection":[{"href":"http:\/\/vertienteglobal.com\/index.php?rest_route=\/wp\/v2\/posts"}],"about":[{"href":"http:\/\/vertienteglobal.com\/index.php?rest_route=\/wp\/v2\/types\/post"}],"author":[{"embeddable":true,"href":"http:\/\/vertienteglobal.com\/index.php?rest_route=\/wp\/v2\/users\/6"}],"replies":[{"embeddable":true,"href":"http:\/\/vertienteglobal.com\/index.php?rest_route=%2Fwp%2Fv2%2Fcomments&post=250774"}],"version-history":[{"count":1,"href":"http:\/\/vertienteglobal.com\/index.php?rest_route=\/wp\/v2\/posts\/250774\/revisions"}],"predecessor-version":[{"id":250776,"href":"http:\/\/vertienteglobal.com\/index.php?rest_route=\/wp\/v2\/posts\/250774\/revisions\/250776"}],"wp:featuredmedia":[{"embeddable":true,"href":"http:\/\/vertienteglobal.com\/index.php?rest_route=\/wp\/v2\/media\/250775"}],"wp:attachment":[{"href":"http:\/\/vertienteglobal.com\/index.php?rest_route=%2Fwp%2Fv2%2Fmedia&parent=250774"}],"wp:term":[{"taxonomy":"category","embeddable":true,"href":"http:\/\/vertienteglobal.com\/index.php?rest_route=%2Fwp%2Fv2%2Fcategories&post=250774"},{"taxonomy":"post_tag","embeddable":true,"href":"http:\/\/vertienteglobal.com\/index.php?rest_route=%2Fwp%2Fv2%2Ftags&post=250774"}],"curies":[{"name":"wp","href":"https:\/\/api.w.org\/{rel}","templated":true}]}}