{"id":250713,"date":"2025-12-22T18:54:00","date_gmt":"2025-12-23T00:54:00","guid":{"rendered":"http:\/\/vertienteglobal.com\/?p=250713"},"modified":"2025-12-29T08:21:49","modified_gmt":"2025-12-29T14:21:49","slug":"el-gobernador-joaquin-diaz-mena-reconoce-a-elementos-de-la-ssp-por-anos-de-servicio-y-meritos","status":"publish","type":"post","link":"http:\/\/vertienteglobal.com\/?p=250713","title":{"rendered":"El Gobernador Joaqu\u00edn D\u00edaz Mena reconoce a elementos de la SSP por a\u00f1os de servicio y m\u00e9ritos"},"content":{"rendered":"\n<div class=\"twitterbutton\" style=\"float: right; padding-left: 5px;\"><a href=\"http:\/\/twitter.com\/share\" class=\"twitter-share-button\" data-count=\"horizontal\" data-text=\"El Gobernador Joaqu\u00edn D\u00edaz Mena reconoce a elementos de la SSP por a\u00f1os de se...\" data-via=\"https:\/\/twitter.com\/VertienteGloba1\" data-url=\"http:\/\/vertienteglobal.com\/?p=250713\" data-lang=\"es\" data-related=\"Informaci\u00f3n general:S\u00edguenos para que est\u00e9ss informado\"><\/a><\/div>\n<figure class=\"wp-block-image size-full\"><img loading=\"lazy\" decoding=\"async\" width=\"665\" height=\"443\" src=\"http:\/\/vertienteglobal.com\/wp-content\/uploads\/2025\/12\/1000879635.jpg\" alt=\"\" class=\"wp-image-250714\" srcset=\"http:\/\/vertienteglobal.com\/wp-content\/uploads\/2025\/12\/1000879635.jpg 665w, http:\/\/vertienteglobal.com\/wp-content\/uploads\/2025\/12\/1000879635-300x200.jpg 300w, http:\/\/vertienteglobal.com\/wp-content\/uploads\/2025\/12\/1000879635-150x100.jpg 150w\" sizes=\"auto, (max-width: 665px) 100vw, 665px\" \/><\/figure>\n\n\n\n<p>(Redacci\u00f3n)<\/p>\n\n\n\n<p><em>Con motivo del D\u00eda del Polic\u00eda, entreg\u00f3 reconocimientos y est\u00edmulos econ\u00f3micos a personal operativo, bomberil, param\u00e9dico y administrativo, y destac\u00f3 la coordinaci\u00f3n con fuerzas federales<\/em><\/p>\n\n\n\n<p>M\u00e9rida, Yucat\u00e1n,22 de diciembre de 2025.-El Gobernador Joaqu\u00edn D\u00edaz Mena encabez\u00f3 la entrega de reconocimientos e incentivos econ\u00f3micos a elementos de la Secretar\u00eda de Seguridad P\u00fablica de Yucat\u00e1n, por sus a\u00f1os de servicio, m\u00e9ritos y actuaciones destacadas, con motivo del D\u00eda del Polic\u00eda.<br>\u00a0<br>\u201cHoy les decimos gracias a esas mujeres y hombres como ustedes, porque gracias a su trabajo, Yucat\u00e1n es hoy, con mucho orgullo, el estado m\u00e1s seguro de M\u00e9xico. No es casualidad: es resultado de la disciplina y el amor al pueblo con el que ustedes sirven a su estado. Aqu\u00ed est\u00e1n quienes sostienen lo m\u00e1s valioso que tenemos: la seguridad, que nos permite vivir tranquilos, trabajar con confianza y ver crecer a nuestras hijas y a nuestros hijos sin miedo\u201d, indic\u00f3.<br>\u00a0<br>En presencia del secretario de Seguridad P\u00fablica, Luis Felipe Said\u00e9n Ojeda, el Gobernador destac\u00f3 que con este evento se reconoce el trabajo, el deber y la valent\u00eda de las y los polic\u00edas, bomberos, param\u00e9dicos y personal administrativo que integran la SSP, especialmente de quienes han cumplido 20, 30 y 35 a\u00f1os de servicio y trabajan d\u00eda a d\u00eda para mantener la paz y seguridad que caracteriza a la entidad.<br>\u00a0<br>En compa\u00f1\u00eda de la Presidenta Honoraria del DIF Yucat\u00e1n, la Mtra. Wendy M\u00e9ndez Naal, D\u00edaz Mena resalt\u00f3 que dichas condiciones tambi\u00e9n son resultado del liderazgo del titular de la SSP, quien, dijo, ha construido una corporaci\u00f3n profesional, s\u00f3lida y cercana a la gente, caracterizada por su valent\u00eda, decisi\u00f3n y profundo sentido del deber.<br>\u00a0<br>\u201cLa ciudadan\u00eda espera profesionalismo, cercan\u00eda y honestidad. Y esa exigencia tiene que ir acompa\u00f1ada de un gobierno que cumpla su parte: fortaleciendo la corporaci\u00f3n, mejorando las condiciones laborales, cuidando la salud f\u00edsica y emocional del personal, y apostando por el equipamiento necesario y la capacitaci\u00f3n. La seguridad se construye con trabajo serio, planeaci\u00f3n y decisiones firmes. Por eso agradezco la coordinaci\u00f3n que hemos tenido en todo momento con las Fuerzas Federales, la Secretar\u00eda de la Defensa, la Secretar\u00eda de Marina y la Guardia Nacional\u201d, asegur\u00f3.<br>\u00a0<br>Por ello, el mandatario estatal agradeci\u00f3 el respaldo del secretario de Seguridad y Protecci\u00f3n Ciudadana, Omar Garc\u00eda Harfuch, y el apoyo incondicional de la Presidenta de M\u00e9xico, Claudia Sheinbaum Pardo, quien, agreg\u00f3, lo congratul\u00f3 durante la \u00faltima sesi\u00f3n del Consejo Nacional de Seguridad por la disminuci\u00f3n de homicidios dolosos registrada en 2025.<br>\u00a0<br>\u201cEste reconocimiento es para sus esposas, esposos, sus hijas e hijos, que se sienten orgullosos de ustedes. En Yucat\u00e1n se respeta al polic\u00eda y se le reconoce, se le cuida. La paz que disfrutamos no se va a poner en riesgo. Vamos a defenderla con responsabilidad y la certeza de que este estado cuenta con una corporaci\u00f3n comprometida, con un liderazgo firme que la hace ser la mejor corporaci\u00f3n policiaca de todo M\u00e9xico\u201d, enfatiz\u00f3.<br>\u00a0<br>En su turno, el secretario de Seguridad P\u00fablica, Luis Felipe Said\u00e9n Ojeda, resalt\u00f3 la importancia de esta celebraci\u00f3n, la cual dijo haber conmemorado durante 24 a\u00f1os en la entidad, al frente de una de las mejores polic\u00edas de la Rep\u00fablica y de sus integrantes, quienes, asegur\u00f3, realizan su labor diaria para proteger y servir a las personas que habitan en Yucat\u00e1n.<br>\u00a0<br>Asimismo, Said\u00e9n Ojeda inform\u00f3 que, en lo que va del a\u00f1o, la SSP ha atendido un mill\u00f3n 356 mil 690 llamadas al 911 y otorgado 43,678 servicios de ambulancia, con resultado favorable en el 100% de los casos atendidos, gracias a la respuesta oportuna del personal param\u00e9dico.<br>\u00a0<br>Adem\u00e1s, a\u00f1adi\u00f3, el cuerpo de bomberos otorg\u00f3 15,458 servicios y atendi\u00f3 4,394 incendios forestales, 718 incendios en casa habitaci\u00f3n, 407 incendios de veh\u00edculos y 215 rescates de personas.<br>\u00a0<br>Respecto a los helic\u00f3pteros, coment\u00f3 que se realizaron 449 servicios, 14 b\u00fasquedas de extraviados, 23 b\u00fasquedas mar\u00edtimas, seis traslados de emergencias m\u00e9dicas y recorridos preventivos en toda la entidad, que, junto con el trabajo de los cinco sectores de la ciudad de M\u00e9rida, la Polic\u00eda Metropolitana y las cinco zonas del interior del estado, refuerzan la seguridad en los 106 municipios.<br>\u00a0<br>De manera relevante, el secretario de la SSP report\u00f3 la detenci\u00f3n reciente de una persona que cometi\u00f3 un delito y que, luego de casi dos a\u00f1os de trabajo conjunto con diversas entidades y ayuntamientos, as\u00ed como con el apoyo de la X Regi\u00f3n Militar, fue detenida en el estado de Quintana Roo.<br>\u00a0<br>\u201cNo debe quedar impune ning\u00fan delito en el estado y las instrucciones que tenemos del Gobernador son que los vamos a buscar donde est\u00e9n, los vamos a capturar y los vamos a presentar ante la ley. Es importante porque no vamos a permitir que se genere impunidad en Yucat\u00e1n; quien venga a delinquir sabr\u00e1 que lo vamos a buscar en cualquier parte de la Rep\u00fablica\u201d, expres\u00f3.<br>\u00a0<br>Para finalizar, el titular de la SSP reconoci\u00f3 la labor de la Polic\u00eda Estatal de Investigaci\u00f3n (PEI) y de la Fiscal\u00eda General del Estado, la cual, dijo, ha contribuido a registrar este a\u00f1o una reducci\u00f3n del 35% de homicidios y del 10% en feminicidios, respecto al a\u00f1o pasado.<br>\u00a0<br>En su participaci\u00f3n, la presidenta del Consejo Coordinador Empresarial (CCE) en Yucat\u00e1n, Claudia Gonz\u00e1lez G\u00f3ngora, destac\u00f3 que con este evento se reconoce y agradece el compromiso y la labor diaria, no siempre visible, de las y los polic\u00edas, quienes con disciplina y vocaci\u00f3n brindan tranquilidad a las familias, confianza a la sociedad y certeza al desarrollo de Yucat\u00e1n.<br>\u00a0<br>Durante el evento tambi\u00e9n se entreg\u00f3 la condecoraci\u00f3n al M\u00e9rito Policial al suboficial Jos\u00e9 Natividad Quintal Arag\u00f3n y al polic\u00eda tercero Francisco Javier Tucuch Uc, quienes recibieron un reconocimiento, una medalla conmemorativa y un est\u00edmulo econ\u00f3mico por su destacada actuaci\u00f3n, por su valent\u00eda, audacia y esmero en el cumplimiento del deber.<br>\u00a0<br>Participaron en este evento el comandante interino de la X Regi\u00f3n Militar, general de brigada de Estado Mayor Crist\u00f3bal Lozano Mosqueda; el coordinador territorial de la Guardia Nacional del Sureste, general de brigada D.E.M. Juan Carlos Guzm\u00e1n Giadans; el comandante de la IX Zona Naval, vicealmirante C.G.D.E.M. H\u00e9ctor Rafael Sol\u00eds Hern\u00e1ndez; y el presidente de la Junta de Gobierno y Coordinaci\u00f3n Pol\u00edtica del Congreso del Estado, Wilmer Manuel Monforte Marfil.<br>\u00a0<br>Asimismo, asistieron la presidenta del Tribunal Superior de Justicia y del Consejo de la Judicatura del Estado de Yucat\u00e1n, Erika Beatriz Torres L\u00f3pez; la diputada federal y presidenta de la Comisi\u00f3n de Seguridad en la C\u00e1mara de Diputados, Jessica Said\u00e9n Quiroz; el secretario general de Gobierno, Omar P\u00e9rez Avil\u00e9s; la presidenta municipal de M\u00e9rida, Cecilia Patr\u00f3n Laviada; el comandante interino de la Base A\u00e9rea Militar N\u00famero 8, general piloto aviador D.E.M. Ernesto Vel\u00e1zquez Montoya; el coordinador estatal de la Guardia Nacional en Yucat\u00e1n, general brigadier G.N.E.M. Isidoro C\u00e1zares Cruz; y el fiscal general del Estado, Juan Manuel Le\u00f3n Le\u00f3n. Tambi\u00e9n acudieron diplom\u00e1ticos de Estados Unidos y Cuba, as\u00ed como representantes de los tres \u00f3rdenes de gobierno y de c\u00e1maras empresariales.<\/p>\n\n\n\n<figure class=\"wp-block-image size-full\"><img loading=\"lazy\" decoding=\"async\" width=\"665\" height=\"443\" src=\"http:\/\/vertienteglobal.com\/wp-content\/uploads\/2025\/12\/1000879636.jpg\" alt=\"\" class=\"wp-image-250715\" srcset=\"http:\/\/vertienteglobal.com\/wp-content\/uploads\/2025\/12\/1000879636.jpg 665w, http:\/\/vertienteglobal.com\/wp-content\/uploads\/2025\/12\/1000879636-300x200.jpg 300w, http:\/\/vertienteglobal.com\/wp-content\/uploads\/2025\/12\/1000879636-150x100.jpg 150w\" sizes=\"auto, (max-width: 665px) 100vw, 665px\" \/><\/figure>\n\n\n\n<figure class=\"wp-block-image size-full\"><img loading=\"lazy\" decoding=\"async\" width=\"665\" height=\"443\" src=\"http:\/\/vertienteglobal.com\/wp-content\/uploads\/2025\/12\/1000879637.jpg\" alt=\"\" class=\"wp-image-250716\" srcset=\"http:\/\/vertienteglobal.com\/wp-content\/uploads\/2025\/12\/1000879637.jpg 665w, http:\/\/vertienteglobal.com\/wp-content\/uploads\/2025\/12\/1000879637-300x200.jpg 300w, http:\/\/vertienteglobal.com\/wp-content\/uploads\/2025\/12\/1000879637-150x100.jpg 150w\" sizes=\"auto, (max-width: 665px) 100vw, 665px\" \/><\/figure>\n\n\n\n<figure class=\"wp-block-image size-full\"><img loading=\"lazy\" decoding=\"async\" width=\"665\" height=\"443\" src=\"http:\/\/vertienteglobal.com\/wp-content\/uploads\/2025\/12\/1000879638.jpg\" alt=\"\" class=\"wp-image-250717\" srcset=\"http:\/\/vertienteglobal.com\/wp-content\/uploads\/2025\/12\/1000879638.jpg 665w, http:\/\/vertienteglobal.com\/wp-content\/uploads\/2025\/12\/1000879638-300x200.jpg 300w, http:\/\/vertienteglobal.com\/wp-content\/uploads\/2025\/12\/1000879638-150x100.jpg 150w\" sizes=\"auto, (max-width: 665px) 100vw, 665px\" \/><\/figure>\n\n\n\n<figure class=\"wp-block-image size-full\"><img loading=\"lazy\" decoding=\"async\" width=\"665\" height=\"443\" src=\"http:\/\/vertienteglobal.com\/wp-content\/uploads\/2025\/12\/1000879639.jpg\" alt=\"\" class=\"wp-image-250718\" srcset=\"http:\/\/vertienteglobal.com\/wp-content\/uploads\/2025\/12\/1000879639.jpg 665w, http:\/\/vertienteglobal.com\/wp-content\/uploads\/2025\/12\/1000879639-300x200.jpg 300w, http:\/\/vertienteglobal.com\/wp-content\/uploads\/2025\/12\/1000879639-150x100.jpg 150w\" sizes=\"auto, (max-width: 665px) 100vw, 665px\" \/><\/figure>\n\n\n\n<figure class=\"wp-block-image size-full\"><img loading=\"lazy\" decoding=\"async\" width=\"665\" height=\"443\" src=\"http:\/\/vertienteglobal.com\/wp-content\/uploads\/2025\/12\/1000879640.jpg\" alt=\"\" class=\"wp-image-250719\" srcset=\"http:\/\/vertienteglobal.com\/wp-content\/uploads\/2025\/12\/1000879640.jpg 665w, http:\/\/vertienteglobal.com\/wp-content\/uploads\/2025\/12\/1000879640-300x200.jpg 300w, http:\/\/vertienteglobal.com\/wp-content\/uploads\/2025\/12\/1000879640-150x100.jpg 150w\" sizes=\"auto, (max-width: 665px) 100vw, 665px\" \/><\/figure>\n\n\n\n<figure class=\"wp-block-image size-full\"><img loading=\"lazy\" decoding=\"async\" width=\"665\" height=\"443\" src=\"http:\/\/vertienteglobal.com\/wp-content\/uploads\/2025\/12\/1000879641.jpg\" alt=\"\" class=\"wp-image-250720\" srcset=\"http:\/\/vertienteglobal.com\/wp-content\/uploads\/2025\/12\/1000879641.jpg 665w, http:\/\/vertienteglobal.com\/wp-content\/uploads\/2025\/12\/1000879641-300x200.jpg 300w, http:\/\/vertienteglobal.com\/wp-content\/uploads\/2025\/12\/1000879641-150x100.jpg 150w\" sizes=\"auto, (max-width: 665px) 100vw, 665px\" \/><\/figure>\n","protected":false},"excerpt":{"rendered":"<p>(Redacci\u00f3n) Con motivo del D\u00eda del Polic\u00eda, entreg\u00f3 reconocimientos y est\u00edmulos econ\u00f3micos a personal operativo, bomberil, param\u00e9dico y administrativo, y destac\u00f3 la coordinaci\u00f3n con fuerzas federales M\u00e9rida, Yucat\u00e1n,22 de diciembre de 2025.-El Gobernador Joaqu\u00edn D\u00edaz Mena encabez\u00f3 la entrega de reconocimientos e incentivos econ\u00f3micos a elementos de la Secretar\u00eda de Seguridad P\u00fablica de Yucat\u00e1n, por [&hellip;]<\/p>\n","protected":false},"author":6,"featured_media":250714,"comment_status":"open","ping_status":"open","sticky":false,"template":"","format":"standard","meta":{"footnotes":""},"categories":[2],"tags":[],"class_list":["post-250713","post","type-post","status-publish","format-standard","has-post-thumbnail","hentry","category-yucatan","entry","has-media"],"jetpack_featured_media_url":"http:\/\/vertienteglobal.com\/wp-content\/uploads\/2025\/12\/1000879635.jpg","_links":{"self":[{"href":"http:\/\/vertienteglobal.com\/index.php?rest_route=\/wp\/v2\/posts\/250713","targetHints":{"allow":["GET"]}}],"collection":[{"href":"http:\/\/vertienteglobal.com\/index.php?rest_route=\/wp\/v2\/posts"}],"about":[{"href":"http:\/\/vertienteglobal.com\/index.php?rest_route=\/wp\/v2\/types\/post"}],"author":[{"embeddable":true,"href":"http:\/\/vertienteglobal.com\/index.php?rest_route=\/wp\/v2\/users\/6"}],"replies":[{"embeddable":true,"href":"http:\/\/vertienteglobal.com\/index.php?rest_route=%2Fwp%2Fv2%2Fcomments&post=250713"}],"version-history":[{"count":1,"href":"http:\/\/vertienteglobal.com\/index.php?rest_route=\/wp\/v2\/posts\/250713\/revisions"}],"predecessor-version":[{"id":250721,"href":"http:\/\/vertienteglobal.com\/index.php?rest_route=\/wp\/v2\/posts\/250713\/revisions\/250721"}],"wp:featuredmedia":[{"embeddable":true,"href":"http:\/\/vertienteglobal.com\/index.php?rest_route=\/wp\/v2\/media\/250714"}],"wp:attachment":[{"href":"http:\/\/vertienteglobal.com\/index.php?rest_route=%2Fwp%2Fv2%2Fmedia&parent=250713"}],"wp:term":[{"taxonomy":"category","embeddable":true,"href":"http:\/\/vertienteglobal.com\/index.php?rest_route=%2Fwp%2Fv2%2Fcategories&post=250713"},{"taxonomy":"post_tag","embeddable":true,"href":"http:\/\/vertienteglobal.com\/index.php?rest_route=%2Fwp%2Fv2%2Ftags&post=250713"}],"curies":[{"name":"wp","href":"https:\/\/api.w.org\/{rel}","templated":true}]}}