{"id":250643,"date":"2025-12-28T14:55:00","date_gmt":"2025-12-28T20:55:00","guid":{"rendered":"http:\/\/vertienteglobal.com\/?p=250643"},"modified":"2025-12-28T19:56:27","modified_gmt":"2025-12-29T01:56:27","slug":"fgr-inicia-investigacion-por-el-descarrilamiento-del-tren-interoceanico-en-oaxaca","status":"publish","type":"post","link":"http:\/\/vertienteglobal.com\/?p=250643","title":{"rendered":"FGR inicia investigaci\u00f3n por el descarrilamiento del Tren Interoce\u00e1nico en Oaxaca"},"content":{"rendered":"\n<div class=\"twitterbutton\" style=\"float: right; padding-left: 5px;\"><a href=\"http:\/\/twitter.com\/share\" class=\"twitter-share-button\" data-count=\"horizontal\" data-text=\"FGR inicia investigaci\u00f3n por el descarrilamiento del Tren Interoce\u00e1nico en Oax...\" data-via=\"https:\/\/twitter.com\/VertienteGloba1\" data-url=\"http:\/\/vertienteglobal.com\/?p=250643\" data-lang=\"es\" data-related=\"Informaci\u00f3n general:S\u00edguenos para que est\u00e9ss informado\"><\/a><\/div>\n<figure class=\"wp-block-image size-full\"><img loading=\"lazy\" decoding=\"async\" width=\"614\" height=\"409\" src=\"http:\/\/vertienteglobal.com\/wp-content\/uploads\/2025\/12\/1000878985.jpg\" alt=\"\" class=\"wp-image-250644\" srcset=\"http:\/\/vertienteglobal.com\/wp-content\/uploads\/2025\/12\/1000878985.jpg 614w, http:\/\/vertienteglobal.com\/wp-content\/uploads\/2025\/12\/1000878985-300x200.jpg 300w, http:\/\/vertienteglobal.com\/wp-content\/uploads\/2025\/12\/1000878985-150x100.jpg 150w\" sizes=\"auto, (max-width: 614px) 100vw, 614px\" \/><\/figure>\n\n\n\n<p>(Redacci\u00f3n)<\/p>\n\n\n\n<p>La titular de la Fiscal\u00eda General de la Rep\u00fablica (FGR), Ernestina Godoy, inform\u00f3 que la dependencia inici\u00f3 una carpeta de investigaci\u00f3n para conocer las causas del descarrilamiento de un tren del Corredor Interoce\u00e1nico ocurrido este domingo en Nizanda, Oaxaca, y que dej\u00f3 un saldo de al menos 15 personas heridas.<\/p>\n\n\n\n<p>En su cuenta de X, Godoy Ramos puntualiz\u00f3 que \u201cagentes ministeriales de la Fiscal\u00eda Federal en Oaxaca\u201d, as\u00ed como personal pericial y policial de la Agencia de Investigaci\u00f3n Criminal (AIC) se coordinan con autoridades federales y estatales para llevar a cabo las indagatorias respectivas.<\/p>\n\n\n\n<p>De acuerdo con el primer reporte de la Secretar\u00eda de Marina, el incidente del tren Trans\u00edstmico se registr\u00f3 en el municipio de Asunci\u00f3n Ixtaltepec, sobre la L\u00ednea Z, \u00aben el que viajaban 9 integrantes de la tripulaci\u00f3n y 241 personas pasajeras, a bordo de dos locomotoras y cuatro vagones de pasajeros\u00bb.<\/p>\n\n\n\n<p>La Semar explic\u00f3 que desde el primer momento, se brind\u00f3 atenci\u00f3n inmediata a las personas usuarias y se mantiene coordinaci\u00f3n con las autoridades locales y federales \u201cpara la atenci\u00f3n del suceso, as\u00ed como para el levantamiento de informaci\u00f3n t\u00e9cnica y operativa correspondiente\u00bb.<\/p>\n\n\n\n<figure class=\"wp-block-embed is-type-rich is-provider-twitter wp-block-embed-twitter\"><div class=\"wp-block-embed__wrapper\">\n<div class=\"oceanwp-oembed-wrap clr\"><div class=\"embed-twitter\"><blockquote class=\"twitter-tweet\" data-width=\"550\" data-dnt=\"true\"><p lang=\"es\" dir=\"ltr\">Luego de los hechos ocurridos en el Corredor Interoce\u00e1nico, la <a href=\"https:\/\/twitter.com\/FGRMexico?ref_src=twsrc%5Etfw\">@FGRMexico<\/a> inici\u00f3 una carpeta de investigaci\u00f3n para conocer las causas de lo sucedido. Agentes ministeriales de la Fiscal\u00eda Federal en Oaxaca, as\u00ed como personal pericial y  policial de la <a href=\"https:\/\/twitter.com\/hashtag\/AIC?src=hash&amp;ref_src=twsrc%5Etfw\">#AIC<\/a> se coordinan con\u2026 <a href=\"https:\/\/t.co\/438pQHGeMi\">pic.twitter.com\/438pQHGeMi<\/a><\/p>&mdash; Ernestina Godoy Ramos (@ErnestinaGodoy_) <a href=\"https:\/\/twitter.com\/ErnestinaGodoy_\/status\/2005368680603955547?ref_src=twsrc%5Etfw\">December 28, 2025<\/a><\/blockquote><script async src=\"https:\/\/platform.twitter.com\/widgets.js\" charset=\"utf-8\"><\/script><\/div><\/div>\n<\/div><\/figure>\n","protected":false},"excerpt":{"rendered":"<p>(Redacci\u00f3n) La titular de la Fiscal\u00eda General de la Rep\u00fablica (FGR), Ernestina Godoy, inform\u00f3 que la dependencia inici\u00f3 una carpeta de investigaci\u00f3n para conocer las causas del descarrilamiento de un tren del Corredor Interoce\u00e1nico ocurrido este domingo en Nizanda, Oaxaca, y que dej\u00f3 un saldo de al menos 15 personas heridas. En su cuenta de [&hellip;]<\/p>\n","protected":false},"author":6,"featured_media":250644,"comment_status":"open","ping_status":"open","sticky":false,"template":"","format":"standard","meta":{"footnotes":""},"categories":[8],"tags":[],"class_list":["post-250643","post","type-post","status-publish","format-standard","has-post-thumbnail","hentry","category-pais","entry","has-media"],"jetpack_featured_media_url":"http:\/\/vertienteglobal.com\/wp-content\/uploads\/2025\/12\/1000878985.jpg","_links":{"self":[{"href":"http:\/\/vertienteglobal.com\/index.php?rest_route=\/wp\/v2\/posts\/250643","targetHints":{"allow":["GET"]}}],"collection":[{"href":"http:\/\/vertienteglobal.com\/index.php?rest_route=\/wp\/v2\/posts"}],"about":[{"href":"http:\/\/vertienteglobal.com\/index.php?rest_route=\/wp\/v2\/types\/post"}],"author":[{"embeddable":true,"href":"http:\/\/vertienteglobal.com\/index.php?rest_route=\/wp\/v2\/users\/6"}],"replies":[{"embeddable":true,"href":"http:\/\/vertienteglobal.com\/index.php?rest_route=%2Fwp%2Fv2%2Fcomments&post=250643"}],"version-history":[{"count":1,"href":"http:\/\/vertienteglobal.com\/index.php?rest_route=\/wp\/v2\/posts\/250643\/revisions"}],"predecessor-version":[{"id":250645,"href":"http:\/\/vertienteglobal.com\/index.php?rest_route=\/wp\/v2\/posts\/250643\/revisions\/250645"}],"wp:featuredmedia":[{"embeddable":true,"href":"http:\/\/vertienteglobal.com\/index.php?rest_route=\/wp\/v2\/media\/250644"}],"wp:attachment":[{"href":"http:\/\/vertienteglobal.com\/index.php?rest_route=%2Fwp%2Fv2%2Fmedia&parent=250643"}],"wp:term":[{"taxonomy":"category","embeddable":true,"href":"http:\/\/vertienteglobal.com\/index.php?rest_route=%2Fwp%2Fv2%2Fcategories&post=250643"},{"taxonomy":"post_tag","embeddable":true,"href":"http:\/\/vertienteglobal.com\/index.php?rest_route=%2Fwp%2Fv2%2Ftags&post=250643"}],"curies":[{"name":"wp","href":"https:\/\/api.w.org\/{rel}","templated":true}]}}