{"id":250448,"date":"2025-12-21T16:24:00","date_gmt":"2025-12-21T22:24:00","guid":{"rendered":"http:\/\/vertienteglobal.com\/?p=250448"},"modified":"2025-12-22T06:15:11","modified_gmt":"2025-12-22T12:15:11","slug":"mara-lezama-y-mary-hernandez-recorren-caminos-ancestrales-y-murales-historicos-en-felipe-carrillo-puerto","status":"publish","type":"post","link":"http:\/\/vertienteglobal.com\/?p=250448","title":{"rendered":"Mara Lezama y Mary Hern\u00e1ndez recorren caminos ancestrales y murales hist\u00f3ricos en Felipe Carrillo Puerto"},"content":{"rendered":"\n<div class=\"twitterbutton\" style=\"float: right; padding-left: 5px;\"><a href=\"http:\/\/twitter.com\/share\" class=\"twitter-share-button\" data-count=\"horizontal\" data-text=\"Mara Lezama y Mary Hern\u00e1ndez recorren caminos ancestrales y murales hist\u00f3ricos...\" data-via=\"https:\/\/twitter.com\/VertienteGloba1\" data-url=\"http:\/\/vertienteglobal.com\/?p=250448\" data-lang=\"es\" data-related=\"Informaci\u00f3n general:S\u00edguenos para que est\u00e9ss informado\"><\/a><\/div>\n<figure class=\"wp-block-image size-large\"><img loading=\"lazy\" decoding=\"async\" width=\"1024\" height=\"683\" src=\"http:\/\/vertienteglobal.com\/wp-content\/uploads\/2025\/12\/1000867174-1024x683.jpg\" alt=\"\" class=\"wp-image-250449\" srcset=\"http:\/\/vertienteglobal.com\/wp-content\/uploads\/2025\/12\/1000867174-1024x683.jpg 1024w, http:\/\/vertienteglobal.com\/wp-content\/uploads\/2025\/12\/1000867174-300x200.jpg 300w, http:\/\/vertienteglobal.com\/wp-content\/uploads\/2025\/12\/1000867174-150x100.jpg 150w, http:\/\/vertienteglobal.com\/wp-content\/uploads\/2025\/12\/1000867174-768x512.jpg 768w, http:\/\/vertienteglobal.com\/wp-content\/uploads\/2025\/12\/1000867174.jpg 1280w\" sizes=\"auto, (max-width: 1024px) 100vw, 1024px\" \/><\/figure>\n\n\n\n<p>(Redacci\u00f3n)<\/p>\n\n\n\n<p>Un proyecto que impulsa la identidad cultural, la historia y el turismo comunitario del coraz\u00f3n de la Zona Maya de Quintana Roo<\/p>\n\n\n\n<p>Felipe Carrillo Puerto, Quintana Roo 21 de diciembre de 2025.\u2013 La gobernadora Mara Lezama Espinosa acompa\u00f1\u00f3 a la presidenta municipal Mary Hern\u00e1ndez en un recorrido por las calles y murales de Felipe Carrillo Puerto, donde constataron los avances del proyecto Caminos Ancestrales, una iniciativa que rescata la memoria hist\u00f3rica, fortalece la identidad cultural y transforma el espacio p\u00fablico con visi\u00f3n social.<\/p>\n\n\n\n<p>Durante la caminata, ambas autoridades destacaron que este proyecto se inspira en los Senderos Seguros, impulsados a nivel nacional por la presidenta Claudia Sheinbaum, y que en Felipe Carrillo Puerto se traduce en un modelo integral que combina arte urbano, seguridad, movilidad y turismo comunitario.<\/p>\n\n\n\n<p>Mary Hern\u00e1ndez explic\u00f3 que esta es la primera etapa del proyecto y que se contempla su continuidad en 2026. Actualmente, se trabaja en la muralizaci\u00f3n de personajes hist\u00f3ricos de la Guerra de Castas, as\u00ed como escenas que narran la historia, la gastronom\u00eda, la cultura y la vida cotidiana del municipio.<\/p>\n\n\n\n<p>La presidenta municipal subray\u00f3 que el proyecto es parte de la Cuarta Transformaci\u00f3n, donde los recursos del pueblo regresan al pueblo, permitiendo que Maya ka\u2019an siga floreciendo con mayor fuerza. A\u00f1adi\u00f3 que ya se han instalado sem\u00e1foros inteligentes, pasos peatonales seguros y alumbrado tipo velarias, con un avance aproximado del 70 por ciento.<\/p>\n\n\n\n<p>Destac\u00f3 adem\u00e1s que los murales son realizados por artistas carrilloportenses, quienes est\u00e1n dejando un legado cultural en su propia ciudad, en un trabajo coordinado entre el Gobierno del Estado, el Ayuntamiento y la ciudadan\u00eda.<\/p>\n\n\n\n<p>En ese sentido, se lanz\u00f3 una convocatoria abierta para que la poblaci\u00f3n proponga qu\u00e9 mujeres carrilloportenses deben ser homenajeadas en los nuevos murales, en el Teatro de la Ciudad, en un ejercicio de cocreaci\u00f3n comunitaria.<\/p>\n\n\n\n<p>Por su parte, la gobernadora Mara Lezama reconoci\u00f3 el liderazgo de Mary Hern\u00e1ndez y celebr\u00f3 que este proyecto no solo ser\u00e1 un nuevo atractivo tur\u00edstico, sino tambi\u00e9n una forma de mantener viva la historia de Felipe Carrillo Puerto, marcada por la resistencia, el dolor, pero tambi\u00e9n por la grandeza de las culturas ind\u00edgenas.<\/p>\n\n\n\n<p>\u201cEstos caminos ancestrales cuentan qui\u00e9nes somos, honran a nuestra gente y ponen al centro a la comunidad y al turismo con rostro humano\u201d, expres\u00f3 la Gobernadora, al reiterar su respaldo a las acciones que fortalecen al municipio como uno de los destinos m\u00e1s importantes del estado y del pa\u00eds por su riqueza cultural.<\/p>\n\n\n\n<p>El recorrido concluy\u00f3 con un llamado a la unidad para seguir transformando Felipe Carrillo Puerto, consolidando los Caminos Ancestrales como un espacio de memoria, identidad y orgullo para las y los carrilloportenses<\/p>\n\n\n\n<figure class=\"wp-block-image size-full\"><img loading=\"lazy\" decoding=\"async\" width=\"585\" height=\"390\" src=\"http:\/\/vertienteglobal.com\/wp-content\/uploads\/2025\/12\/1000867175.jpg\" alt=\"\" class=\"wp-image-250450\" srcset=\"http:\/\/vertienteglobal.com\/wp-content\/uploads\/2025\/12\/1000867175.jpg 585w, http:\/\/vertienteglobal.com\/wp-content\/uploads\/2025\/12\/1000867175-300x200.jpg 300w, http:\/\/vertienteglobal.com\/wp-content\/uploads\/2025\/12\/1000867175-150x100.jpg 150w\" sizes=\"auto, (max-width: 585px) 100vw, 585px\" \/><\/figure>\n\n\n\n<figure class=\"wp-block-image size-full\"><img loading=\"lazy\" decoding=\"async\" width=\"585\" height=\"390\" src=\"http:\/\/vertienteglobal.com\/wp-content\/uploads\/2025\/12\/1000867176.jpg\" alt=\"\" class=\"wp-image-250451\" srcset=\"http:\/\/vertienteglobal.com\/wp-content\/uploads\/2025\/12\/1000867176.jpg 585w, http:\/\/vertienteglobal.com\/wp-content\/uploads\/2025\/12\/1000867176-300x200.jpg 300w, http:\/\/vertienteglobal.com\/wp-content\/uploads\/2025\/12\/1000867176-150x100.jpg 150w\" sizes=\"auto, (max-width: 585px) 100vw, 585px\" \/><\/figure>\n\n\n\n<figure class=\"wp-block-image size-full\"><img loading=\"lazy\" decoding=\"async\" width=\"585\" height=\"390\" src=\"http:\/\/vertienteglobal.com\/wp-content\/uploads\/2025\/12\/1000867177.jpg\" alt=\"\" class=\"wp-image-250452\" srcset=\"http:\/\/vertienteglobal.com\/wp-content\/uploads\/2025\/12\/1000867177.jpg 585w, http:\/\/vertienteglobal.com\/wp-content\/uploads\/2025\/12\/1000867177-300x200.jpg 300w, http:\/\/vertienteglobal.com\/wp-content\/uploads\/2025\/12\/1000867177-150x100.jpg 150w\" sizes=\"auto, (max-width: 585px) 100vw, 585px\" \/><\/figure>\n\n\n\n<figure class=\"wp-block-image size-full\"><img loading=\"lazy\" decoding=\"async\" width=\"585\" height=\"390\" src=\"http:\/\/vertienteglobal.com\/wp-content\/uploads\/2025\/12\/1000867178.jpg\" alt=\"\" class=\"wp-image-250453\" srcset=\"http:\/\/vertienteglobal.com\/wp-content\/uploads\/2025\/12\/1000867178.jpg 585w, http:\/\/vertienteglobal.com\/wp-content\/uploads\/2025\/12\/1000867178-300x200.jpg 300w, http:\/\/vertienteglobal.com\/wp-content\/uploads\/2025\/12\/1000867178-150x100.jpg 150w\" sizes=\"auto, (max-width: 585px) 100vw, 585px\" \/><\/figure>\n","protected":false},"excerpt":{"rendered":"<p>(Redacci\u00f3n) Un proyecto que impulsa la identidad cultural, la historia y el turismo comunitario del coraz\u00f3n de la Zona Maya de Quintana Roo Felipe Carrillo Puerto, Quintana Roo 21 de diciembre de 2025.\u2013 La gobernadora Mara Lezama Espinosa acompa\u00f1\u00f3 a la presidenta municipal Mary Hern\u00e1ndez en un recorrido por las calles y murales de Felipe [&hellip;]<\/p>\n","protected":false},"author":6,"featured_media":250449,"comment_status":"open","ping_status":"open","sticky":false,"template":"","format":"standard","meta":{"footnotes":""},"categories":[3],"tags":[],"class_list":["post-250448","post","type-post","status-publish","format-standard","has-post-thumbnail","hentry","category-quintana-roo","entry","has-media"],"jetpack_featured_media_url":"http:\/\/vertienteglobal.com\/wp-content\/uploads\/2025\/12\/1000867174.jpg","_links":{"self":[{"href":"http:\/\/vertienteglobal.com\/index.php?rest_route=\/wp\/v2\/posts\/250448","targetHints":{"allow":["GET"]}}],"collection":[{"href":"http:\/\/vertienteglobal.com\/index.php?rest_route=\/wp\/v2\/posts"}],"about":[{"href":"http:\/\/vertienteglobal.com\/index.php?rest_route=\/wp\/v2\/types\/post"}],"author":[{"embeddable":true,"href":"http:\/\/vertienteglobal.com\/index.php?rest_route=\/wp\/v2\/users\/6"}],"replies":[{"embeddable":true,"href":"http:\/\/vertienteglobal.com\/index.php?rest_route=%2Fwp%2Fv2%2Fcomments&post=250448"}],"version-history":[{"count":1,"href":"http:\/\/vertienteglobal.com\/index.php?rest_route=\/wp\/v2\/posts\/250448\/revisions"}],"predecessor-version":[{"id":250454,"href":"http:\/\/vertienteglobal.com\/index.php?rest_route=\/wp\/v2\/posts\/250448\/revisions\/250454"}],"wp:featuredmedia":[{"embeddable":true,"href":"http:\/\/vertienteglobal.com\/index.php?rest_route=\/wp\/v2\/media\/250449"}],"wp:attachment":[{"href":"http:\/\/vertienteglobal.com\/index.php?rest_route=%2Fwp%2Fv2%2Fmedia&parent=250448"}],"wp:term":[{"taxonomy":"category","embeddable":true,"href":"http:\/\/vertienteglobal.com\/index.php?rest_route=%2Fwp%2Fv2%2Fcategories&post=250448"},{"taxonomy":"post_tag","embeddable":true,"href":"http:\/\/vertienteglobal.com\/index.php?rest_route=%2Fwp%2Fv2%2Ftags&post=250448"}],"curies":[{"name":"wp","href":"https:\/\/api.w.org\/{rel}","templated":true}]}}