{"id":250416,"date":"2025-12-21T14:54:00","date_gmt":"2025-12-21T20:54:00","guid":{"rendered":"http:\/\/vertienteglobal.com\/?p=250416"},"modified":"2025-12-21T14:08:32","modified_gmt":"2025-12-21T20:08:32","slug":"el-gobernador-joaquin-diaz-mena-entrega-acciones-de-vivienda-en-cuzama","status":"publish","type":"post","link":"http:\/\/vertienteglobal.com\/?p=250416","title":{"rendered":"El Gobernador Joaqu\u00edn D\u00edaz Mena entrega acciones de vivienda en Cuzam\u00e1\u00a0"},"content":{"rendered":"\n<div class=\"twitterbutton\" style=\"float: right; padding-left: 5px;\"><a href=\"http:\/\/twitter.com\/share\" class=\"twitter-share-button\" data-count=\"horizontal\" data-text=\"El Gobernador Joaqu\u00edn D\u00edaz Mena entrega acciones de vivienda en Cuzam\u00e1\u00a0\" data-via=\"https:\/\/twitter.com\/VertienteGloba1\" data-url=\"http:\/\/vertienteglobal.com\/?p=250416\" data-lang=\"es\" data-related=\"Informaci\u00f3n general:S\u00edguenos para que est\u00e9ss informado\"><\/a><\/div>\n<figure class=\"wp-block-image size-full\"><img loading=\"lazy\" decoding=\"async\" width=\"832\" height=\"554\" src=\"http:\/\/vertienteglobal.com\/wp-content\/uploads\/2025\/12\/1000866030.jpg\" alt=\"\" class=\"wp-image-250417\" srcset=\"http:\/\/vertienteglobal.com\/wp-content\/uploads\/2025\/12\/1000866030.jpg 832w, http:\/\/vertienteglobal.com\/wp-content\/uploads\/2025\/12\/1000866030-300x200.jpg 300w, http:\/\/vertienteglobal.com\/wp-content\/uploads\/2025\/12\/1000866030-150x100.jpg 150w, http:\/\/vertienteglobal.com\/wp-content\/uploads\/2025\/12\/1000866030-768x511.jpg 768w\" sizes=\"auto, (max-width: 832px) 100vw, 832px\" \/><\/figure>\n\n\n\n<p>(Redacci\u00f3n)<\/p>\n\n\n\n<p>Cuzam\u00e1, Yucat\u00e1n, a 21 de diciembre de 2025<br>N\u00famero de comunicado: 25-1913<br>\u00a0<br><br><em>El mandatario comenz\u00f3 la entrega de cuartos habitaci\u00f3n del programa Construyendo Bienestar en la cabecera municipal y en la comisar\u00eda de Eknak\u00e1n, con inversi\u00f3n cercana a\u00a0cuatro millones de pesos.<\/em><br>\u00a0<br>La vivienda es un derecho para las y los habitantes de Yucat\u00e1n, por lo que en el municipio de Cuzam\u00e1 inici\u00f3 la entrega de cuartos habitaci\u00f3n del programa Construyendo Bienestar, con el objetivo de mejorar la calidad de vida y brindar mayor seguridad a familias yucatecas que viven en condiciones de precariedad.<br>\u00a0<br>El programa Construyendo Bienestar contempla una inversi\u00f3n global de 115 millones de pesos, en beneficio de 32 municipios del estado, con acciones dirigidas a personas en situaci\u00f3n de pobreza, mujeres, poblaci\u00f3n ind\u00edgena y personas con discapacidad, a fin de que puedan habitar en condiciones m\u00e1s dignas y fortalecer su patrimonio familiar.<br>\u00a0<br>Al dirigir su mensaje, el Gobernador destac\u00f3 que, con esta iniciativa, se beneficia a las y los habitantes de la cabecera de Cuzam\u00e1 y de la comisar\u00eda de Eknak\u00e1n, con una inversi\u00f3n de casi 4 millones de pesos para la construcci\u00f3n de 30 cuartos habitaci\u00f3n, en beneficio de igual n\u00famero de familias.<br>\u00a0<br>En presencia del presidente municipal de Cuzam\u00e1, Felipe Mario Chin Puc, el mandatario afirm\u00f3 que con el Renacimiento Maya se impulsa la vocaci\u00f3n tur\u00edstica de Cuzam\u00e1 para un desarrollo integral que genere derrama econ\u00f3mica, adem\u00e1s de bienestar y seguridad, para que las familias vivan cada vez mejor con acciones como esta.<br>\u00a0<br>Como parte de este respaldo para las y los habitantes de Cuzam\u00e1, el Gobernador record\u00f3 que en este municipio se construyen ocho kil\u00f3metros de caminos rurales para aligerar el trabajo de las y los productores del campo; se apoya con la adquisici\u00f3n de sementales ovinos; se entregan insumos a 18 apicultores de la comunidad y, a trav\u00e9s del Centro de Salud, se realizan campa\u00f1as de fumigaci\u00f3n y de prevenci\u00f3n de enfermedades.<br>\u00a0<br>Adem\u00e1s, agreg\u00f3 D\u00edaz Mena, se apoya con raciones alimentarias a escuelas del municipio; canastas alimentarias a personas mayores; apoyos de movilidad y funcionales, auxiliares auditivos y cirug\u00edas para personas con discapacidad.<br>\u00a0<br>\u201cEstamos instalando, a trav\u00e9s de la Secretar\u00eda de Educaci\u00f3n, equipamiento con pantallas en el Colegio de Bachilleres para mejorar su infraestructura, y vamos a seguir trabajando a trav\u00e9s del Instituto Yucateco de Emprendedores para que las y los artesanos del municipio contin\u00faen participando en las ferias, a fin de fortalecer la comercializaci\u00f3n de sus artesan\u00edas\u201d, inform\u00f3.<br>Tambi\u00e9n en este municipio, a\u00f1adi\u00f3, se apoya a tres escuelas con el programa La Escuela es Nuestra; y, a trav\u00e9s de la Secretar\u00eda de Turismo, se realiz\u00f3 un levantamiento de prestadores de servicios para que el pr\u00f3ximo a\u00f1o se les entreguen chalecos salvavidas y toldos para sus trucks, a fin de mejorar los servicios del parador tur\u00edstico Xtohil y el cenote Para\u00edso Papacal.<br>\u00a0<br>Nada de esto podr\u00eda ser posible, record\u00f3 el mandatario, sin el respaldo incondicional de la Presidenta de M\u00e9xico, Claudia Sheinbaum Pardo, y gracias a ello se entregan las tarjetas Elvia Carrillo Puerto para madres aut\u00f3nomas de todo Yucat\u00e1n y las tarjetas Felipe Carrillo Puerto para j\u00f3venes que estudian en universidades p\u00fablicas de la ciudad de M\u00e9rida y que no califican para las becas del Gobierno federal.<br>\u00a0<br>\u201cPara m\u00ed todos los municipios son igual de importantes y vamos a seguir trabajando por el bienestar de sus familias. Termino dici\u00e9ndoles que estos cuartos habitaci\u00f3n sean el comienzo de una vida m\u00e1s feliz para sus hijas e hijos, porque cuando una familia vive mejor, Yucat\u00e1n entero se fortalece\u201d, resalt\u00f3.<br>\u00a0<br>Durante su intervenci\u00f3n, el director general del Instituto de Vivienda del Estado de Yucat\u00e1n (IVEY), Felipe Cervera Hern\u00e1ndez, explic\u00f3 que se beneficia a 30 familias con igual n\u00famero de cuartos dormitorio de 14.14 m\u00b2, con cimentaci\u00f3n de piedra, muros de block, losa de vigueta y bovedilla, acabados interiores y exteriores, acabado en azotea, puertas, ventanas e iluminaci\u00f3n con l\u00e1mparas ahorradoras.<br>\u00a0<br>\u201cSe est\u00e1n realizando, al mismo tiempo, en otros 32 municipios del estado, 884 cuartos adicionales para 884 familias que tendr\u00e1n mejores condiciones de vida y desarrollo, con una inversi\u00f3n total aqu\u00ed, en el municipio, de tres millones 807 mil pesos, y en todo el estado de 115 millones 417 mil pesos\u201d, expuso.<br>\u00a0<br>En su turno, la beneficiaria del programa Construyendo Bienestar, Melba Garrido Ix, agradeci\u00f3 este respaldo a nombre de las personas beneficiarias, y afirm\u00f3 que contribuye a mejorar la calidad de vida y ofrecer mayor bienestar a las familias, en especial a sus hijas e hijos.<br>\u00a0<br>\u201cEste cuarto representa seguridad, tranquilidad y esperanza. Es un paso importante para mejorar la calidad de vida y para construir un mejor futuro. Gracias Gobernador por hacer llegar este programa a quienes m\u00e1s lo necesitamos y por pensar en las familias yucatecas para que el bienestar llegue a todas y todos\u201d, se\u00f1al\u00f3.<br>\u00a0<br>Estuvieron presentes la secretaria de Bienestar, F\u00e1tima Perera Salazar; la secretaria de Infraestructura para el Bienestar, Alaine L\u00f3pez Brice\u00f1o; y la diputada local, Alba Cristina Cob Cort\u00e9s.<\/p>\n\n\n\n<figure class=\"wp-block-image size-full\"><img loading=\"lazy\" decoding=\"async\" width=\"512\" height=\"341\" src=\"http:\/\/vertienteglobal.com\/wp-content\/uploads\/2025\/12\/1000866031.jpg\" alt=\"\" class=\"wp-image-250418\" srcset=\"http:\/\/vertienteglobal.com\/wp-content\/uploads\/2025\/12\/1000866031.jpg 512w, http:\/\/vertienteglobal.com\/wp-content\/uploads\/2025\/12\/1000866031-300x200.jpg 300w, http:\/\/vertienteglobal.com\/wp-content\/uploads\/2025\/12\/1000866031-150x100.jpg 150w\" sizes=\"auto, (max-width: 512px) 100vw, 512px\" \/><\/figure>\n\n\n\n<figure class=\"wp-block-image size-full\"><img loading=\"lazy\" decoding=\"async\" width=\"832\" height=\"555\" src=\"http:\/\/vertienteglobal.com\/wp-content\/uploads\/2025\/12\/1000866032.jpg\" alt=\"\" class=\"wp-image-250419\" srcset=\"http:\/\/vertienteglobal.com\/wp-content\/uploads\/2025\/12\/1000866032.jpg 832w, http:\/\/vertienteglobal.com\/wp-content\/uploads\/2025\/12\/1000866032-300x200.jpg 300w, http:\/\/vertienteglobal.com\/wp-content\/uploads\/2025\/12\/1000866032-150x100.jpg 150w, http:\/\/vertienteglobal.com\/wp-content\/uploads\/2025\/12\/1000866032-768x512.jpg 768w\" sizes=\"auto, (max-width: 832px) 100vw, 832px\" \/><\/figure>\n\n\n\n<figure class=\"wp-block-image size-full\"><img loading=\"lazy\" decoding=\"async\" width=\"512\" height=\"287\" src=\"http:\/\/vertienteglobal.com\/wp-content\/uploads\/2025\/12\/1000866033.jpg\" alt=\"\" class=\"wp-image-250420\" srcset=\"http:\/\/vertienteglobal.com\/wp-content\/uploads\/2025\/12\/1000866033.jpg 512w, http:\/\/vertienteglobal.com\/wp-content\/uploads\/2025\/12\/1000866033-300x168.jpg 300w, http:\/\/vertienteglobal.com\/wp-content\/uploads\/2025\/12\/1000866033-150x84.jpg 150w\" sizes=\"auto, (max-width: 512px) 100vw, 512px\" \/><\/figure>\n\n\n\n<figure class=\"wp-block-image size-full\"><img loading=\"lazy\" decoding=\"async\" width=\"832\" height=\"555\" src=\"http:\/\/vertienteglobal.com\/wp-content\/uploads\/2025\/12\/1000866034.jpg\" alt=\"\" class=\"wp-image-250421\" srcset=\"http:\/\/vertienteglobal.com\/wp-content\/uploads\/2025\/12\/1000866034.jpg 832w, http:\/\/vertienteglobal.com\/wp-content\/uploads\/2025\/12\/1000866034-300x200.jpg 300w, http:\/\/vertienteglobal.com\/wp-content\/uploads\/2025\/12\/1000866034-150x100.jpg 150w, http:\/\/vertienteglobal.com\/wp-content\/uploads\/2025\/12\/1000866034-768x512.jpg 768w\" sizes=\"auto, (max-width: 832px) 100vw, 832px\" \/><\/figure>\n","protected":false},"excerpt":{"rendered":"<p>(Redacci\u00f3n) Cuzam\u00e1, Yucat\u00e1n, a 21 de diciembre de 2025N\u00famero de comunicado: 25-1913\u00a0 El mandatario comenz\u00f3 la entrega de cuartos habitaci\u00f3n del programa Construyendo Bienestar en la cabecera municipal y en la comisar\u00eda de Eknak\u00e1n, con inversi\u00f3n cercana a\u00a0cuatro millones de pesos.\u00a0La vivienda es un derecho para las y los habitantes de Yucat\u00e1n, por lo que [&hellip;]<\/p>\n","protected":false},"author":6,"featured_media":250417,"comment_status":"open","ping_status":"open","sticky":false,"template":"","format":"standard","meta":{"footnotes":""},"categories":[2],"tags":[],"class_list":["post-250416","post","type-post","status-publish","format-standard","has-post-thumbnail","hentry","category-yucatan","entry","has-media"],"jetpack_featured_media_url":"http:\/\/vertienteglobal.com\/wp-content\/uploads\/2025\/12\/1000866030.jpg","_links":{"self":[{"href":"http:\/\/vertienteglobal.com\/index.php?rest_route=\/wp\/v2\/posts\/250416","targetHints":{"allow":["GET"]}}],"collection":[{"href":"http:\/\/vertienteglobal.com\/index.php?rest_route=\/wp\/v2\/posts"}],"about":[{"href":"http:\/\/vertienteglobal.com\/index.php?rest_route=\/wp\/v2\/types\/post"}],"author":[{"embeddable":true,"href":"http:\/\/vertienteglobal.com\/index.php?rest_route=\/wp\/v2\/users\/6"}],"replies":[{"embeddable":true,"href":"http:\/\/vertienteglobal.com\/index.php?rest_route=%2Fwp%2Fv2%2Fcomments&post=250416"}],"version-history":[{"count":1,"href":"http:\/\/vertienteglobal.com\/index.php?rest_route=\/wp\/v2\/posts\/250416\/revisions"}],"predecessor-version":[{"id":250422,"href":"http:\/\/vertienteglobal.com\/index.php?rest_route=\/wp\/v2\/posts\/250416\/revisions\/250422"}],"wp:featuredmedia":[{"embeddable":true,"href":"http:\/\/vertienteglobal.com\/index.php?rest_route=\/wp\/v2\/media\/250417"}],"wp:attachment":[{"href":"http:\/\/vertienteglobal.com\/index.php?rest_route=%2Fwp%2Fv2%2Fmedia&parent=250416"}],"wp:term":[{"taxonomy":"category","embeddable":true,"href":"http:\/\/vertienteglobal.com\/index.php?rest_route=%2Fwp%2Fv2%2Fcategories&post=250416"},{"taxonomy":"post_tag","embeddable":true,"href":"http:\/\/vertienteglobal.com\/index.php?rest_route=%2Fwp%2Fv2%2Ftags&post=250416"}],"curies":[{"name":"wp","href":"https:\/\/api.w.org\/{rel}","templated":true}]}}